{"id":881,"date":"2019-04-30T12:35:37","date_gmt":"2019-04-30T11:35:37","guid":{"rendered":"http:\/\/liselotte-andersen.net\/?p=881"},"modified":"2026-01-26T14:22:30","modified_gmt":"2026-01-26T13:22:30","slug":"provence-plus-tv","status":"publish","type":"post","link":"https:\/\/www.liselotte-andersen.net\/it\/medias\/provence-plus-tv\/","title":{"rendered":"SIAC \u2013 Reportage TV \u2013 Rappresento la Danimarca\u2026"},"content":{"rendered":"<p class=\"wp-block-paragraph\"><iframe loading=\"lazy\" src=\"https:\/\/www.youtube.com\/embed\/DQHZW9xD0Bg\" width=\"560\" height=\"315\" frameborder=\"0\" allowfullscreen=\"allowfullscreen\"><\/iframe><\/p>\n\n\n\n<p class=\"wp-block-paragraph\">Pour sa 15\u00e8me \u00e9dition, le Salon International de l\u2019Art Contemporain renforce davantage sa propre identit\u00e9, sa sp\u00e9cificit\u00e9, et plus exactement, son esprit ! Pr\u00e8s de 150 artistes exposants, peintres, sculpteurs, plasticiens, designers, s\u2019y sont investis. De l\u2019acrylique au raku, du bois flott\u00e9 \u00e0 la carrosserie de voiture : toutes les techniques et mat\u00e9riaux sont mises en valeur pour n\u2019en faire jaillir que le beau.<\/p>\n\n\n\n<p class=\"wp-block-paragraph\">L\u2019\u00e9dition 2015 du SIAC s\u2019est inscrit au c\u0153ur d\u2019un mouvement artistique et culturel buco-rhodannien exceptionnel, affichant un rayonnement international sans pr\u00e9c\u00e9dent. Les artistes Fran\u00e7ais les plus en vogue du Sud de la France c\u00f4toient non seulement leurs homologues Europ\u00e9ens : Danois, N\u00e9erlandais, Espagnols. Mais aussi le monde, avec notamment les Etats-Unis, le Zimbawe, ou encore la Guin\u00e9e.<\/p>\n\n\n\n<p class=\"wp-block-paragraph\">Sur plus de 3 000 m2, les artistes vendent leurs \u0153uvres, sans interm\u00e9diaire : une rencontre directe entre l\u2019exposant et le visiteur, un lien imm\u00e9diat entre la cr\u00e9ation et son auteur, voil\u00e0 ce que le SIAC offre \u00e0 ses galeristes, collectionneurs, directeurs d\u2019institutions, artistes et curators ; tous pl\u00e9biscitent la tr\u00e8s grande qualit\u00e9 du SIAC qui allient succ\u00e8s critique et marchand.<\/p>\n\n\n\n<p class=\"wp-block-paragraph\">Plus d&rsquo;info :<br><a href=\"http:\/\/www.siac-marseille.fr\" target=\"_blank\" rel=\"noopener noreferrer\">www.siac-marseille.fr<\/a><\/p>","protected":false},"excerpt":{"rendered":"<p>Pour sa 15\u00e8me \u00e9dition, le Salon International de l\u2019Art Contemporain renforce davantage sa propre identit\u00e9, sa sp\u00e9cificit\u00e9, et plus exactement, son esprit ! Pr\u00e8s de 150 artistes exposants, peintres, sculpteurs, plasticiens, designers, s\u2019y sont investis. De l\u2019acrylique au raku, du bois flott\u00e9 \u00e0 la carrosserie de voiture : toutes les techniques et mat\u00e9riaux sont mises&hellip;<\/p>","protected":false},"author":3,"featured_media":2392,"comment_status":"closed","ping_status":"open","sticky":false,"template":"","format":"standard","meta":{"_acf_changed":false,"footnotes":""},"categories":[70],"tags":[],"class_list":["post-881","post","type-post","status-publish","format-standard","has-post-thumbnail","hentry","category-medias"],"acf":[],"yoast_head":"<!-- This site is optimized with the Yoast SEO plugin v28.4 - https:\/\/yoast.com\/product\/yoast-seo-wordpress\/ -->\n<title>SIAC - Reportage TV - Je repr\u00e9sente le Danemark... - Liselotte Andersen<\/title>\n<meta name=\"robots\" content=\"index, follow, max-snippet:-1, max-image-preview:large, max-video-preview:-1\" \/>\n<link rel=\"canonical\" href=\"http:\/\/www.liselotte-andersen.net\/it\/media\/provence-plus-tv\/\" \/>\n<meta property=\"og:locale\" content=\"it_IT\" \/>\n<meta property=\"og:type\" content=\"article\" \/>\n<meta property=\"og:title\" content=\"SIAC - Reportage TV - Je repr\u00e9sente le Danemark... - Liselotte Andersen\" \/>\n<meta property=\"og:description\" content=\"Pour sa 15\u00e8me \u00e9dition, le Salon International de l\u2019Art Contemporain renforce davantage sa propre identit\u00e9, sa sp\u00e9cificit\u00e9, et plus exactement, son esprit ! Pr\u00e8s de 150 artistes exposants, peintres, sculpteurs, plasticiens, designers, s\u2019y sont investis. De l\u2019acrylique au raku, du bois flott\u00e9 \u00e0 la carrosserie de voiture : toutes les techniques et mat\u00e9riaux sont mises&hellip;\" \/>\n<meta property=\"og:url\" content=\"http:\/\/www.liselotte-andersen.net\/it\/media\/provence-plus-tv\/\" \/>\n<meta property=\"og:site_name\" content=\"Liselotte Andersen\" \/>\n<meta property=\"article:published_time\" content=\"2019-04-30T11:35:37+00:00\" \/>\n<meta property=\"article:modified_time\" content=\"2026-01-26T13:22:30+00:00\" \/>\n<meta property=\"og:image\" content=\"https:\/\/www.liselotte-andersen.net\/wp-content\/uploads\/2015\/04\/Reportage-TV-SIAC-LA-2.png\" \/>\n\t<meta property=\"og:image:width\" content=\"868\" \/>\n\t<meta property=\"og:image:height\" content=\"380\" \/>\n\t<meta property=\"og:image:type\" content=\"image\/png\" \/>\n<meta name=\"author\" content=\"Liselotte\" \/>\n<meta name=\"twitter:card\" content=\"summary_large_image\" \/>\n<meta name=\"twitter:label1\" content=\"Scritto da\" \/>\n\t<meta name=\"twitter:data1\" content=\"Liselotte\" \/>\n\t<meta name=\"twitter:label2\" content=\"Tempo di lettura stimato\" \/>\n\t<meta name=\"twitter:data2\" content=\"1 minuto\" \/>\n<script type=\"application\/ld+json\" class=\"yoast-schema-graph\">{\"@context\":\"https:\\\/\\\/schema.org\",\"@graph\":[{\"@type\":\"Article\",\"@id\":\"http:\\\/\\\/www.liselotte-andersen.net\\\/en\\\/medias\\\/provence-plus-tv\\\/#article\",\"isPartOf\":{\"@id\":\"http:\\\/\\\/www.liselotte-andersen.net\\\/en\\\/medias\\\/provence-plus-tv\\\/\"},\"author\":{\"name\":\"Liselotte\",\"@id\":\"https:\\\/\\\/www.liselotte-andersen.net\\\/#\\\/schema\\\/person\\\/e6287e36a81c443bc328eaa434927efc\"},\"headline\":\"SIAC &#8211; Reportage TV &#8211; Je repr\u00e9sente le Danemark&#8230;\",\"datePublished\":\"2019-04-30T11:35:37+00:00\",\"dateModified\":\"2026-01-26T13:22:30+00:00\",\"mainEntityOfPage\":{\"@id\":\"http:\\\/\\\/www.liselotte-andersen.net\\\/en\\\/medias\\\/provence-plus-tv\\\/\"},\"wordCount\":213,\"publisher\":{\"@id\":\"https:\\\/\\\/www.liselotte-andersen.net\\\/#\\\/schema\\\/person\\\/e6287e36a81c443bc328eaa434927efc\"},\"image\":{\"@id\":\"http:\\\/\\\/www.liselotte-andersen.net\\\/en\\\/medias\\\/provence-plus-tv\\\/#primaryimage\"},\"thumbnailUrl\":\"https:\\\/\\\/www.liselotte-andersen.net\\\/wp-content\\\/uploads\\\/2015\\\/04\\\/Reportage-TV-SIAC-LA-2.png\",\"articleSection\":[\"M\u00e9dias\"],\"inLanguage\":\"it-IT\"},{\"@type\":\"WebPage\",\"@id\":\"http:\\\/\\\/www.liselotte-andersen.net\\\/en\\\/medias\\\/provence-plus-tv\\\/\",\"url\":\"http:\\\/\\\/www.liselotte-andersen.net\\\/en\\\/medias\\\/provence-plus-tv\\\/\",\"name\":\"SIAC - Reportage TV - Je repr\u00e9sente le Danemark... - Liselotte Andersen\",\"isPartOf\":{\"@id\":\"https:\\\/\\\/www.liselotte-andersen.net\\\/#website\"},\"primaryImageOfPage\":{\"@id\":\"http:\\\/\\\/www.liselotte-andersen.net\\\/en\\\/medias\\\/provence-plus-tv\\\/#primaryimage\"},\"image\":{\"@id\":\"http:\\\/\\\/www.liselotte-andersen.net\\\/en\\\/medias\\\/provence-plus-tv\\\/#primaryimage\"},\"thumbnailUrl\":\"https:\\\/\\\/www.liselotte-andersen.net\\\/wp-content\\\/uploads\\\/2015\\\/04\\\/Reportage-TV-SIAC-LA-2.png\",\"datePublished\":\"2019-04-30T11:35:37+00:00\",\"dateModified\":\"2026-01-26T13:22:30+00:00\",\"breadcrumb\":{\"@id\":\"http:\\\/\\\/www.liselotte-andersen.net\\\/en\\\/medias\\\/provence-plus-tv\\\/#breadcrumb\"},\"inLanguage\":\"it-IT\",\"potentialAction\":[{\"@type\":\"ReadAction\",\"target\":[\"http:\\\/\\\/www.liselotte-andersen.net\\\/en\\\/medias\\\/provence-plus-tv\\\/\"]}]},{\"@type\":\"ImageObject\",\"inLanguage\":\"it-IT\",\"@id\":\"http:\\\/\\\/www.liselotte-andersen.net\\\/en\\\/medias\\\/provence-plus-tv\\\/#primaryimage\",\"url\":\"https:\\\/\\\/www.liselotte-andersen.net\\\/wp-content\\\/uploads\\\/2015\\\/04\\\/Reportage-TV-SIAC-LA-2.png\",\"contentUrl\":\"https:\\\/\\\/www.liselotte-andersen.net\\\/wp-content\\\/uploads\\\/2015\\\/04\\\/Reportage-TV-SIAC-LA-2.png\",\"width\":868,\"height\":380},{\"@type\":\"BreadcrumbList\",\"@id\":\"http:\\\/\\\/www.liselotte-andersen.net\\\/en\\\/medias\\\/provence-plus-tv\\\/#breadcrumb\",\"itemListElement\":[{\"@type\":\"ListItem\",\"position\":1,\"name\":\"Accueil\",\"item\":\"https:\\\/\\\/www.liselotte-andersen.net\\\/\"},{\"@type\":\"ListItem\",\"position\":2,\"name\":\"SIAC &#8211; Reportage TV &#8211; Je repr\u00e9sente le Danemark&#8230;\"}]},{\"@type\":\"WebSite\",\"@id\":\"https:\\\/\\\/www.liselotte-andersen.net\\\/#website\",\"url\":\"https:\\\/\\\/www.liselotte-andersen.net\\\/\",\"name\":\"Liselotte Andersen\",\"description\":\"Sculptrice\",\"publisher\":{\"@id\":\"https:\\\/\\\/www.liselotte-andersen.net\\\/#\\\/schema\\\/person\\\/e6287e36a81c443bc328eaa434927efc\"},\"potentialAction\":[{\"@type\":\"SearchAction\",\"target\":{\"@type\":\"EntryPoint\",\"urlTemplate\":\"https:\\\/\\\/www.liselotte-andersen.net\\\/?s={search_term_string}\"},\"query-input\":{\"@type\":\"PropertyValueSpecification\",\"valueRequired\":true,\"valueName\":\"search_term_string\"}}],\"inLanguage\":\"it-IT\"},{\"@type\":[\"Person\",\"Organization\"],\"@id\":\"https:\\\/\\\/www.liselotte-andersen.net\\\/#\\\/schema\\\/person\\\/e6287e36a81c443bc328eaa434927efc\",\"name\":\"Liselotte\",\"image\":{\"@type\":\"ImageObject\",\"inLanguage\":\"it-IT\",\"@id\":\"https:\\\/\\\/www.liselotte-andersen.net\\\/wp-content\\\/uploads\\\/2025\\\/07\\\/Logo-bronze-LA-BR-e1751834958356.png\",\"url\":\"https:\\\/\\\/www.liselotte-andersen.net\\\/wp-content\\\/uploads\\\/2025\\\/07\\\/Logo-bronze-LA-BR-e1751834958356.png\",\"contentUrl\":\"https:\\\/\\\/www.liselotte-andersen.net\\\/wp-content\\\/uploads\\\/2025\\\/07\\\/Logo-bronze-LA-BR-e1751834958356.png\",\"width\":754,\"height\":744,\"caption\":\"Liselotte\"},\"logo\":{\"@id\":\"https:\\\/\\\/www.liselotte-andersen.net\\\/wp-content\\\/uploads\\\/2025\\\/07\\\/Logo-bronze-LA-BR-e1751834958356.png\"},\"sameAs\":[\"http:\\\/\\\/www.liselotte-andersen.net\"]}]}<\/script>\n<!-- \/ Yoast SEO plugin. -->","yoast_head_json":{"title":"SIAC - Reportage TV - Je repr\u00e9sente le Danemark... - Liselotte Andersen","robots":{"index":"index","follow":"follow","max-snippet":"max-snippet:-1","max-image-preview":"max-image-preview:large","max-video-preview":"max-video-preview:-1"},"canonical":"http:\/\/www.liselotte-andersen.net\/it\/media\/provence-plus-tv\/","og_locale":"it_IT","og_type":"article","og_title":"SIAC - Reportage TV - Je repr\u00e9sente le Danemark... - Liselotte Andersen","og_description":"Pour sa 15\u00e8me \u00e9dition, le Salon International de l\u2019Art Contemporain renforce davantage sa propre identit\u00e9, sa sp\u00e9cificit\u00e9, et plus exactement, son esprit ! Pr\u00e8s de 150 artistes exposants, peintres, sculpteurs, plasticiens, designers, s\u2019y sont investis. De l\u2019acrylique au raku, du bois flott\u00e9 \u00e0 la carrosserie de voiture : toutes les techniques et mat\u00e9riaux sont mises&hellip;","og_url":"http:\/\/www.liselotte-andersen.net\/it\/media\/provence-plus-tv\/","og_site_name":"Liselotte Andersen","article_published_time":"2019-04-30T11:35:37+00:00","article_modified_time":"2026-01-26T13:22:30+00:00","og_image":[{"width":868,"height":380,"url":"https:\/\/www.liselotte-andersen.net\/wp-content\/uploads\/2015\/04\/Reportage-TV-SIAC-LA-2.png","type":"image\/png"}],"author":"Liselotte","twitter_card":"summary_large_image","twitter_misc":{"Scritto da":"Liselotte","Tempo di lettura stimato":"1 minuto"},"schema":{"@context":"https:\/\/schema.org","@graph":[{"@type":"Article","@id":"http:\/\/www.liselotte-andersen.net\/en\/medias\/provence-plus-tv\/#article","isPartOf":{"@id":"http:\/\/www.liselotte-andersen.net\/en\/medias\/provence-plus-tv\/"},"author":{"name":"Liselotte","@id":"https:\/\/www.liselotte-andersen.net\/#\/schema\/person\/e6287e36a81c443bc328eaa434927efc"},"headline":"SIAC &#8211; Reportage TV &#8211; Je repr\u00e9sente le Danemark&#8230;","datePublished":"2019-04-30T11:35:37+00:00","dateModified":"2026-01-26T13:22:30+00:00","mainEntityOfPage":{"@id":"http:\/\/www.liselotte-andersen.net\/en\/medias\/provence-plus-tv\/"},"wordCount":213,"publisher":{"@id":"https:\/\/www.liselotte-andersen.net\/#\/schema\/person\/e6287e36a81c443bc328eaa434927efc"},"image":{"@id":"http:\/\/www.liselotte-andersen.net\/en\/medias\/provence-plus-tv\/#primaryimage"},"thumbnailUrl":"https:\/\/www.liselotte-andersen.net\/wp-content\/uploads\/2015\/04\/Reportage-TV-SIAC-LA-2.png","articleSection":["M\u00e9dias"],"inLanguage":"it-IT"},{"@type":"WebPage","@id":"http:\/\/www.liselotte-andersen.net\/en\/medias\/provence-plus-tv\/","url":"http:\/\/www.liselotte-andersen.net\/en\/medias\/provence-plus-tv\/","name":"SIAC - Reportage TV - Je repr\u00e9sente le Danemark... - Liselotte Andersen","isPartOf":{"@id":"https:\/\/www.liselotte-andersen.net\/#website"},"primaryImageOfPage":{"@id":"http:\/\/www.liselotte-andersen.net\/en\/medias\/provence-plus-tv\/#primaryimage"},"image":{"@id":"http:\/\/www.liselotte-andersen.net\/en\/medias\/provence-plus-tv\/#primaryimage"},"thumbnailUrl":"https:\/\/www.liselotte-andersen.net\/wp-content\/uploads\/2015\/04\/Reportage-TV-SIAC-LA-2.png","datePublished":"2019-04-30T11:35:37+00:00","dateModified":"2026-01-26T13:22:30+00:00","breadcrumb":{"@id":"http:\/\/www.liselotte-andersen.net\/en\/medias\/provence-plus-tv\/#breadcrumb"},"inLanguage":"it-IT","potentialAction":[{"@type":"ReadAction","target":["http:\/\/www.liselotte-andersen.net\/en\/medias\/provence-plus-tv\/"]}]},{"@type":"ImageObject","inLanguage":"it-IT","@id":"http:\/\/www.liselotte-andersen.net\/en\/medias\/provence-plus-tv\/#primaryimage","url":"https:\/\/www.liselotte-andersen.net\/wp-content\/uploads\/2015\/04\/Reportage-TV-SIAC-LA-2.png","contentUrl":"https:\/\/www.liselotte-andersen.net\/wp-content\/uploads\/2015\/04\/Reportage-TV-SIAC-LA-2.png","width":868,"height":380},{"@type":"BreadcrumbList","@id":"http:\/\/www.liselotte-andersen.net\/en\/medias\/provence-plus-tv\/#breadcrumb","itemListElement":[{"@type":"ListItem","position":1,"name":"Accueil","item":"https:\/\/www.liselotte-andersen.net\/"},{"@type":"ListItem","position":2,"name":"SIAC &#8211; Reportage TV &#8211; Je repr\u00e9sente le Danemark&#8230;"}]},{"@type":"WebSite","@id":"https:\/\/www.liselotte-andersen.net\/#website","url":"https:\/\/www.liselotte-andersen.net\/","name":"Liselotte Andersen","description":"Scultrice","publisher":{"@id":"https:\/\/www.liselotte-andersen.net\/#\/schema\/person\/e6287e36a81c443bc328eaa434927efc"},"potentialAction":[{"@type":"SearchAction","target":{"@type":"EntryPoint","urlTemplate":"https:\/\/www.liselotte-andersen.net\/?s={search_term_string}"},"query-input":{"@type":"PropertyValueSpecification","valueRequired":true,"valueName":"search_term_string"}}],"inLanguage":"it-IT"},{"@type":["Person","Organization"],"@id":"https:\/\/www.liselotte-andersen.net\/#\/schema\/person\/e6287e36a81c443bc328eaa434927efc","name":"Liselotte","image":{"@type":"ImageObject","inLanguage":"it-IT","@id":"https:\/\/www.liselotte-andersen.net\/wp-content\/uploads\/2025\/07\/Logo-bronze-LA-BR-e1751834958356.png","url":"https:\/\/www.liselotte-andersen.net\/wp-content\/uploads\/2025\/07\/Logo-bronze-LA-BR-e1751834958356.png","contentUrl":"https:\/\/www.liselotte-andersen.net\/wp-content\/uploads\/2025\/07\/Logo-bronze-LA-BR-e1751834958356.png","width":754,"height":744,"caption":"Liselotte"},"logo":{"@id":"https:\/\/www.liselotte-andersen.net\/wp-content\/uploads\/2025\/07\/Logo-bronze-LA-BR-e1751834958356.png"},"sameAs":["http:\/\/www.liselotte-andersen.net"]}]}},"_links":{"self":[{"href":"https:\/\/www.liselotte-andersen.net\/it\/wp-json\/wp\/v2\/posts\/881","targetHints":{"allow":["GET"]}}],"collection":[{"href":"https:\/\/www.liselotte-andersen.net\/it\/wp-json\/wp\/v2\/posts"}],"about":[{"href":"https:\/\/www.liselotte-andersen.net\/it\/wp-json\/wp\/v2\/types\/post"}],"author":[{"embeddable":true,"href":"https:\/\/www.liselotte-andersen.net\/it\/wp-json\/wp\/v2\/users\/3"}],"replies":[{"embeddable":true,"href":"https:\/\/www.liselotte-andersen.net\/it\/wp-json\/wp\/v2\/comments?post=881"}],"version-history":[{"count":0,"href":"https:\/\/www.liselotte-andersen.net\/it\/wp-json\/wp\/v2\/posts\/881\/revisions"}],"wp:featuredmedia":[{"embeddable":true,"href":"https:\/\/www.liselotte-andersen.net\/it\/wp-json\/wp\/v2\/media\/2392"}],"wp:attachment":[{"href":"https:\/\/www.liselotte-andersen.net\/it\/wp-json\/wp\/v2\/media?parent=881"}],"wp:term":[{"taxonomy":"category","embeddable":true,"href":"https:\/\/www.liselotte-andersen.net\/it\/wp-json\/wp\/v2\/categories?post=881"},{"taxonomy":"post_tag","embeddable":true,"href":"https:\/\/www.liselotte-andersen.net\/it\/wp-json\/wp\/v2\/tags?post=881"}],"curies":[{"name":"wp","href":"https:\/\/api.w.org\/{rel}","templated":true}]}}