{"id":8692,"date":"2021-10-14T11:43:30","date_gmt":"2021-10-14T10:43:30","guid":{"rendered":"https:\/\/www.liselotte-andersen.net\/?p=8692"},"modified":"2026-01-26T21:29:10","modified_gmt":"2026-01-26T20:29:10","slug":"11-30-10-2021-espace-361-aix-en-provence-france","status":"publish","type":"post","link":"https:\/\/www.liselotte-andersen.net\/it\/expositions-ephemeres\/11-30-10-2021-espace-361-aix-en-provence-france\/","title":{"rendered":"11 &gt; 30\/10\/2021 ESPACE 361\u00b0 (AIX-EN-PROVENCE, FRANCIA)"},"content":{"rendered":"<p><center><img loading=\"lazy\" decoding=\"async\" class=\"alignnone size-full wp-image-8695\" src=\"https:\/\/www.liselotte-andersen.net\/wp-content\/uploads\/2021\/10\/flyer-expo-saisons-de-linconnu-du-11-au-30-oct-2021-1-1.jpg\" alt=\"\" width=\"1000\" height=\"991\" srcset=\"https:\/\/www.liselotte-andersen.net\/wp-content\/uploads\/2021\/10\/flyer-expo-saisons-de-linconnu-du-11-au-30-oct-2021-1-1.jpg 1000w, https:\/\/www.liselotte-andersen.net\/wp-content\/uploads\/2021\/10\/flyer-expo-saisons-de-linconnu-du-11-au-30-oct-2021-1-1-300x297.jpg 300w, https:\/\/www.liselotte-andersen.net\/wp-content\/uploads\/2021\/10\/flyer-expo-saisons-de-linconnu-du-11-au-30-oct-2021-1-1-150x150.jpg 150w, https:\/\/www.liselotte-andersen.net\/wp-content\/uploads\/2021\/10\/flyer-expo-saisons-de-linconnu-du-11-au-30-oct-2021-1-1-768x761.jpg 768w, https:\/\/www.liselotte-andersen.net\/wp-content\/uploads\/2021\/10\/flyer-expo-saisons-de-linconnu-du-11-au-30-oct-2021-1-1-806x799.jpg 806w, https:\/\/www.liselotte-andersen.net\/wp-content\/uploads\/2021\/10\/flyer-expo-saisons-de-linconnu-du-11-au-30-oct-2021-1-1-558x553.jpg 558w, https:\/\/www.liselotte-andersen.net\/wp-content\/uploads\/2021\/10\/flyer-expo-saisons-de-linconnu-du-11-au-30-oct-2021-1-1-700x694.jpg 700w, https:\/\/www.liselotte-andersen.net\/wp-content\/uploads\/2021\/10\/flyer-expo-saisons-de-linconnu-du-11-au-30-oct-2021-1-1-120x120.jpg 120w, https:\/\/www.liselotte-andersen.net\/wp-content\/uploads\/2021\/10\/flyer-expo-saisons-de-linconnu-du-11-au-30-oct-2021-1-1-600x595.jpg 600w\" sizes=\"auto, (max-width: 1000px) 100vw, 1000px\" \/><\/center><\/p>\n<hr \/>\n<p style=\"padding-left: 40px;\">L\u2019exposition \u00ab Saisons de l\u2019inconnu \u00bb s\u2019inscrit dans le cadre de l\u2019\u00e9v\u00e8nement Phot\u2019Aix dont la galerie Espace 361 est partenaire depuis de nombreuses ann\u00e9es. \u00ab Saisons de l\u2019inconnu \u00bb met en lumi\u00e8re le travail de 4 artistes dont 2 photographes, Jacqueline Laporte et V\u00e9ronique G\u00e9rard, une peintre Jessica Kritter et une sculptrice Liselotte Andersen.<\/p>\n<hr \/>\n<p style=\"padding-left: 40px;\">Horaires : Mardi-samedi de 11h \u00e0 19h<\/p>\n<hr \/>\n<p style=\"padding-left: 40px;\">Adresse : 2 rue de l&rsquo;Annonciade, Aix-en-Provence<\/p>\n<hr \/>\n<p style=\"padding-left: 40px;\">Plus d&rsquo;infos : <a href=\"http:\/\/espace361.com\/saisons-de-linconnu-du-11-au-30-oct-2021\/\" target=\"_blank\" rel=\"noopener\" data-saferedirecturl=\"https:\/\/www.google.com\/url?q=https:\/\/liselotte-andersen.us7.list-manage.com\/track\/click?u%3D4705d7bab19a035464b8de4fd%26id%3D8cba3853ff%26e%3Def98d9bb34&amp;source=gmail&amp;ust=1634294009154000&amp;usg=AFQjCNEGAE07jsAoalZw-APJuSboBwcuSg\">Site de l&rsquo;Espace 361\u00b0<\/a><\/p>","protected":false},"excerpt":{"rendered":"<p>L'esposizione \u00ab Saisons de l'inconnu \u00bb si inserisce nell'ambito dell'evento Phot'Aix, di cui la galleria Espace 361 \u00e8 partner da molti anni. \u00ab Saisons de l'inconnu \u00bb mette in luce il lavoro di 4 artisti, tra cui 2 fotografe, Jacqueline Laporte e V\u00e9ronique G\u00e9rard, una pittrice, Jessica Kritter, e una scultrice, Liselotte Andersen. Orari\u2026<\/p>","protected":false},"author":3,"featured_media":8695,"comment_status":"closed","ping_status":"open","sticky":false,"template":"","format":"standard","meta":{"_acf_changed":false,"footnotes":""},"categories":[5],"tags":[],"class_list":["post-8692","post","type-post","status-publish","format-standard","has-post-thumbnail","hentry","category-expositions-ephemeres"],"acf":[],"yoast_head":"<!-- This site is optimized with the Yoast SEO plugin v28.4 - https:\/\/yoast.com\/product\/yoast-seo-wordpress\/ -->\n<title>11 &gt; 30\/10\/2021 ESPACE 361\u00b0 (AIX-EN-PROVENCE, FRANCE) - Liselotte Andersen<\/title>\n<meta name=\"robots\" content=\"index, follow, max-snippet:-1, max-image-preview:large, max-video-preview:-1\" \/>\n<link rel=\"canonical\" href=\"https:\/\/www.liselotte-andersen.net\/it\/mostre-temporanee\/11-30-10-2021-espace-361-aix-en-provence-france\/\" \/>\n<meta property=\"og:locale\" content=\"it_IT\" \/>\n<meta property=\"og:type\" content=\"article\" \/>\n<meta property=\"og:title\" content=\"11 &gt; 30\/10\/2021 ESPACE 361\u00b0 (AIX-EN-PROVENCE, FRANCE) - Liselotte Andersen\" \/>\n<meta property=\"og:description\" content=\"L\u2019exposition \u00ab Saisons de l\u2019inconnu \u00bb s\u2019inscrit dans le cadre de l\u2019\u00e9v\u00e8nement Phot\u2019Aix dont la galerie Espace 361 est partenaire depuis de nombreuses ann\u00e9es. \u00ab Saisons de l\u2019inconnu \u00bb met en lumi\u00e8re le travail de 4 artistes dont 2 photographes, Jacqueline Laporte et V\u00e9ronique G\u00e9rard, une peintre Jessica Kritter et une sculptrice Liselotte Andersen. Horaires&hellip;\" \/>\n<meta property=\"og:url\" content=\"https:\/\/www.liselotte-andersen.net\/it\/mostre-temporanee\/11-30-10-2021-espace-361-aix-en-provence-france\/\" \/>\n<meta property=\"og:site_name\" content=\"Liselotte Andersen\" \/>\n<meta property=\"article:published_time\" content=\"2021-10-14T10:43:30+00:00\" \/>\n<meta property=\"article:modified_time\" content=\"2026-01-26T20:29:10+00:00\" \/>\n<meta property=\"og:image\" content=\"https:\/\/www.liselotte-andersen.net\/wp-content\/uploads\/2021\/10\/flyer-expo-saisons-de-linconnu-du-11-au-30-oct-2021-1-1.jpg\" \/>\n\t<meta property=\"og:image:width\" content=\"1000\" \/>\n\t<meta property=\"og:image:height\" content=\"991\" \/>\n\t<meta property=\"og:image:type\" content=\"image\/jpeg\" \/>\n<meta name=\"author\" content=\"Liselotte\" \/>\n<meta name=\"twitter:card\" content=\"summary_large_image\" \/>\n<meta name=\"twitter:label1\" content=\"Scritto da\" \/>\n\t<meta name=\"twitter:data1\" content=\"Liselotte\" \/>\n\t<meta name=\"twitter:label2\" content=\"Tempo di lettura stimato\" \/>\n\t<meta name=\"twitter:data2\" content=\"1 minuto\" \/>\n<script type=\"application\/ld+json\" class=\"yoast-schema-graph\">{\"@context\":\"https:\\\/\\\/schema.org\",\"@graph\":[{\"@type\":\"Article\",\"@id\":\"https:\\\/\\\/www.liselotte-andersen.net\\\/en\\\/ephemeral-exhibitions\\\/11-30-10-2021-espace-361-aix-en-provence-france\\\/#article\",\"isPartOf\":{\"@id\":\"https:\\\/\\\/www.liselotte-andersen.net\\\/en\\\/ephemeral-exhibitions\\\/11-30-10-2021-espace-361-aix-en-provence-france\\\/\"},\"author\":{\"name\":\"Liselotte\",\"@id\":\"https:\\\/\\\/www.liselotte-andersen.net\\\/#\\\/schema\\\/person\\\/e6287e36a81c443bc328eaa434927efc\"},\"headline\":\"11 > 30\\\/10\\\/2021 ESPACE 361\u00b0 (AIX-EN-PROVENCE, FRANCE)\",\"datePublished\":\"2021-10-14T10:43:30+00:00\",\"dateModified\":\"2026-01-26T20:29:10+00:00\",\"mainEntityOfPage\":{\"@id\":\"https:\\\/\\\/www.liselotte-andersen.net\\\/en\\\/ephemeral-exhibitions\\\/11-30-10-2021-espace-361-aix-en-provence-france\\\/\"},\"wordCount\":79,\"publisher\":{\"@id\":\"https:\\\/\\\/www.liselotte-andersen.net\\\/#\\\/schema\\\/person\\\/e6287e36a81c443bc328eaa434927efc\"},\"image\":{\"@id\":\"https:\\\/\\\/www.liselotte-andersen.net\\\/en\\\/ephemeral-exhibitions\\\/11-30-10-2021-espace-361-aix-en-provence-france\\\/#primaryimage\"},\"thumbnailUrl\":\"https:\\\/\\\/www.liselotte-andersen.net\\\/wp-content\\\/uploads\\\/2021\\\/10\\\/flyer-expo-saisons-de-linconnu-du-11-au-30-oct-2021-1-1.jpg\",\"articleSection\":[\"Expositions \u00e9ph\u00e9m\u00e8res\"],\"inLanguage\":\"it-IT\"},{\"@type\":\"WebPage\",\"@id\":\"https:\\\/\\\/www.liselotte-andersen.net\\\/en\\\/ephemeral-exhibitions\\\/11-30-10-2021-espace-361-aix-en-provence-france\\\/\",\"url\":\"https:\\\/\\\/www.liselotte-andersen.net\\\/en\\\/ephemeral-exhibitions\\\/11-30-10-2021-espace-361-aix-en-provence-france\\\/\",\"name\":\"11 > 30\\\/10\\\/2021 ESPACE 361\u00b0 (AIX-EN-PROVENCE, FRANCE) - Liselotte Andersen\",\"isPartOf\":{\"@id\":\"https:\\\/\\\/www.liselotte-andersen.net\\\/#website\"},\"primaryImageOfPage\":{\"@id\":\"https:\\\/\\\/www.liselotte-andersen.net\\\/en\\\/ephemeral-exhibitions\\\/11-30-10-2021-espace-361-aix-en-provence-france\\\/#primaryimage\"},\"image\":{\"@id\":\"https:\\\/\\\/www.liselotte-andersen.net\\\/en\\\/ephemeral-exhibitions\\\/11-30-10-2021-espace-361-aix-en-provence-france\\\/#primaryimage\"},\"thumbnailUrl\":\"https:\\\/\\\/www.liselotte-andersen.net\\\/wp-content\\\/uploads\\\/2021\\\/10\\\/flyer-expo-saisons-de-linconnu-du-11-au-30-oct-2021-1-1.jpg\",\"datePublished\":\"2021-10-14T10:43:30+00:00\",\"dateModified\":\"2026-01-26T20:29:10+00:00\",\"breadcrumb\":{\"@id\":\"https:\\\/\\\/www.liselotte-andersen.net\\\/en\\\/ephemeral-exhibitions\\\/11-30-10-2021-espace-361-aix-en-provence-france\\\/#breadcrumb\"},\"inLanguage\":\"it-IT\",\"potentialAction\":[{\"@type\":\"ReadAction\",\"target\":[\"https:\\\/\\\/www.liselotte-andersen.net\\\/en\\\/ephemeral-exhibitions\\\/11-30-10-2021-espace-361-aix-en-provence-france\\\/\"]}]},{\"@type\":\"ImageObject\",\"inLanguage\":\"it-IT\",\"@id\":\"https:\\\/\\\/www.liselotte-andersen.net\\\/en\\\/ephemeral-exhibitions\\\/11-30-10-2021-espace-361-aix-en-provence-france\\\/#primaryimage\",\"url\":\"https:\\\/\\\/www.liselotte-andersen.net\\\/wp-content\\\/uploads\\\/2021\\\/10\\\/flyer-expo-saisons-de-linconnu-du-11-au-30-oct-2021-1-1.jpg\",\"contentUrl\":\"https:\\\/\\\/www.liselotte-andersen.net\\\/wp-content\\\/uploads\\\/2021\\\/10\\\/flyer-expo-saisons-de-linconnu-du-11-au-30-oct-2021-1-1.jpg\",\"width\":1000,\"height\":991},{\"@type\":\"BreadcrumbList\",\"@id\":\"https:\\\/\\\/www.liselotte-andersen.net\\\/en\\\/ephemeral-exhibitions\\\/11-30-10-2021-espace-361-aix-en-provence-france\\\/#breadcrumb\",\"itemListElement\":[{\"@type\":\"ListItem\",\"position\":1,\"name\":\"Accueil\",\"item\":\"https:\\\/\\\/www.liselotte-andersen.net\\\/\"},{\"@type\":\"ListItem\",\"position\":2,\"name\":\"11 > 30\\\/10\\\/2021 ESPACE 361\u00b0 (AIX-EN-PROVENCE, FRANCE)\"}]},{\"@type\":\"WebSite\",\"@id\":\"https:\\\/\\\/www.liselotte-andersen.net\\\/#website\",\"url\":\"https:\\\/\\\/www.liselotte-andersen.net\\\/\",\"name\":\"Liselotte Andersen\",\"description\":\"Sculptrice\",\"publisher\":{\"@id\":\"https:\\\/\\\/www.liselotte-andersen.net\\\/#\\\/schema\\\/person\\\/e6287e36a81c443bc328eaa434927efc\"},\"potentialAction\":[{\"@type\":\"SearchAction\",\"target\":{\"@type\":\"EntryPoint\",\"urlTemplate\":\"https:\\\/\\\/www.liselotte-andersen.net\\\/?s={search_term_string}\"},\"query-input\":{\"@type\":\"PropertyValueSpecification\",\"valueRequired\":true,\"valueName\":\"search_term_string\"}}],\"inLanguage\":\"it-IT\"},{\"@type\":[\"Person\",\"Organization\"],\"@id\":\"https:\\\/\\\/www.liselotte-andersen.net\\\/#\\\/schema\\\/person\\\/e6287e36a81c443bc328eaa434927efc\",\"name\":\"Liselotte\",\"image\":{\"@type\":\"ImageObject\",\"inLanguage\":\"it-IT\",\"@id\":\"https:\\\/\\\/www.liselotte-andersen.net\\\/wp-content\\\/uploads\\\/2025\\\/07\\\/Logo-bronze-LA-BR-e1751834958356.png\",\"url\":\"https:\\\/\\\/www.liselotte-andersen.net\\\/wp-content\\\/uploads\\\/2025\\\/07\\\/Logo-bronze-LA-BR-e1751834958356.png\",\"contentUrl\":\"https:\\\/\\\/www.liselotte-andersen.net\\\/wp-content\\\/uploads\\\/2025\\\/07\\\/Logo-bronze-LA-BR-e1751834958356.png\",\"width\":754,\"height\":744,\"caption\":\"Liselotte\"},\"logo\":{\"@id\":\"https:\\\/\\\/www.liselotte-andersen.net\\\/wp-content\\\/uploads\\\/2025\\\/07\\\/Logo-bronze-LA-BR-e1751834958356.png\"},\"sameAs\":[\"http:\\\/\\\/www.liselotte-andersen.net\"]}]}<\/script>\n<!-- \/ Yoast SEO plugin. -->","yoast_head_json":{"title":"11 > 30\/10\/2021 ESPACE 361\u00b0 (AIX-EN-PROVENCE, FRANCE) - Liselotte Andersen","robots":{"index":"index","follow":"follow","max-snippet":"max-snippet:-1","max-image-preview":"max-image-preview:large","max-video-preview":"max-video-preview:-1"},"canonical":"https:\/\/www.liselotte-andersen.net\/it\/mostre-temporanee\/11-30-10-2021-espace-361-aix-en-provence-france\/","og_locale":"it_IT","og_type":"article","og_title":"11 > 30\/10\/2021 ESPACE 361\u00b0 (AIX-EN-PROVENCE, FRANCE) - Liselotte Andersen","og_description":"L\u2019exposition \u00ab Saisons de l\u2019inconnu \u00bb s\u2019inscrit dans le cadre de l\u2019\u00e9v\u00e8nement Phot\u2019Aix dont la galerie Espace 361 est partenaire depuis de nombreuses ann\u00e9es. \u00ab Saisons de l\u2019inconnu \u00bb met en lumi\u00e8re le travail de 4 artistes dont 2 photographes, Jacqueline Laporte et V\u00e9ronique G\u00e9rard, une peintre Jessica Kritter et une sculptrice Liselotte Andersen. Horaires&hellip;","og_url":"https:\/\/www.liselotte-andersen.net\/it\/mostre-temporanee\/11-30-10-2021-espace-361-aix-en-provence-france\/","og_site_name":"Liselotte Andersen","article_published_time":"2021-10-14T10:43:30+00:00","article_modified_time":"2026-01-26T20:29:10+00:00","og_image":[{"width":1000,"height":991,"url":"https:\/\/www.liselotte-andersen.net\/wp-content\/uploads\/2021\/10\/flyer-expo-saisons-de-linconnu-du-11-au-30-oct-2021-1-1.jpg","type":"image\/jpeg"}],"author":"Liselotte","twitter_card":"summary_large_image","twitter_misc":{"Scritto da":"Liselotte","Tempo di lettura stimato":"1 minuto"},"schema":{"@context":"https:\/\/schema.org","@graph":[{"@type":"Article","@id":"https:\/\/www.liselotte-andersen.net\/en\/ephemeral-exhibitions\/11-30-10-2021-espace-361-aix-en-provence-france\/#article","isPartOf":{"@id":"https:\/\/www.liselotte-andersen.net\/en\/ephemeral-exhibitions\/11-30-10-2021-espace-361-aix-en-provence-france\/"},"author":{"name":"Liselotte","@id":"https:\/\/www.liselotte-andersen.net\/#\/schema\/person\/e6287e36a81c443bc328eaa434927efc"},"headline":"11 > 30\/10\/2021 ESPACE 361\u00b0 (AIX-EN-PROVENCE, FRANCE)","datePublished":"2021-10-14T10:43:30+00:00","dateModified":"2026-01-26T20:29:10+00:00","mainEntityOfPage":{"@id":"https:\/\/www.liselotte-andersen.net\/en\/ephemeral-exhibitions\/11-30-10-2021-espace-361-aix-en-provence-france\/"},"wordCount":79,"publisher":{"@id":"https:\/\/www.liselotte-andersen.net\/#\/schema\/person\/e6287e36a81c443bc328eaa434927efc"},"image":{"@id":"https:\/\/www.liselotte-andersen.net\/en\/ephemeral-exhibitions\/11-30-10-2021-espace-361-aix-en-provence-france\/#primaryimage"},"thumbnailUrl":"https:\/\/www.liselotte-andersen.net\/wp-content\/uploads\/2021\/10\/flyer-expo-saisons-de-linconnu-du-11-au-30-oct-2021-1-1.jpg","articleSection":["Expositions \u00e9ph\u00e9m\u00e8res"],"inLanguage":"it-IT"},{"@type":"WebPage","@id":"https:\/\/www.liselotte-andersen.net\/en\/ephemeral-exhibitions\/11-30-10-2021-espace-361-aix-en-provence-france\/","url":"https:\/\/www.liselotte-andersen.net\/en\/ephemeral-exhibitions\/11-30-10-2021-espace-361-aix-en-provence-france\/","name":"11 > 30\/10\/2021 ESPACE 361\u00b0 (AIX-EN-PROVENCE, FRANCE) - Liselotte Andersen","isPartOf":{"@id":"https:\/\/www.liselotte-andersen.net\/#website"},"primaryImageOfPage":{"@id":"https:\/\/www.liselotte-andersen.net\/en\/ephemeral-exhibitions\/11-30-10-2021-espace-361-aix-en-provence-france\/#primaryimage"},"image":{"@id":"https:\/\/www.liselotte-andersen.net\/en\/ephemeral-exhibitions\/11-30-10-2021-espace-361-aix-en-provence-france\/#primaryimage"},"thumbnailUrl":"https:\/\/www.liselotte-andersen.net\/wp-content\/uploads\/2021\/10\/flyer-expo-saisons-de-linconnu-du-11-au-30-oct-2021-1-1.jpg","datePublished":"2021-10-14T10:43:30+00:00","dateModified":"2026-01-26T20:29:10+00:00","breadcrumb":{"@id":"https:\/\/www.liselotte-andersen.net\/en\/ephemeral-exhibitions\/11-30-10-2021-espace-361-aix-en-provence-france\/#breadcrumb"},"inLanguage":"it-IT","potentialAction":[{"@type":"ReadAction","target":["https:\/\/www.liselotte-andersen.net\/en\/ephemeral-exhibitions\/11-30-10-2021-espace-361-aix-en-provence-france\/"]}]},{"@type":"ImageObject","inLanguage":"it-IT","@id":"https:\/\/www.liselotte-andersen.net\/en\/ephemeral-exhibitions\/11-30-10-2021-espace-361-aix-en-provence-france\/#primaryimage","url":"https:\/\/www.liselotte-andersen.net\/wp-content\/uploads\/2021\/10\/flyer-expo-saisons-de-linconnu-du-11-au-30-oct-2021-1-1.jpg","contentUrl":"https:\/\/www.liselotte-andersen.net\/wp-content\/uploads\/2021\/10\/flyer-expo-saisons-de-linconnu-du-11-au-30-oct-2021-1-1.jpg","width":1000,"height":991},{"@type":"BreadcrumbList","@id":"https:\/\/www.liselotte-andersen.net\/en\/ephemeral-exhibitions\/11-30-10-2021-espace-361-aix-en-provence-france\/#breadcrumb","itemListElement":[{"@type":"ListItem","position":1,"name":"Accueil","item":"https:\/\/www.liselotte-andersen.net\/"},{"@type":"ListItem","position":2,"name":"11 > 30\/10\/2021 ESPACE 361\u00b0 (AIX-EN-PROVENCE, FRANCE)"}]},{"@type":"WebSite","@id":"https:\/\/www.liselotte-andersen.net\/#website","url":"https:\/\/www.liselotte-andersen.net\/","name":"Liselotte Andersen","description":"Scultrice","publisher":{"@id":"https:\/\/www.liselotte-andersen.net\/#\/schema\/person\/e6287e36a81c443bc328eaa434927efc"},"potentialAction":[{"@type":"SearchAction","target":{"@type":"EntryPoint","urlTemplate":"https:\/\/www.liselotte-andersen.net\/?s={search_term_string}"},"query-input":{"@type":"PropertyValueSpecification","valueRequired":true,"valueName":"search_term_string"}}],"inLanguage":"it-IT"},{"@type":["Person","Organization"],"@id":"https:\/\/www.liselotte-andersen.net\/#\/schema\/person\/e6287e36a81c443bc328eaa434927efc","name":"Liselotte","image":{"@type":"ImageObject","inLanguage":"it-IT","@id":"https:\/\/www.liselotte-andersen.net\/wp-content\/uploads\/2025\/07\/Logo-bronze-LA-BR-e1751834958356.png","url":"https:\/\/www.liselotte-andersen.net\/wp-content\/uploads\/2025\/07\/Logo-bronze-LA-BR-e1751834958356.png","contentUrl":"https:\/\/www.liselotte-andersen.net\/wp-content\/uploads\/2025\/07\/Logo-bronze-LA-BR-e1751834958356.png","width":754,"height":744,"caption":"Liselotte"},"logo":{"@id":"https:\/\/www.liselotte-andersen.net\/wp-content\/uploads\/2025\/07\/Logo-bronze-LA-BR-e1751834958356.png"},"sameAs":["http:\/\/www.liselotte-andersen.net"]}]}},"_links":{"self":[{"href":"https:\/\/www.liselotte-andersen.net\/it\/wp-json\/wp\/v2\/posts\/8692","targetHints":{"allow":["GET"]}}],"collection":[{"href":"https:\/\/www.liselotte-andersen.net\/it\/wp-json\/wp\/v2\/posts"}],"about":[{"href":"https:\/\/www.liselotte-andersen.net\/it\/wp-json\/wp\/v2\/types\/post"}],"author":[{"embeddable":true,"href":"https:\/\/www.liselotte-andersen.net\/it\/wp-json\/wp\/v2\/users\/3"}],"replies":[{"embeddable":true,"href":"https:\/\/www.liselotte-andersen.net\/it\/wp-json\/wp\/v2\/comments?post=8692"}],"version-history":[{"count":0,"href":"https:\/\/www.liselotte-andersen.net\/it\/wp-json\/wp\/v2\/posts\/8692\/revisions"}],"wp:featuredmedia":[{"embeddable":true,"href":"https:\/\/www.liselotte-andersen.net\/it\/wp-json\/wp\/v2\/media\/8695"}],"wp:attachment":[{"href":"https:\/\/www.liselotte-andersen.net\/it\/wp-json\/wp\/v2\/media?parent=8692"}],"wp:term":[{"taxonomy":"category","embeddable":true,"href":"https:\/\/www.liselotte-andersen.net\/it\/wp-json\/wp\/v2\/categories?post=8692"},{"taxonomy":"post_tag","embeddable":true,"href":"https:\/\/www.liselotte-andersen.net\/it\/wp-json\/wp\/v2\/tags?post=8692"}],"curies":[{"name":"wp","href":"https:\/\/api.w.org\/{rel}","templated":true}]}}