{"id":8266,"date":"2021-09-09T08:01:02","date_gmt":"2021-09-09T07:01:02","guid":{"rendered":"https:\/\/www.liselotte-andersen.net\/?p=8266"},"modified":"2026-01-28T14:49:27","modified_gmt":"2026-01-28T13:49:27","slug":"6-20-09-2021-galerie-de-la-prevote-aix-en-provence-france","status":"publish","type":"post","link":"https:\/\/www.liselotte-andersen.net\/it\/expositions-ephemeres\/6-20-09-2021-galerie-de-la-prevote-aix-en-provence-france\/","title":{"rendered":"6 &gt; 20\/09\/2021 Galerie de la Pr\u00e9v\u00f4t\u00e9 (Aix-en-Provence, Francia)"},"content":{"rendered":"<p class=\"wp-block-paragraph\">L&rsquo;Espace 361\u00b0 vous donne rendez-vous deux fois par an dans cette galerie comprenant deux grandes salles et qui est agr\u00e9ment\u00e9e d&rsquo;un patio verdoyant, contexte id\u00e9al pour la mise en sc\u00e8ne de sculptures.<\/p>\n\n\n\n<p class=\"wp-block-paragraph\">Nous sommes 5 artistes, vous \u00eates les bienvenus de 10h \u00e0 19h tous les jours \ud83d\ude42<\/p>\n\n\n\n<p class=\"wp-block-paragraph\">Place des Martyrs de la r\u00e9sistance (pr\u00e9s de la Cath\u00e9drale) &#8211; Aix-en-Provence<\/p>\n\n\n\n<figure class=\"wp-block-image size-large\"><img loading=\"lazy\" decoding=\"async\" width=\"683\" height=\"1024\" src=\"https:\/\/www.liselotte-andersen.net\/wp-content\/uploads\/2021\/09\/Affiche-Galerie-prevote-2021-2-683x1024.jpg\" alt=\"\" class=\"wp-image-8271\" srcset=\"https:\/\/www.liselotte-andersen.net\/wp-content\/uploads\/2021\/09\/Affiche-Galerie-prevote-2021-2-683x1024.jpg 683w, https:\/\/www.liselotte-andersen.net\/wp-content\/uploads\/2021\/09\/Affiche-Galerie-prevote-2021-2-200x300.jpg 200w, https:\/\/www.liselotte-andersen.net\/wp-content\/uploads\/2021\/09\/Affiche-Galerie-prevote-2021-2-768x1152.jpg 768w, https:\/\/www.liselotte-andersen.net\/wp-content\/uploads\/2021\/09\/Affiche-Galerie-prevote-2021-2-1024x1536.jpg 1024w, https:\/\/www.liselotte-andersen.net\/wp-content\/uploads\/2021\/09\/Affiche-Galerie-prevote-2021-2-1365x2048.jpg 1365w, https:\/\/www.liselotte-andersen.net\/wp-content\/uploads\/2021\/09\/Affiche-Galerie-prevote-2021-2-1116x1674.jpg 1116w, https:\/\/www.liselotte-andersen.net\/wp-content\/uploads\/2021\/09\/Affiche-Galerie-prevote-2021-2-806x1209.jpg 806w, https:\/\/www.liselotte-andersen.net\/wp-content\/uploads\/2021\/09\/Affiche-Galerie-prevote-2021-2-558x837.jpg 558w, https:\/\/www.liselotte-andersen.net\/wp-content\/uploads\/2021\/09\/Affiche-Galerie-prevote-2021-2-700x1050.jpg 700w, https:\/\/www.liselotte-andersen.net\/wp-content\/uploads\/2021\/09\/Affiche-Galerie-prevote-2021-2.jpg 1500w\" sizes=\"auto, (max-width: 683px) 100vw, 683px\" \/><\/figure>","protected":false},"excerpt":{"rendered":"<p>L\u2019Espace 361\u00b0 vi d\u00e0 appuntamento due volte all'anno in questa galleria che comprende due grandi sale ed \u00e8 arricchita da un patio verdeggiante, contesto ideale per la messa in scena di sculture. Siamo 5 artisti, siete i benvenuti dalle 10:00 alle 19:00 tutti i giorni \ud83d\ude42 Place des Martyrs de la r\u00e9sistance (pres\u2026<\/p>","protected":false},"author":3,"featured_media":7117,"comment_status":"closed","ping_status":"open","sticky":false,"template":"","format":"standard","meta":{"_acf_changed":false,"footnotes":""},"categories":[5],"tags":[],"class_list":["post-8266","post","type-post","status-publish","format-standard","has-post-thumbnail","hentry","category-expositions-ephemeres"],"acf":[],"yoast_head":"<!-- This site is optimized with the Yoast SEO plugin v28.4 - https:\/\/yoast.com\/product\/yoast-seo-wordpress\/ -->\n<title>6 &gt; 20\/09\/2021 Galerie de la Pr\u00e9v\u00f4t\u00e9 (Aix-en-Provence, France) - Liselotte Andersen<\/title>\n<meta name=\"robots\" content=\"index, follow, max-snippet:-1, max-image-preview:large, max-video-preview:-1\" \/>\n<link rel=\"canonical\" href=\"https:\/\/www.liselotte-andersen.net\/it\/mostre-temporanee\/6-20-09-2021-galerie-de-la-prevote-aix-en-provence-france\/\" \/>\n<meta property=\"og:locale\" content=\"it_IT\" \/>\n<meta property=\"og:type\" content=\"article\" \/>\n<meta property=\"og:title\" content=\"6 &gt; 20\/09\/2021 Galerie de la Pr\u00e9v\u00f4t\u00e9 (Aix-en-Provence, France) - Liselotte Andersen\" \/>\n<meta property=\"og:description\" content=\"L&rsquo;Espace 361\u00b0 vous donne rendez-vous deux fois par an dans cette galerie comprenant deux grandes salles et qui est agr\u00e9ment\u00e9e d&rsquo;un patio verdoyant, contexte id\u00e9al pour la mise en sc\u00e8ne de sculptures. Nous sommes 5 artistes, vous \u00eates les bienvenus de 10h \u00e0 19h tous les jours \ud83d\ude42 Place des Martyrs de la r\u00e9sistance (pr\u00e9s&hellip;\" \/>\n<meta property=\"og:url\" content=\"https:\/\/www.liselotte-andersen.net\/it\/mostre-temporanee\/6-20-09-2021-galerie-de-la-prevote-aix-en-provence-france\/\" \/>\n<meta property=\"og:site_name\" content=\"Liselotte Andersen\" \/>\n<meta property=\"article:published_time\" content=\"2021-09-09T07:01:02+00:00\" \/>\n<meta property=\"article:modified_time\" content=\"2026-01-28T13:49:27+00:00\" \/>\n<meta property=\"og:image\" content=\"https:\/\/www.liselotte-andersen.net\/wp-content\/uploads\/2021\/06\/IMG_7992-e1769605702540.jpg\" \/>\n\t<meta property=\"og:image:width\" content=\"2448\" \/>\n\t<meta property=\"og:image:height\" content=\"2448\" \/>\n\t<meta property=\"og:image:type\" content=\"image\/jpeg\" \/>\n<meta name=\"author\" content=\"Liselotte\" \/>\n<meta name=\"twitter:card\" content=\"summary_large_image\" \/>\n<meta name=\"twitter:label1\" content=\"Scritto da\" \/>\n\t<meta name=\"twitter:data1\" content=\"Liselotte\" \/>\n\t<meta name=\"twitter:label2\" content=\"Tempo di lettura stimato\" \/>\n\t<meta name=\"twitter:data2\" content=\"1 minuto\" \/>\n<script type=\"application\/ld+json\" class=\"yoast-schema-graph\">{\"@context\":\"https:\\\/\\\/schema.org\",\"@graph\":[{\"@type\":\"Article\",\"@id\":\"https:\\\/\\\/www.liselotte-andersen.net\\\/en\\\/ephemeral-exhibitions\\\/6-20-09-2021-galerie-de-la-prevote-aix-en-provence-france\\\/#article\",\"isPartOf\":{\"@id\":\"https:\\\/\\\/www.liselotte-andersen.net\\\/en\\\/ephemeral-exhibitions\\\/6-20-09-2021-galerie-de-la-prevote-aix-en-provence-france\\\/\"},\"author\":{\"name\":\"Liselotte\",\"@id\":\"https:\\\/\\\/www.liselotte-andersen.net\\\/#\\\/schema\\\/person\\\/e6287e36a81c443bc328eaa434927efc\"},\"headline\":\"6 > 20\\\/09\\\/2021 Galerie de la Pr\u00e9v\u00f4t\u00e9 (Aix-en-Provence, France)\",\"datePublished\":\"2021-09-09T07:01:02+00:00\",\"dateModified\":\"2026-01-28T13:49:27+00:00\",\"mainEntityOfPage\":{\"@id\":\"https:\\\/\\\/www.liselotte-andersen.net\\\/en\\\/ephemeral-exhibitions\\\/6-20-09-2021-galerie-de-la-prevote-aix-en-provence-france\\\/\"},\"wordCount\":73,\"publisher\":{\"@id\":\"https:\\\/\\\/www.liselotte-andersen.net\\\/#\\\/schema\\\/person\\\/e6287e36a81c443bc328eaa434927efc\"},\"image\":{\"@id\":\"https:\\\/\\\/www.liselotte-andersen.net\\\/en\\\/ephemeral-exhibitions\\\/6-20-09-2021-galerie-de-la-prevote-aix-en-provence-france\\\/#primaryimage\"},\"thumbnailUrl\":\"https:\\\/\\\/www.liselotte-andersen.net\\\/wp-content\\\/uploads\\\/2021\\\/06\\\/IMG_7992-e1769605702540.jpg\",\"articleSection\":[\"Expositions \u00e9ph\u00e9m\u00e8res\"],\"inLanguage\":\"it-IT\"},{\"@type\":\"WebPage\",\"@id\":\"https:\\\/\\\/www.liselotte-andersen.net\\\/en\\\/ephemeral-exhibitions\\\/6-20-09-2021-galerie-de-la-prevote-aix-en-provence-france\\\/\",\"url\":\"https:\\\/\\\/www.liselotte-andersen.net\\\/en\\\/ephemeral-exhibitions\\\/6-20-09-2021-galerie-de-la-prevote-aix-en-provence-france\\\/\",\"name\":\"6 > 20\\\/09\\\/2021 Galerie de la Pr\u00e9v\u00f4t\u00e9 (Aix-en-Provence, France) - Liselotte Andersen\",\"isPartOf\":{\"@id\":\"https:\\\/\\\/www.liselotte-andersen.net\\\/#website\"},\"primaryImageOfPage\":{\"@id\":\"https:\\\/\\\/www.liselotte-andersen.net\\\/en\\\/ephemeral-exhibitions\\\/6-20-09-2021-galerie-de-la-prevote-aix-en-provence-france\\\/#primaryimage\"},\"image\":{\"@id\":\"https:\\\/\\\/www.liselotte-andersen.net\\\/en\\\/ephemeral-exhibitions\\\/6-20-09-2021-galerie-de-la-prevote-aix-en-provence-france\\\/#primaryimage\"},\"thumbnailUrl\":\"https:\\\/\\\/www.liselotte-andersen.net\\\/wp-content\\\/uploads\\\/2021\\\/06\\\/IMG_7992-e1769605702540.jpg\",\"datePublished\":\"2021-09-09T07:01:02+00:00\",\"dateModified\":\"2026-01-28T13:49:27+00:00\",\"breadcrumb\":{\"@id\":\"https:\\\/\\\/www.liselotte-andersen.net\\\/en\\\/ephemeral-exhibitions\\\/6-20-09-2021-galerie-de-la-prevote-aix-en-provence-france\\\/#breadcrumb\"},\"inLanguage\":\"it-IT\",\"potentialAction\":[{\"@type\":\"ReadAction\",\"target\":[\"https:\\\/\\\/www.liselotte-andersen.net\\\/en\\\/ephemeral-exhibitions\\\/6-20-09-2021-galerie-de-la-prevote-aix-en-provence-france\\\/\"]}]},{\"@type\":\"ImageObject\",\"inLanguage\":\"it-IT\",\"@id\":\"https:\\\/\\\/www.liselotte-andersen.net\\\/en\\\/ephemeral-exhibitions\\\/6-20-09-2021-galerie-de-la-prevote-aix-en-provence-france\\\/#primaryimage\",\"url\":\"https:\\\/\\\/www.liselotte-andersen.net\\\/wp-content\\\/uploads\\\/2021\\\/06\\\/IMG_7992-e1769605702540.jpg\",\"contentUrl\":\"https:\\\/\\\/www.liselotte-andersen.net\\\/wp-content\\\/uploads\\\/2021\\\/06\\\/IMG_7992-e1769605702540.jpg\",\"width\":2448,\"height\":2448},{\"@type\":\"BreadcrumbList\",\"@id\":\"https:\\\/\\\/www.liselotte-andersen.net\\\/en\\\/ephemeral-exhibitions\\\/6-20-09-2021-galerie-de-la-prevote-aix-en-provence-france\\\/#breadcrumb\",\"itemListElement\":[{\"@type\":\"ListItem\",\"position\":1,\"name\":\"Accueil\",\"item\":\"https:\\\/\\\/www.liselotte-andersen.net\\\/\"},{\"@type\":\"ListItem\",\"position\":2,\"name\":\"6 > 20\\\/09\\\/2021 Galerie de la Pr\u00e9v\u00f4t\u00e9 (Aix-en-Provence, France)\"}]},{\"@type\":\"WebSite\",\"@id\":\"https:\\\/\\\/www.liselotte-andersen.net\\\/#website\",\"url\":\"https:\\\/\\\/www.liselotte-andersen.net\\\/\",\"name\":\"Liselotte Andersen\",\"description\":\"Sculptrice\",\"publisher\":{\"@id\":\"https:\\\/\\\/www.liselotte-andersen.net\\\/#\\\/schema\\\/person\\\/e6287e36a81c443bc328eaa434927efc\"},\"potentialAction\":[{\"@type\":\"SearchAction\",\"target\":{\"@type\":\"EntryPoint\",\"urlTemplate\":\"https:\\\/\\\/www.liselotte-andersen.net\\\/?s={search_term_string}\"},\"query-input\":{\"@type\":\"PropertyValueSpecification\",\"valueRequired\":true,\"valueName\":\"search_term_string\"}}],\"inLanguage\":\"it-IT\"},{\"@type\":[\"Person\",\"Organization\"],\"@id\":\"https:\\\/\\\/www.liselotte-andersen.net\\\/#\\\/schema\\\/person\\\/e6287e36a81c443bc328eaa434927efc\",\"name\":\"Liselotte\",\"image\":{\"@type\":\"ImageObject\",\"inLanguage\":\"it-IT\",\"@id\":\"https:\\\/\\\/www.liselotte-andersen.net\\\/wp-content\\\/uploads\\\/2025\\\/07\\\/Logo-bronze-LA-BR-e1751834958356.png\",\"url\":\"https:\\\/\\\/www.liselotte-andersen.net\\\/wp-content\\\/uploads\\\/2025\\\/07\\\/Logo-bronze-LA-BR-e1751834958356.png\",\"contentUrl\":\"https:\\\/\\\/www.liselotte-andersen.net\\\/wp-content\\\/uploads\\\/2025\\\/07\\\/Logo-bronze-LA-BR-e1751834958356.png\",\"width\":754,\"height\":744,\"caption\":\"Liselotte\"},\"logo\":{\"@id\":\"https:\\\/\\\/www.liselotte-andersen.net\\\/wp-content\\\/uploads\\\/2025\\\/07\\\/Logo-bronze-LA-BR-e1751834958356.png\"},\"sameAs\":[\"http:\\\/\\\/www.liselotte-andersen.net\"]}]}<\/script>\n<!-- \/ Yoast SEO plugin. -->","yoast_head_json":{"title":"6 > 20\/09\/2021 Galerie de la Pr\u00e9v\u00f4t\u00e9 (Aix-en-Provence, France) - Liselotte Andersen","robots":{"index":"index","follow":"follow","max-snippet":"max-snippet:-1","max-image-preview":"max-image-preview:large","max-video-preview":"max-video-preview:-1"},"canonical":"https:\/\/www.liselotte-andersen.net\/it\/mostre-temporanee\/6-20-09-2021-galerie-de-la-prevote-aix-en-provence-france\/","og_locale":"it_IT","og_type":"article","og_title":"6 > 20\/09\/2021 Galerie de la Pr\u00e9v\u00f4t\u00e9 (Aix-en-Provence, France) - Liselotte Andersen","og_description":"L&rsquo;Espace 361\u00b0 vous donne rendez-vous deux fois par an dans cette galerie comprenant deux grandes salles et qui est agr\u00e9ment\u00e9e d&rsquo;un patio verdoyant, contexte id\u00e9al pour la mise en sc\u00e8ne de sculptures. Nous sommes 5 artistes, vous \u00eates les bienvenus de 10h \u00e0 19h tous les jours \ud83d\ude42 Place des Martyrs de la r\u00e9sistance (pr\u00e9s&hellip;","og_url":"https:\/\/www.liselotte-andersen.net\/it\/mostre-temporanee\/6-20-09-2021-galerie-de-la-prevote-aix-en-provence-france\/","og_site_name":"Liselotte Andersen","article_published_time":"2021-09-09T07:01:02+00:00","article_modified_time":"2026-01-28T13:49:27+00:00","og_image":[{"width":2448,"height":2448,"url":"https:\/\/www.liselotte-andersen.net\/wp-content\/uploads\/2021\/06\/IMG_7992-e1769605702540.jpg","type":"image\/jpeg"}],"author":"Liselotte","twitter_card":"summary_large_image","twitter_misc":{"Scritto da":"Liselotte","Tempo di lettura stimato":"1 minuto"},"schema":{"@context":"https:\/\/schema.org","@graph":[{"@type":"Article","@id":"https:\/\/www.liselotte-andersen.net\/en\/ephemeral-exhibitions\/6-20-09-2021-galerie-de-la-prevote-aix-en-provence-france\/#article","isPartOf":{"@id":"https:\/\/www.liselotte-andersen.net\/en\/ephemeral-exhibitions\/6-20-09-2021-galerie-de-la-prevote-aix-en-provence-france\/"},"author":{"name":"Liselotte","@id":"https:\/\/www.liselotte-andersen.net\/#\/schema\/person\/e6287e36a81c443bc328eaa434927efc"},"headline":"6 > 20\/09\/2021 Galerie de la Pr\u00e9v\u00f4t\u00e9 (Aix-en-Provence, France)","datePublished":"2021-09-09T07:01:02+00:00","dateModified":"2026-01-28T13:49:27+00:00","mainEntityOfPage":{"@id":"https:\/\/www.liselotte-andersen.net\/en\/ephemeral-exhibitions\/6-20-09-2021-galerie-de-la-prevote-aix-en-provence-france\/"},"wordCount":73,"publisher":{"@id":"https:\/\/www.liselotte-andersen.net\/#\/schema\/person\/e6287e36a81c443bc328eaa434927efc"},"image":{"@id":"https:\/\/www.liselotte-andersen.net\/en\/ephemeral-exhibitions\/6-20-09-2021-galerie-de-la-prevote-aix-en-provence-france\/#primaryimage"},"thumbnailUrl":"https:\/\/www.liselotte-andersen.net\/wp-content\/uploads\/2021\/06\/IMG_7992-e1769605702540.jpg","articleSection":["Expositions \u00e9ph\u00e9m\u00e8res"],"inLanguage":"it-IT"},{"@type":"WebPage","@id":"https:\/\/www.liselotte-andersen.net\/en\/ephemeral-exhibitions\/6-20-09-2021-galerie-de-la-prevote-aix-en-provence-france\/","url":"https:\/\/www.liselotte-andersen.net\/en\/ephemeral-exhibitions\/6-20-09-2021-galerie-de-la-prevote-aix-en-provence-france\/","name":"6 > 20\/09\/2021 Galerie de la Pr\u00e9v\u00f4t\u00e9 (Aix-en-Provence, France) - Liselotte Andersen","isPartOf":{"@id":"https:\/\/www.liselotte-andersen.net\/#website"},"primaryImageOfPage":{"@id":"https:\/\/www.liselotte-andersen.net\/en\/ephemeral-exhibitions\/6-20-09-2021-galerie-de-la-prevote-aix-en-provence-france\/#primaryimage"},"image":{"@id":"https:\/\/www.liselotte-andersen.net\/en\/ephemeral-exhibitions\/6-20-09-2021-galerie-de-la-prevote-aix-en-provence-france\/#primaryimage"},"thumbnailUrl":"https:\/\/www.liselotte-andersen.net\/wp-content\/uploads\/2021\/06\/IMG_7992-e1769605702540.jpg","datePublished":"2021-09-09T07:01:02+00:00","dateModified":"2026-01-28T13:49:27+00:00","breadcrumb":{"@id":"https:\/\/www.liselotte-andersen.net\/en\/ephemeral-exhibitions\/6-20-09-2021-galerie-de-la-prevote-aix-en-provence-france\/#breadcrumb"},"inLanguage":"it-IT","potentialAction":[{"@type":"ReadAction","target":["https:\/\/www.liselotte-andersen.net\/en\/ephemeral-exhibitions\/6-20-09-2021-galerie-de-la-prevote-aix-en-provence-france\/"]}]},{"@type":"ImageObject","inLanguage":"it-IT","@id":"https:\/\/www.liselotte-andersen.net\/en\/ephemeral-exhibitions\/6-20-09-2021-galerie-de-la-prevote-aix-en-provence-france\/#primaryimage","url":"https:\/\/www.liselotte-andersen.net\/wp-content\/uploads\/2021\/06\/IMG_7992-e1769605702540.jpg","contentUrl":"https:\/\/www.liselotte-andersen.net\/wp-content\/uploads\/2021\/06\/IMG_7992-e1769605702540.jpg","width":2448,"height":2448},{"@type":"BreadcrumbList","@id":"https:\/\/www.liselotte-andersen.net\/en\/ephemeral-exhibitions\/6-20-09-2021-galerie-de-la-prevote-aix-en-provence-france\/#breadcrumb","itemListElement":[{"@type":"ListItem","position":1,"name":"Accueil","item":"https:\/\/www.liselotte-andersen.net\/"},{"@type":"ListItem","position":2,"name":"6 > 20\/09\/2021 Galerie de la Pr\u00e9v\u00f4t\u00e9 (Aix-en-Provence, France)"}]},{"@type":"WebSite","@id":"https:\/\/www.liselotte-andersen.net\/#website","url":"https:\/\/www.liselotte-andersen.net\/","name":"Liselotte Andersen","description":"Scultrice","publisher":{"@id":"https:\/\/www.liselotte-andersen.net\/#\/schema\/person\/e6287e36a81c443bc328eaa434927efc"},"potentialAction":[{"@type":"SearchAction","target":{"@type":"EntryPoint","urlTemplate":"https:\/\/www.liselotte-andersen.net\/?s={search_term_string}"},"query-input":{"@type":"PropertyValueSpecification","valueRequired":true,"valueName":"search_term_string"}}],"inLanguage":"it-IT"},{"@type":["Person","Organization"],"@id":"https:\/\/www.liselotte-andersen.net\/#\/schema\/person\/e6287e36a81c443bc328eaa434927efc","name":"Liselotte","image":{"@type":"ImageObject","inLanguage":"it-IT","@id":"https:\/\/www.liselotte-andersen.net\/wp-content\/uploads\/2025\/07\/Logo-bronze-LA-BR-e1751834958356.png","url":"https:\/\/www.liselotte-andersen.net\/wp-content\/uploads\/2025\/07\/Logo-bronze-LA-BR-e1751834958356.png","contentUrl":"https:\/\/www.liselotte-andersen.net\/wp-content\/uploads\/2025\/07\/Logo-bronze-LA-BR-e1751834958356.png","width":754,"height":744,"caption":"Liselotte"},"logo":{"@id":"https:\/\/www.liselotte-andersen.net\/wp-content\/uploads\/2025\/07\/Logo-bronze-LA-BR-e1751834958356.png"},"sameAs":["http:\/\/www.liselotte-andersen.net"]}]}},"_links":{"self":[{"href":"https:\/\/www.liselotte-andersen.net\/it\/wp-json\/wp\/v2\/posts\/8266","targetHints":{"allow":["GET"]}}],"collection":[{"href":"https:\/\/www.liselotte-andersen.net\/it\/wp-json\/wp\/v2\/posts"}],"about":[{"href":"https:\/\/www.liselotte-andersen.net\/it\/wp-json\/wp\/v2\/types\/post"}],"author":[{"embeddable":true,"href":"https:\/\/www.liselotte-andersen.net\/it\/wp-json\/wp\/v2\/users\/3"}],"replies":[{"embeddable":true,"href":"https:\/\/www.liselotte-andersen.net\/it\/wp-json\/wp\/v2\/comments?post=8266"}],"version-history":[{"count":0,"href":"https:\/\/www.liselotte-andersen.net\/it\/wp-json\/wp\/v2\/posts\/8266\/revisions"}],"wp:featuredmedia":[{"embeddable":true,"href":"https:\/\/www.liselotte-andersen.net\/it\/wp-json\/wp\/v2\/media\/7117"}],"wp:attachment":[{"href":"https:\/\/www.liselotte-andersen.net\/it\/wp-json\/wp\/v2\/media?parent=8266"}],"wp:term":[{"taxonomy":"category","embeddable":true,"href":"https:\/\/www.liselotte-andersen.net\/it\/wp-json\/wp\/v2\/categories?post=8266"},{"taxonomy":"post_tag","embeddable":true,"href":"https:\/\/www.liselotte-andersen.net\/it\/wp-json\/wp\/v2\/tags?post=8266"}],"curies":[{"name":"wp","href":"https:\/\/api.w.org\/{rel}","templated":true}]}}