{"id":7104,"date":"2021-06-16T17:12:34","date_gmt":"2021-06-16T16:12:34","guid":{"rendered":"http:\/\/www.liselotte-andersen.net\/?p=7104"},"modified":"2026-01-28T14:49:27","modified_gmt":"2026-01-28T13:49:27","slug":"le-clos-du-puy-puyricard-sud-de-la-france","status":"publish","type":"post","link":"https:\/\/www.liselotte-andersen.net\/it\/expositions-ephemeres\/le-clos-du-puy-puyricard-sud-de-la-france\/","title":{"rendered":"11 &gt; 13\/06\/21 \u2013 Le Clos du Puy (Puyricard \u2013 sud della Francia)"},"content":{"rendered":"<p class=\"wp-block-paragraph\">Je fais partie des 11 artistes contemporains qui vous accueillent dans un magnifique domaine \u00e0 Puyricard agr\u00e9ment\u00e9 d\u2019un grand jardin \u00e0 la fran\u00e7aise, ouvert exceptionnellement au public pour l\u2019occasion.<\/p>\n\n\n\n<p class=\"wp-block-paragraph\">Venez passer un moment convivial \ud83d\ude0a<\/p>\n\n\n\n<p class=\"wp-block-paragraph\">C\u2019est de 11h \u00e0 19h jusqu\u2019\u00e0 dimanche 13 au soir au 1615 Route du Puy Sainte R\u00e9parade.<\/p>\n\n\n\n<figure class=\"wp-block-image size-large\"><img loading=\"lazy\" decoding=\"async\" width=\"768\" height=\"1024\" src=\"https:\/\/www.liselotte-andersen.net\/wp-content\/uploads\/2021\/06\/IMG_7974-scaled-e1769605864238-768x1024.jpg\" alt=\"\" class=\"wp-image-7107\" srcset=\"https:\/\/www.liselotte-andersen.net\/wp-content\/uploads\/2021\/06\/IMG_7974-scaled-e1769605864238-768x1024.jpg 768w, https:\/\/www.liselotte-andersen.net\/wp-content\/uploads\/2021\/06\/IMG_7974-scaled-e1769605864238-225x300.jpg 225w, https:\/\/www.liselotte-andersen.net\/wp-content\/uploads\/2021\/06\/IMG_7974-scaled-e1769605864238-1152x1536.jpg 1152w, https:\/\/www.liselotte-andersen.net\/wp-content\/uploads\/2021\/06\/IMG_7974-scaled-e1769605864238-1536x2048.jpg 1536w, https:\/\/www.liselotte-andersen.net\/wp-content\/uploads\/2021\/06\/IMG_7974-scaled-e1769605864238-1612x2149.jpg 1612w, https:\/\/www.liselotte-andersen.net\/wp-content\/uploads\/2021\/06\/IMG_7974-scaled-e1769605864238-1116x1488.jpg 1116w, https:\/\/www.liselotte-andersen.net\/wp-content\/uploads\/2021\/06\/IMG_7974-scaled-e1769605864238-806x1075.jpg 806w, https:\/\/www.liselotte-andersen.net\/wp-content\/uploads\/2021\/06\/IMG_7974-scaled-e1769605864238-558x744.jpg 558w, https:\/\/www.liselotte-andersen.net\/wp-content\/uploads\/2021\/06\/IMG_7974-scaled-e1769605864238-700x933.jpg 700w, https:\/\/www.liselotte-andersen.net\/wp-content\/uploads\/2021\/06\/IMG_7974-scaled-e1769605864238.jpg 1920w\" sizes=\"auto, (max-width: 768px) 100vw, 768px\" \/><\/figure>\n\n\n\n<figure class=\"wp-block-image\"><img loading=\"lazy\" decoding=\"async\" width=\"800\" height=\"1120\" src=\"https:\/\/www.liselotte-andersen.net\/wp-content\/uploads\/2021\/06\/Affiche-CLos-du-Puy-2021.jpg\" alt=\"\" class=\"wp-image-7105\" srcset=\"https:\/\/www.liselotte-andersen.net\/wp-content\/uploads\/2021\/06\/Affiche-CLos-du-Puy-2021.jpg 800w, https:\/\/www.liselotte-andersen.net\/wp-content\/uploads\/2021\/06\/Affiche-CLos-du-Puy-2021-214x300.jpg 214w, https:\/\/www.liselotte-andersen.net\/wp-content\/uploads\/2021\/06\/Affiche-CLos-du-Puy-2021-731x1024.jpg 731w, https:\/\/www.liselotte-andersen.net\/wp-content\/uploads\/2021\/06\/Affiche-CLos-du-Puy-2021-768x1075.jpg 768w, https:\/\/www.liselotte-andersen.net\/wp-content\/uploads\/2021\/06\/Affiche-CLos-du-Puy-2021-558x781.jpg 558w, https:\/\/www.liselotte-andersen.net\/wp-content\/uploads\/2021\/06\/Affiche-CLos-du-Puy-2021-700x980.jpg 700w, https:\/\/www.liselotte-andersen.net\/wp-content\/uploads\/2021\/06\/Affiche-CLos-du-Puy-2021-600x840.jpg 600w\" sizes=\"auto, (max-width: 800px) 100vw, 800px\" \/><\/figure>\n\n\n\n<p class=\"wp-block-paragraph\"><\/p>","protected":false},"excerpt":{"rendered":"<p>Faccio parte degli 11 artisti contemporanei che vi accolgono in una magnifica tenuta a Puyricard arricchita da un grande giardino alla francese, aperto eccezionalmente al pubblico per l'occasione. Venite a trascorrere un momento conviviale \ud83d\ude0a \u00c8 dalle 11:00 alle 19:00 fino a domenica 13 sera al 1615 Route du Puy Sainte R\u00e9parade.<\/p>","protected":false},"author":3,"featured_media":7105,"comment_status":"closed","ping_status":"open","sticky":false,"template":"","format":"standard","meta":{"_acf_changed":false,"footnotes":""},"categories":[5],"tags":[],"class_list":["post-7104","post","type-post","status-publish","format-standard","has-post-thumbnail","hentry","category-expositions-ephemeres"],"acf":[],"yoast_head":"<!-- This site is optimized with the Yoast SEO plugin v28.4 - https:\/\/yoast.com\/product\/yoast-seo-wordpress\/ -->\n<title>11 &gt; 13\/06\/21 - Le Clos du Puy (Puyricard - sud de la France) - Liselotte Andersen<\/title>\n<meta name=\"robots\" content=\"index, follow, max-snippet:-1, max-image-preview:large, max-video-preview:-1\" \/>\n<link rel=\"canonical\" href=\"https:\/\/www.liselotte-andersen.net\/it\/mostre-temporanee\/le-clos-du-puy-puyricard-sud-de-la-france\/\" \/>\n<meta property=\"og:locale\" content=\"it_IT\" \/>\n<meta property=\"og:type\" content=\"article\" \/>\n<meta property=\"og:title\" content=\"11 &gt; 13\/06\/21 - Le Clos du Puy (Puyricard - sud de la France) - Liselotte Andersen\" \/>\n<meta property=\"og:description\" content=\"Je fais partie des 11 artistes contemporains qui vous accueillent dans un magnifique domaine \u00e0 Puyricard agr\u00e9ment\u00e9 d\u2019un grand jardin \u00e0 la fran\u00e7aise, ouvert exceptionnellement au public pour l\u2019occasion. Venez passer un moment convivial \ud83d\ude0a C\u2019est de 11h \u00e0 19h jusqu\u2019\u00e0 dimanche 13 au soir au 1615 Route du Puy Sainte R\u00e9parade.\" \/>\n<meta property=\"og:url\" content=\"https:\/\/www.liselotte-andersen.net\/it\/mostre-temporanee\/le-clos-du-puy-puyricard-sud-de-la-france\/\" \/>\n<meta property=\"og:site_name\" content=\"Liselotte Andersen\" \/>\n<meta property=\"article:published_time\" content=\"2021-06-16T16:12:34+00:00\" \/>\n<meta property=\"article:modified_time\" content=\"2026-01-28T13:49:27+00:00\" \/>\n<meta property=\"og:image\" content=\"https:\/\/www.liselotte-andersen.net\/wp-content\/uploads\/2021\/06\/Affiche-CLos-du-Puy-2021.jpg\" \/>\n\t<meta property=\"og:image:width\" content=\"800\" \/>\n\t<meta property=\"og:image:height\" content=\"1120\" \/>\n\t<meta property=\"og:image:type\" content=\"image\/jpeg\" \/>\n<meta name=\"author\" content=\"Liselotte\" \/>\n<meta name=\"twitter:card\" content=\"summary_large_image\" \/>\n<meta name=\"twitter:label1\" content=\"Scritto da\" \/>\n\t<meta name=\"twitter:data1\" content=\"Liselotte\" \/>\n<script type=\"application\/ld+json\" class=\"yoast-schema-graph\">{\"@context\":\"https:\\\/\\\/schema.org\",\"@graph\":[{\"@type\":\"Article\",\"@id\":\"https:\\\/\\\/www.liselotte-andersen.net\\\/en\\\/ephemeral-exhibitions\\\/le-clos-du-puy-puyricard-sud-de-la-france\\\/#article\",\"isPartOf\":{\"@id\":\"https:\\\/\\\/www.liselotte-andersen.net\\\/en\\\/ephemeral-exhibitions\\\/le-clos-du-puy-puyricard-sud-de-la-france\\\/\"},\"author\":{\"name\":\"Liselotte\",\"@id\":\"https:\\\/\\\/www.liselotte-andersen.net\\\/#\\\/schema\\\/person\\\/e6287e36a81c443bc328eaa434927efc\"},\"headline\":\"11 > 13\\\/06\\\/21 &#8211; Le Clos du Puy (Puyricard &#8211; sud de la France)\",\"datePublished\":\"2021-06-16T16:12:34+00:00\",\"dateModified\":\"2026-01-28T13:49:27+00:00\",\"mainEntityOfPage\":{\"@id\":\"https:\\\/\\\/www.liselotte-andersen.net\\\/en\\\/ephemeral-exhibitions\\\/le-clos-du-puy-puyricard-sud-de-la-france\\\/\"},\"wordCount\":62,\"publisher\":{\"@id\":\"https:\\\/\\\/www.liselotte-andersen.net\\\/#\\\/schema\\\/person\\\/e6287e36a81c443bc328eaa434927efc\"},\"image\":{\"@id\":\"https:\\\/\\\/www.liselotte-andersen.net\\\/en\\\/ephemeral-exhibitions\\\/le-clos-du-puy-puyricard-sud-de-la-france\\\/#primaryimage\"},\"thumbnailUrl\":\"https:\\\/\\\/www.liselotte-andersen.net\\\/wp-content\\\/uploads\\\/2021\\\/06\\\/Affiche-CLos-du-Puy-2021.jpg\",\"articleSection\":[\"Expositions \u00e9ph\u00e9m\u00e8res\"],\"inLanguage\":\"it-IT\"},{\"@type\":\"WebPage\",\"@id\":\"https:\\\/\\\/www.liselotte-andersen.net\\\/en\\\/ephemeral-exhibitions\\\/le-clos-du-puy-puyricard-sud-de-la-france\\\/\",\"url\":\"https:\\\/\\\/www.liselotte-andersen.net\\\/en\\\/ephemeral-exhibitions\\\/le-clos-du-puy-puyricard-sud-de-la-france\\\/\",\"name\":\"11 > 13\\\/06\\\/21 - Le Clos du Puy (Puyricard - sud de la France) - Liselotte Andersen\",\"isPartOf\":{\"@id\":\"https:\\\/\\\/www.liselotte-andersen.net\\\/#website\"},\"primaryImageOfPage\":{\"@id\":\"https:\\\/\\\/www.liselotte-andersen.net\\\/en\\\/ephemeral-exhibitions\\\/le-clos-du-puy-puyricard-sud-de-la-france\\\/#primaryimage\"},\"image\":{\"@id\":\"https:\\\/\\\/www.liselotte-andersen.net\\\/en\\\/ephemeral-exhibitions\\\/le-clos-du-puy-puyricard-sud-de-la-france\\\/#primaryimage\"},\"thumbnailUrl\":\"https:\\\/\\\/www.liselotte-andersen.net\\\/wp-content\\\/uploads\\\/2021\\\/06\\\/Affiche-CLos-du-Puy-2021.jpg\",\"datePublished\":\"2021-06-16T16:12:34+00:00\",\"dateModified\":\"2026-01-28T13:49:27+00:00\",\"breadcrumb\":{\"@id\":\"https:\\\/\\\/www.liselotte-andersen.net\\\/en\\\/ephemeral-exhibitions\\\/le-clos-du-puy-puyricard-sud-de-la-france\\\/#breadcrumb\"},\"inLanguage\":\"it-IT\",\"potentialAction\":[{\"@type\":\"ReadAction\",\"target\":[\"https:\\\/\\\/www.liselotte-andersen.net\\\/en\\\/ephemeral-exhibitions\\\/le-clos-du-puy-puyricard-sud-de-la-france\\\/\"]}]},{\"@type\":\"ImageObject\",\"inLanguage\":\"it-IT\",\"@id\":\"https:\\\/\\\/www.liselotte-andersen.net\\\/en\\\/ephemeral-exhibitions\\\/le-clos-du-puy-puyricard-sud-de-la-france\\\/#primaryimage\",\"url\":\"https:\\\/\\\/www.liselotte-andersen.net\\\/wp-content\\\/uploads\\\/2021\\\/06\\\/Affiche-CLos-du-Puy-2021.jpg\",\"contentUrl\":\"https:\\\/\\\/www.liselotte-andersen.net\\\/wp-content\\\/uploads\\\/2021\\\/06\\\/Affiche-CLos-du-Puy-2021.jpg\",\"width\":800,\"height\":1120},{\"@type\":\"BreadcrumbList\",\"@id\":\"https:\\\/\\\/www.liselotte-andersen.net\\\/en\\\/ephemeral-exhibitions\\\/le-clos-du-puy-puyricard-sud-de-la-france\\\/#breadcrumb\",\"itemListElement\":[{\"@type\":\"ListItem\",\"position\":1,\"name\":\"Accueil\",\"item\":\"https:\\\/\\\/www.liselotte-andersen.net\\\/\"},{\"@type\":\"ListItem\",\"position\":2,\"name\":\"11 > 13\\\/06\\\/21 &#8211; Le Clos du Puy (Puyricard &#8211; sud de la France)\"}]},{\"@type\":\"WebSite\",\"@id\":\"https:\\\/\\\/www.liselotte-andersen.net\\\/#website\",\"url\":\"https:\\\/\\\/www.liselotte-andersen.net\\\/\",\"name\":\"Liselotte Andersen\",\"description\":\"Sculptrice\",\"publisher\":{\"@id\":\"https:\\\/\\\/www.liselotte-andersen.net\\\/#\\\/schema\\\/person\\\/e6287e36a81c443bc328eaa434927efc\"},\"potentialAction\":[{\"@type\":\"SearchAction\",\"target\":{\"@type\":\"EntryPoint\",\"urlTemplate\":\"https:\\\/\\\/www.liselotte-andersen.net\\\/?s={search_term_string}\"},\"query-input\":{\"@type\":\"PropertyValueSpecification\",\"valueRequired\":true,\"valueName\":\"search_term_string\"}}],\"inLanguage\":\"it-IT\"},{\"@type\":[\"Person\",\"Organization\"],\"@id\":\"https:\\\/\\\/www.liselotte-andersen.net\\\/#\\\/schema\\\/person\\\/e6287e36a81c443bc328eaa434927efc\",\"name\":\"Liselotte\",\"image\":{\"@type\":\"ImageObject\",\"inLanguage\":\"it-IT\",\"@id\":\"https:\\\/\\\/www.liselotte-andersen.net\\\/wp-content\\\/uploads\\\/2025\\\/07\\\/Logo-bronze-LA-BR-e1751834958356.png\",\"url\":\"https:\\\/\\\/www.liselotte-andersen.net\\\/wp-content\\\/uploads\\\/2025\\\/07\\\/Logo-bronze-LA-BR-e1751834958356.png\",\"contentUrl\":\"https:\\\/\\\/www.liselotte-andersen.net\\\/wp-content\\\/uploads\\\/2025\\\/07\\\/Logo-bronze-LA-BR-e1751834958356.png\",\"width\":754,\"height\":744,\"caption\":\"Liselotte\"},\"logo\":{\"@id\":\"https:\\\/\\\/www.liselotte-andersen.net\\\/wp-content\\\/uploads\\\/2025\\\/07\\\/Logo-bronze-LA-BR-e1751834958356.png\"},\"sameAs\":[\"http:\\\/\\\/www.liselotte-andersen.net\"]}]}<\/script>\n<!-- \/ Yoast SEO plugin. -->","yoast_head_json":{"title":"11 > 13\/06\/21 - Le Clos du Puy (Puyricard - sud de la France) - Liselotte Andersen","robots":{"index":"index","follow":"follow","max-snippet":"max-snippet:-1","max-image-preview":"max-image-preview:large","max-video-preview":"max-video-preview:-1"},"canonical":"https:\/\/www.liselotte-andersen.net\/it\/mostre-temporanee\/le-clos-du-puy-puyricard-sud-de-la-france\/","og_locale":"it_IT","og_type":"article","og_title":"11 > 13\/06\/21 - Le Clos du Puy (Puyricard - sud de la France) - Liselotte Andersen","og_description":"Je fais partie des 11 artistes contemporains qui vous accueillent dans un magnifique domaine \u00e0 Puyricard agr\u00e9ment\u00e9 d\u2019un grand jardin \u00e0 la fran\u00e7aise, ouvert exceptionnellement au public pour l\u2019occasion. Venez passer un moment convivial \ud83d\ude0a C\u2019est de 11h \u00e0 19h jusqu\u2019\u00e0 dimanche 13 au soir au 1615 Route du Puy Sainte R\u00e9parade.","og_url":"https:\/\/www.liselotte-andersen.net\/it\/mostre-temporanee\/le-clos-du-puy-puyricard-sud-de-la-france\/","og_site_name":"Liselotte Andersen","article_published_time":"2021-06-16T16:12:34+00:00","article_modified_time":"2026-01-28T13:49:27+00:00","og_image":[{"width":800,"height":1120,"url":"https:\/\/www.liselotte-andersen.net\/wp-content\/uploads\/2021\/06\/Affiche-CLos-du-Puy-2021.jpg","type":"image\/jpeg"}],"author":"Liselotte","twitter_card":"summary_large_image","twitter_misc":{"Scritto da":"Liselotte"},"schema":{"@context":"https:\/\/schema.org","@graph":[{"@type":"Article","@id":"https:\/\/www.liselotte-andersen.net\/en\/ephemeral-exhibitions\/le-clos-du-puy-puyricard-sud-de-la-france\/#article","isPartOf":{"@id":"https:\/\/www.liselotte-andersen.net\/en\/ephemeral-exhibitions\/le-clos-du-puy-puyricard-sud-de-la-france\/"},"author":{"name":"Liselotte","@id":"https:\/\/www.liselotte-andersen.net\/#\/schema\/person\/e6287e36a81c443bc328eaa434927efc"},"headline":"11 > 13\/06\/21 &#8211; Le Clos du Puy (Puyricard &#8211; sud de la France)","datePublished":"2021-06-16T16:12:34+00:00","dateModified":"2026-01-28T13:49:27+00:00","mainEntityOfPage":{"@id":"https:\/\/www.liselotte-andersen.net\/en\/ephemeral-exhibitions\/le-clos-du-puy-puyricard-sud-de-la-france\/"},"wordCount":62,"publisher":{"@id":"https:\/\/www.liselotte-andersen.net\/#\/schema\/person\/e6287e36a81c443bc328eaa434927efc"},"image":{"@id":"https:\/\/www.liselotte-andersen.net\/en\/ephemeral-exhibitions\/le-clos-du-puy-puyricard-sud-de-la-france\/#primaryimage"},"thumbnailUrl":"https:\/\/www.liselotte-andersen.net\/wp-content\/uploads\/2021\/06\/Affiche-CLos-du-Puy-2021.jpg","articleSection":["Expositions \u00e9ph\u00e9m\u00e8res"],"inLanguage":"it-IT"},{"@type":"WebPage","@id":"https:\/\/www.liselotte-andersen.net\/en\/ephemeral-exhibitions\/le-clos-du-puy-puyricard-sud-de-la-france\/","url":"https:\/\/www.liselotte-andersen.net\/en\/ephemeral-exhibitions\/le-clos-du-puy-puyricard-sud-de-la-france\/","name":"11 > 13\/06\/21 - Le Clos du Puy (Puyricard - sud de la France) - Liselotte Andersen","isPartOf":{"@id":"https:\/\/www.liselotte-andersen.net\/#website"},"primaryImageOfPage":{"@id":"https:\/\/www.liselotte-andersen.net\/en\/ephemeral-exhibitions\/le-clos-du-puy-puyricard-sud-de-la-france\/#primaryimage"},"image":{"@id":"https:\/\/www.liselotte-andersen.net\/en\/ephemeral-exhibitions\/le-clos-du-puy-puyricard-sud-de-la-france\/#primaryimage"},"thumbnailUrl":"https:\/\/www.liselotte-andersen.net\/wp-content\/uploads\/2021\/06\/Affiche-CLos-du-Puy-2021.jpg","datePublished":"2021-06-16T16:12:34+00:00","dateModified":"2026-01-28T13:49:27+00:00","breadcrumb":{"@id":"https:\/\/www.liselotte-andersen.net\/en\/ephemeral-exhibitions\/le-clos-du-puy-puyricard-sud-de-la-france\/#breadcrumb"},"inLanguage":"it-IT","potentialAction":[{"@type":"ReadAction","target":["https:\/\/www.liselotte-andersen.net\/en\/ephemeral-exhibitions\/le-clos-du-puy-puyricard-sud-de-la-france\/"]}]},{"@type":"ImageObject","inLanguage":"it-IT","@id":"https:\/\/www.liselotte-andersen.net\/en\/ephemeral-exhibitions\/le-clos-du-puy-puyricard-sud-de-la-france\/#primaryimage","url":"https:\/\/www.liselotte-andersen.net\/wp-content\/uploads\/2021\/06\/Affiche-CLos-du-Puy-2021.jpg","contentUrl":"https:\/\/www.liselotte-andersen.net\/wp-content\/uploads\/2021\/06\/Affiche-CLos-du-Puy-2021.jpg","width":800,"height":1120},{"@type":"BreadcrumbList","@id":"https:\/\/www.liselotte-andersen.net\/en\/ephemeral-exhibitions\/le-clos-du-puy-puyricard-sud-de-la-france\/#breadcrumb","itemListElement":[{"@type":"ListItem","position":1,"name":"Accueil","item":"https:\/\/www.liselotte-andersen.net\/"},{"@type":"ListItem","position":2,"name":"11 > 13\/06\/21 &#8211; Le Clos du Puy (Puyricard &#8211; sud de la France)"}]},{"@type":"WebSite","@id":"https:\/\/www.liselotte-andersen.net\/#website","url":"https:\/\/www.liselotte-andersen.net\/","name":"Liselotte Andersen","description":"Scultrice","publisher":{"@id":"https:\/\/www.liselotte-andersen.net\/#\/schema\/person\/e6287e36a81c443bc328eaa434927efc"},"potentialAction":[{"@type":"SearchAction","target":{"@type":"EntryPoint","urlTemplate":"https:\/\/www.liselotte-andersen.net\/?s={search_term_string}"},"query-input":{"@type":"PropertyValueSpecification","valueRequired":true,"valueName":"search_term_string"}}],"inLanguage":"it-IT"},{"@type":["Person","Organization"],"@id":"https:\/\/www.liselotte-andersen.net\/#\/schema\/person\/e6287e36a81c443bc328eaa434927efc","name":"Liselotte","image":{"@type":"ImageObject","inLanguage":"it-IT","@id":"https:\/\/www.liselotte-andersen.net\/wp-content\/uploads\/2025\/07\/Logo-bronze-LA-BR-e1751834958356.png","url":"https:\/\/www.liselotte-andersen.net\/wp-content\/uploads\/2025\/07\/Logo-bronze-LA-BR-e1751834958356.png","contentUrl":"https:\/\/www.liselotte-andersen.net\/wp-content\/uploads\/2025\/07\/Logo-bronze-LA-BR-e1751834958356.png","width":754,"height":744,"caption":"Liselotte"},"logo":{"@id":"https:\/\/www.liselotte-andersen.net\/wp-content\/uploads\/2025\/07\/Logo-bronze-LA-BR-e1751834958356.png"},"sameAs":["http:\/\/www.liselotte-andersen.net"]}]}},"_links":{"self":[{"href":"https:\/\/www.liselotte-andersen.net\/it\/wp-json\/wp\/v2\/posts\/7104","targetHints":{"allow":["GET"]}}],"collection":[{"href":"https:\/\/www.liselotte-andersen.net\/it\/wp-json\/wp\/v2\/posts"}],"about":[{"href":"https:\/\/www.liselotte-andersen.net\/it\/wp-json\/wp\/v2\/types\/post"}],"author":[{"embeddable":true,"href":"https:\/\/www.liselotte-andersen.net\/it\/wp-json\/wp\/v2\/users\/3"}],"replies":[{"embeddable":true,"href":"https:\/\/www.liselotte-andersen.net\/it\/wp-json\/wp\/v2\/comments?post=7104"}],"version-history":[{"count":0,"href":"https:\/\/www.liselotte-andersen.net\/it\/wp-json\/wp\/v2\/posts\/7104\/revisions"}],"wp:featuredmedia":[{"embeddable":true,"href":"https:\/\/www.liselotte-andersen.net\/it\/wp-json\/wp\/v2\/media\/7105"}],"wp:attachment":[{"href":"https:\/\/www.liselotte-andersen.net\/it\/wp-json\/wp\/v2\/media?parent=7104"}],"wp:term":[{"taxonomy":"category","embeddable":true,"href":"https:\/\/www.liselotte-andersen.net\/it\/wp-json\/wp\/v2\/categories?post=7104"},{"taxonomy":"post_tag","embeddable":true,"href":"https:\/\/www.liselotte-andersen.net\/it\/wp-json\/wp\/v2\/tags?post=7104"}],"curies":[{"name":"wp","href":"https:\/\/api.w.org\/{rel}","templated":true}]}}