{"id":67752,"date":"2026-07-09T19:11:20","date_gmt":"2026-07-09T17:11:20","guid":{"rendered":"https:\/\/www.liselotte-andersen.net\/?p=67752"},"modified":"2026-08-04T19:16:28","modified_gmt":"2026-08-04T17:16:28","slug":"nouvelle-collaboration-galerie-vision-a-tourtour","status":"publish","type":"post","link":"https:\/\/www.liselotte-andersen.net\/it\/en-cours-a-venir\/nouvelle-collaboration-galerie-vision-a-tourtour\/","title":{"rendered":"Nouvelle collaboration : Galerie Vision"},"content":{"rendered":"<div class=\"wp-block-columns is-layout-flex wp-container-core-columns-is-layout-8f761849 wp-block-columns-is-layout-flex\">\n<div class=\"wp-block-column is-layout-flow wp-block-column-is-layout-flow\" style=\"flex-basis:59%\">\n<div class=\"wp-block-group is-vertical is-layout-flex wp-container-core-group-is-layout-4fc3f8e1 wp-block-group-is-layout-flex\">\n<p class=\"wp-block-paragraph\">ADRESSE<\/p>\n\n\n\n<p class=\"wp-block-paragraph\"><a href=\"https:\/\/www.google.fr\/maps\/place\/Atelier-Galerie+VisiOn\/@43.5892104,6.3006968,17z\/data=!3m1!4b1!4m6!3m5!1s0x12c9573ffffffff1:0x4c73322f82dcc1b3!8m2!3d43.5892104!4d6.3032717!16s%2Fg%2F1v6gb03x?entry=ttu&amp;g_ep=EgoyMDI2MDcxOS4wIKXMDSoASAFQAw%3D%3D\" target=\"_blank\" rel=\"noreferrer noopener\">Traverse des Ch\u00e8vres 7<\/a><\/p>\n\n\n\n<p class=\"wp-block-paragraph\">Le village<\/p>\n\n\n\n<p class=\"wp-block-paragraph\">83690 Tourtour<\/p>\n\n\n\n<p class=\"wp-block-paragraph\">France<\/p>\n\n\n\n<p class=\"wp-block-paragraph\">04 98 10 66 98<\/p>\n\n\n\n<p class=\"wp-block-paragraph\"><\/p>\n<\/div>\n\n\n\n<div style=\"height:40px\" aria-hidden=\"true\" class=\"wp-block-spacer\"><\/div>\n\n\n\n<div class=\"wp-block-group is-vertical is-layout-flex wp-container-core-group-is-layout-4fc3f8e1 wp-block-group-is-layout-flex\">\n<p class=\"wp-block-paragraph\">HORAIRES<\/p>\n\n\n\n<p class=\"wp-block-paragraph\">Ouvert avril-octobre<\/p>\n\n\n\n<p class=\"wp-block-paragraph\">10h30-19h<\/p>\n<\/div>\n\n\n\n<div style=\"height:40px\" aria-hidden=\"true\" class=\"wp-block-spacer\"><\/div>\n\n\n\n<div class=\"wp-block-group is-vertical is-layout-flex wp-container-core-group-is-layout-4fc3f8e1 wp-block-group-is-layout-flex\">\n<div class=\"wp-block-group is-vertical is-layout-flex wp-container-core-group-is-layout-4fc3f8e1 wp-block-group-is-layout-flex\">\n<p class=\"wp-block-paragraph\">EN QUELQUES MOTS&#8230;<\/p>\n\n\n\n<p class=\"wp-block-paragraph\">Lorsque l&rsquo;on entre dans l&rsquo;univers de cette belle galerie nich\u00e9e dans un village proven\u00e7al charmant, son \u00e2me particuli\u00e8re et la diversit\u00e9 culturelle sont les impressions premi\u00e8res qui se d\u00e9gagent. Imm\u00e9diatement suivies d&rsquo;un contact chaleureux et riche en partage de la part des deux photographes fondateurs, Dominique Postera et Dominique Plachta, qui posent leur regard sur la Provence et sur les pays qu&rsquo;ils parcourent au fil de leurs voyages. Leurs reportages photographiques se renouvellent constamment, au rythme de leurs d\u00e9couvertes. En deux mots : la rencontre et la nature.<\/p>\n\n\n\n<p class=\"wp-block-paragraph\">La galerie accueille des sculpteurs de renomm\u00e9e internationale, fran\u00e7ais et \u00e9trangers, ce qui en fait un lieu unique dans la r\u00e9gion \u2014 un dialogue permanent entre 2D et 3D qui se r\u00e9pondent dans les \u00e9motions, les th\u00e9matiques comme dans les choix chromatiques. \u00ab\u00a0Un \u00e9tonnement des sens, du c\u0153ur et de l&rsquo;esprit\u00a0\u00bb pour reprendre les mots des galeristes&#8230;<\/p>\n\n\n\n<p class=\"wp-block-paragraph\">\u200b<\/p>\n<\/div>\n<\/div>\n\n\n\n<div style=\"height:40px\" aria-hidden=\"true\" class=\"wp-block-spacer\"><\/div>\n\n\n\n<div class=\"wp-block-group is-vertical is-layout-flex wp-container-core-group-is-layout-4fc3f8e1 wp-block-group-is-layout-flex\">\n<p class=\"wp-block-paragraph\">+ d\u2019INFO<\/p>\n\n\n\n<p class=\"wp-block-paragraph\">Site web : <a href=\"https:\/\/www.galerie-vision.com\/\">www.galerie-vision.com<\/a><\/p>\n\n\n\n<p class=\"wp-block-paragraph\"><\/p>\n<\/div>\n<\/div>\n<\/div>\n\n\n\n<figure class=\"wp-block-gallery has-nested-images columns-default is-cropped wp-block-gallery-1 is-layout-flex wp-block-gallery-is-layout-flex\">\n<figure class=\"wp-block-image size-large\"><img loading=\"lazy\" decoding=\"async\" width=\"923\" height=\"733\" data-id=\"67670\" src=\"https:\/\/www.liselotte-andersen.net\/wp-content\/uploads\/2025\/10\/Galerie-Vision-2.jpg\" alt=\"\" class=\"wp-image-67670\" srcset=\"https:\/\/www.liselotte-andersen.net\/wp-content\/uploads\/2025\/10\/Galerie-Vision-2.jpg 923w, https:\/\/www.liselotte-andersen.net\/wp-content\/uploads\/2025\/10\/Galerie-Vision-2-300x238.jpg 300w, https:\/\/www.liselotte-andersen.net\/wp-content\/uploads\/2025\/10\/Galerie-Vision-2-768x610.jpg 768w, https:\/\/www.liselotte-andersen.net\/wp-content\/uploads\/2025\/10\/Galerie-Vision-2-15x12.jpg 15w, https:\/\/www.liselotte-andersen.net\/wp-content\/uploads\/2025\/10\/Galerie-Vision-2-806x640.jpg 806w, https:\/\/www.liselotte-andersen.net\/wp-content\/uploads\/2025\/10\/Galerie-Vision-2-558x443.jpg 558w, https:\/\/www.liselotte-andersen.net\/wp-content\/uploads\/2025\/10\/Galerie-Vision-2-700x556.jpg 700w, https:\/\/www.liselotte-andersen.net\/wp-content\/uploads\/2025\/10\/Galerie-Vision-2-600x476.jpg 600w\" sizes=\"auto, (max-width: 923px) 100vw, 923px\" \/><figcaption class=\"wp-element-caption\">Screenshot<\/figcaption><\/figure>\n\n\n\n<figure class=\"wp-block-image size-large\"><img loading=\"lazy\" decoding=\"async\" width=\"1024\" height=\"701\" data-id=\"67669\" src=\"https:\/\/www.liselotte-andersen.net\/wp-content\/uploads\/2025\/10\/Marguerite-Galerie-Vision-1024x701.jpg\" alt=\"\" class=\"wp-image-67669\" srcset=\"https:\/\/www.liselotte-andersen.net\/wp-content\/uploads\/2025\/10\/Marguerite-Galerie-Vision-1024x701.jpg 1024w, https:\/\/www.liselotte-andersen.net\/wp-content\/uploads\/2025\/10\/Marguerite-Galerie-Vision-300x205.jpg 300w, https:\/\/www.liselotte-andersen.net\/wp-content\/uploads\/2025\/10\/Marguerite-Galerie-Vision-768x526.jpg 768w, https:\/\/www.liselotte-andersen.net\/wp-content\/uploads\/2025\/10\/Marguerite-Galerie-Vision-18x12.jpg 18w, https:\/\/www.liselotte-andersen.net\/wp-content\/uploads\/2025\/10\/Marguerite-Galerie-Vision-806x552.jpg 806w, https:\/\/www.liselotte-andersen.net\/wp-content\/uploads\/2025\/10\/Marguerite-Galerie-Vision-558x382.jpg 558w, https:\/\/www.liselotte-andersen.net\/wp-content\/uploads\/2025\/10\/Marguerite-Galerie-Vision-700x479.jpg 700w, https:\/\/www.liselotte-andersen.net\/wp-content\/uploads\/2025\/10\/Marguerite-Galerie-Vision.jpg 1082w\" sizes=\"auto, (max-width: 1024px) 100vw, 1024px\" \/><figcaption class=\"wp-element-caption\">Screenshot<\/figcaption><\/figure>\n\n\n\n<figure class=\"wp-block-image size-large\"><img loading=\"lazy\" decoding=\"async\" width=\"960\" height=\"1024\" data-id=\"67671\" src=\"https:\/\/www.liselotte-andersen.net\/wp-content\/uploads\/2025\/10\/Galerie-Art-Vision-3-960x1024.jpg\" alt=\"\" class=\"wp-image-67671\" srcset=\"https:\/\/www.liselotte-andersen.net\/wp-content\/uploads\/2025\/10\/Galerie-Art-Vision-3-960x1024.jpg 960w, https:\/\/www.liselotte-andersen.net\/wp-content\/uploads\/2025\/10\/Galerie-Art-Vision-3-281x300.jpg 281w, https:\/\/www.liselotte-andersen.net\/wp-content\/uploads\/2025\/10\/Galerie-Art-Vision-3-768x819.jpg 768w, https:\/\/www.liselotte-andersen.net\/wp-content\/uploads\/2025\/10\/Galerie-Art-Vision-3-1440x1536.jpg 1440w, https:\/\/www.liselotte-andersen.net\/wp-content\/uploads\/2025\/10\/Galerie-Art-Vision-3-1920x2048.jpg 1920w, https:\/\/www.liselotte-andersen.net\/wp-content\/uploads\/2025\/10\/Galerie-Art-Vision-3-11x12.jpg 11w, https:\/\/www.liselotte-andersen.net\/wp-content\/uploads\/2025\/10\/Galerie-Art-Vision-3-1612x1720.jpg 1612w, https:\/\/www.liselotte-andersen.net\/wp-content\/uploads\/2025\/10\/Galerie-Art-Vision-3-1116x1190.jpg 1116w, https:\/\/www.liselotte-andersen.net\/wp-content\/uploads\/2025\/10\/Galerie-Art-Vision-3-806x860.jpg 806w, https:\/\/www.liselotte-andersen.net\/wp-content\/uploads\/2025\/10\/Galerie-Art-Vision-3-558x595.jpg 558w, https:\/\/www.liselotte-andersen.net\/wp-content\/uploads\/2025\/10\/Galerie-Art-Vision-3-700x747.jpg 700w\" sizes=\"auto, (max-width: 960px) 100vw, 960px\" \/><\/figure>\n<\/figure>","protected":false},"excerpt":{"rendered":"<p>\u2022 Tourtour (83)<br \/>\n\u2022 Francia<br \/>\n\u2022 Aperta da aprile a ottobre<\/p>","protected":false},"author":3,"featured_media":67670,"comment_status":"closed","ping_status":"open","sticky":false,"template":"","format":"standard","meta":{"_acf_changed":false,"footnotes":""},"categories":[72],"tags":[],"class_list":["post-67752","post","type-post","status-publish","format-standard","has-post-thumbnail","hentry","category-en-cours-a-venir"],"acf":[],"yoast_head":"<!-- This site is optimized with the Yoast SEO plugin v28.4 - https:\/\/yoast.com\/product\/yoast-seo-wordpress\/ -->\n<title>Nouvelle collaboration : Galerie Vision - Liselotte Andersen<\/title>\n<meta name=\"robots\" content=\"index, follow, max-snippet:-1, max-image-preview:large, max-video-preview:-1\" \/>\n<link rel=\"canonical\" href=\"https:\/\/www.liselotte-andersen.net\/it\/en-cours-a-venir\/nouvelle-collaboration-galerie-vision-a-tourtour\/\" \/>\n<meta property=\"og:locale\" content=\"it_IT\" \/>\n<meta property=\"og:type\" content=\"article\" \/>\n<meta property=\"og:title\" content=\"Nouvelle collaboration : Galerie Vision - Liselotte Andersen\" \/>\n<meta property=\"og:description\" content=\"\u2022 Tourtour (83) \u2022 France \u2022 Ouverte avril-octobre\" \/>\n<meta property=\"og:url\" content=\"https:\/\/www.liselotte-andersen.net\/it\/en-cours-a-venir\/nouvelle-collaboration-galerie-vision-a-tourtour\/\" \/>\n<meta property=\"og:site_name\" content=\"Liselotte Andersen\" \/>\n<meta property=\"article:published_time\" content=\"2026-07-09T17:11:20+00:00\" \/>\n<meta property=\"article:modified_time\" content=\"2026-08-04T17:16:28+00:00\" \/>\n<meta property=\"og:image\" content=\"https:\/\/www.liselotte-andersen.net\/wp-content\/uploads\/2025\/10\/Galerie-Vision-2.jpg\" \/>\n\t<meta property=\"og:image:width\" content=\"923\" \/>\n\t<meta property=\"og:image:height\" content=\"733\" \/>\n\t<meta property=\"og:image:type\" content=\"image\/jpeg\" \/>\n<meta name=\"author\" content=\"Liselotte\" \/>\n<meta name=\"twitter:card\" content=\"summary_large_image\" \/>\n<meta name=\"twitter:label1\" content=\"Scritto da\" \/>\n\t<meta name=\"twitter:data1\" content=\"Liselotte\" \/>\n\t<meta name=\"twitter:label2\" content=\"Tempo di lettura stimato\" \/>\n\t<meta name=\"twitter:data2\" content=\"2 minuti\" \/>\n<script type=\"application\/ld+json\" class=\"yoast-schema-graph\">{\"@context\":\"https:\\\/\\\/schema.org\",\"@graph\":[{\"@type\":\"Article\",\"@id\":\"https:\\\/\\\/www.liselotte-andersen.net\\\/en-cours-a-venir\\\/nouvelle-collaboration-galerie-vision-a-tourtour\\\/#article\",\"isPartOf\":{\"@id\":\"https:\\\/\\\/www.liselotte-andersen.net\\\/en-cours-a-venir\\\/nouvelle-collaboration-galerie-vision-a-tourtour\\\/\"},\"author\":{\"name\":\"Liselotte\",\"@id\":\"https:\\\/\\\/www.liselotte-andersen.net\\\/#\\\/schema\\\/person\\\/e6287e36a81c443bc328eaa434927efc\"},\"headline\":\"Nouvelle collaboration : Galerie Vision\",\"datePublished\":\"2026-07-09T17:11:20+00:00\",\"dateModified\":\"2026-08-04T17:16:28+00:00\",\"mainEntityOfPage\":{\"@id\":\"https:\\\/\\\/www.liselotte-andersen.net\\\/en-cours-a-venir\\\/nouvelle-collaboration-galerie-vision-a-tourtour\\\/\"},\"wordCount\":192,\"publisher\":{\"@id\":\"https:\\\/\\\/www.liselotte-andersen.net\\\/#\\\/schema\\\/person\\\/e6287e36a81c443bc328eaa434927efc\"},\"image\":{\"@id\":\"https:\\\/\\\/www.liselotte-andersen.net\\\/en-cours-a-venir\\\/nouvelle-collaboration-galerie-vision-a-tourtour\\\/#primaryimage\"},\"thumbnailUrl\":\"https:\\\/\\\/www.liselotte-andersen.net\\\/wp-content\\\/uploads\\\/2025\\\/10\\\/Galerie-Vision-2.jpg\",\"articleSection\":[\"En cours \\\/ A venir\"],\"inLanguage\":\"it-IT\"},{\"@type\":\"WebPage\",\"@id\":\"https:\\\/\\\/www.liselotte-andersen.net\\\/en-cours-a-venir\\\/nouvelle-collaboration-galerie-vision-a-tourtour\\\/\",\"url\":\"https:\\\/\\\/www.liselotte-andersen.net\\\/en-cours-a-venir\\\/nouvelle-collaboration-galerie-vision-a-tourtour\\\/\",\"name\":\"Nouvelle collaboration : Galerie Vision - Liselotte Andersen\",\"isPartOf\":{\"@id\":\"https:\\\/\\\/www.liselotte-andersen.net\\\/#website\"},\"primaryImageOfPage\":{\"@id\":\"https:\\\/\\\/www.liselotte-andersen.net\\\/en-cours-a-venir\\\/nouvelle-collaboration-galerie-vision-a-tourtour\\\/#primaryimage\"},\"image\":{\"@id\":\"https:\\\/\\\/www.liselotte-andersen.net\\\/en-cours-a-venir\\\/nouvelle-collaboration-galerie-vision-a-tourtour\\\/#primaryimage\"},\"thumbnailUrl\":\"https:\\\/\\\/www.liselotte-andersen.net\\\/wp-content\\\/uploads\\\/2025\\\/10\\\/Galerie-Vision-2.jpg\",\"datePublished\":\"2026-07-09T17:11:20+00:00\",\"dateModified\":\"2026-08-04T17:16:28+00:00\",\"breadcrumb\":{\"@id\":\"https:\\\/\\\/www.liselotte-andersen.net\\\/en-cours-a-venir\\\/nouvelle-collaboration-galerie-vision-a-tourtour\\\/#breadcrumb\"},\"inLanguage\":\"it-IT\",\"potentialAction\":[{\"@type\":\"ReadAction\",\"target\":[\"https:\\\/\\\/www.liselotte-andersen.net\\\/en-cours-a-venir\\\/nouvelle-collaboration-galerie-vision-a-tourtour\\\/\"]}]},{\"@type\":\"ImageObject\",\"inLanguage\":\"it-IT\",\"@id\":\"https:\\\/\\\/www.liselotte-andersen.net\\\/en-cours-a-venir\\\/nouvelle-collaboration-galerie-vision-a-tourtour\\\/#primaryimage\",\"url\":\"https:\\\/\\\/www.liselotte-andersen.net\\\/wp-content\\\/uploads\\\/2025\\\/10\\\/Galerie-Vision-2.jpg\",\"contentUrl\":\"https:\\\/\\\/www.liselotte-andersen.net\\\/wp-content\\\/uploads\\\/2025\\\/10\\\/Galerie-Vision-2.jpg\",\"width\":923,\"height\":733,\"caption\":\"Screenshot\"},{\"@type\":\"BreadcrumbList\",\"@id\":\"https:\\\/\\\/www.liselotte-andersen.net\\\/en-cours-a-venir\\\/nouvelle-collaboration-galerie-vision-a-tourtour\\\/#breadcrumb\",\"itemListElement\":[{\"@type\":\"ListItem\",\"position\":1,\"name\":\"Accueil\",\"item\":\"https:\\\/\\\/www.liselotte-andersen.net\\\/\"},{\"@type\":\"ListItem\",\"position\":2,\"name\":\"Nouvelle collaboration : Galerie Vision\"}]},{\"@type\":\"WebSite\",\"@id\":\"https:\\\/\\\/www.liselotte-andersen.net\\\/#website\",\"url\":\"https:\\\/\\\/www.liselotte-andersen.net\\\/\",\"name\":\"Liselotte Andersen\",\"description\":\"Sculptrice\",\"publisher\":{\"@id\":\"https:\\\/\\\/www.liselotte-andersen.net\\\/#\\\/schema\\\/person\\\/e6287e36a81c443bc328eaa434927efc\"},\"potentialAction\":[{\"@type\":\"SearchAction\",\"target\":{\"@type\":\"EntryPoint\",\"urlTemplate\":\"https:\\\/\\\/www.liselotte-andersen.net\\\/?s={search_term_string}\"},\"query-input\":{\"@type\":\"PropertyValueSpecification\",\"valueRequired\":true,\"valueName\":\"search_term_string\"}}],\"inLanguage\":\"it-IT\"},{\"@type\":[\"Person\",\"Organization\"],\"@id\":\"https:\\\/\\\/www.liselotte-andersen.net\\\/#\\\/schema\\\/person\\\/e6287e36a81c443bc328eaa434927efc\",\"name\":\"Liselotte\",\"image\":{\"@type\":\"ImageObject\",\"inLanguage\":\"it-IT\",\"@id\":\"https:\\\/\\\/www.liselotte-andersen.net\\\/wp-content\\\/uploads\\\/2025\\\/07\\\/Logo-bronze-LA-BR-e1751834958356.png\",\"url\":\"https:\\\/\\\/www.liselotte-andersen.net\\\/wp-content\\\/uploads\\\/2025\\\/07\\\/Logo-bronze-LA-BR-e1751834958356.png\",\"contentUrl\":\"https:\\\/\\\/www.liselotte-andersen.net\\\/wp-content\\\/uploads\\\/2025\\\/07\\\/Logo-bronze-LA-BR-e1751834958356.png\",\"width\":754,\"height\":744,\"caption\":\"Liselotte\"},\"logo\":{\"@id\":\"https:\\\/\\\/www.liselotte-andersen.net\\\/wp-content\\\/uploads\\\/2025\\\/07\\\/Logo-bronze-LA-BR-e1751834958356.png\"},\"sameAs\":[\"http:\\\/\\\/www.liselotte-andersen.net\"]}]}<\/script>\n<!-- \/ Yoast SEO plugin. -->","yoast_head_json":{"title":"Nouvelle collaboration : Galerie Vision - Liselotte Andersen","robots":{"index":"index","follow":"follow","max-snippet":"max-snippet:-1","max-image-preview":"max-image-preview:large","max-video-preview":"max-video-preview:-1"},"canonical":"https:\/\/www.liselotte-andersen.net\/it\/en-cours-a-venir\/nouvelle-collaboration-galerie-vision-a-tourtour\/","og_locale":"it_IT","og_type":"article","og_title":"Nouvelle collaboration : Galerie Vision - Liselotte Andersen","og_description":"\u2022 Tourtour (83) \u2022 France \u2022 Ouverte avril-octobre","og_url":"https:\/\/www.liselotte-andersen.net\/it\/en-cours-a-venir\/nouvelle-collaboration-galerie-vision-a-tourtour\/","og_site_name":"Liselotte Andersen","article_published_time":"2026-07-09T17:11:20+00:00","article_modified_time":"2026-08-04T17:16:28+00:00","og_image":[{"width":923,"height":733,"url":"https:\/\/www.liselotte-andersen.net\/wp-content\/uploads\/2025\/10\/Galerie-Vision-2.jpg","type":"image\/jpeg"}],"author":"Liselotte","twitter_card":"summary_large_image","twitter_misc":{"Scritto da":"Liselotte","Tempo di lettura stimato":"2 minuti"},"schema":{"@context":"https:\/\/schema.org","@graph":[{"@type":"Article","@id":"https:\/\/www.liselotte-andersen.net\/en-cours-a-venir\/nouvelle-collaboration-galerie-vision-a-tourtour\/#article","isPartOf":{"@id":"https:\/\/www.liselotte-andersen.net\/en-cours-a-venir\/nouvelle-collaboration-galerie-vision-a-tourtour\/"},"author":{"name":"Liselotte","@id":"https:\/\/www.liselotte-andersen.net\/#\/schema\/person\/e6287e36a81c443bc328eaa434927efc"},"headline":"Nouvelle collaboration : Galerie Vision","datePublished":"2026-07-09T17:11:20+00:00","dateModified":"2026-08-04T17:16:28+00:00","mainEntityOfPage":{"@id":"https:\/\/www.liselotte-andersen.net\/en-cours-a-venir\/nouvelle-collaboration-galerie-vision-a-tourtour\/"},"wordCount":192,"publisher":{"@id":"https:\/\/www.liselotte-andersen.net\/#\/schema\/person\/e6287e36a81c443bc328eaa434927efc"},"image":{"@id":"https:\/\/www.liselotte-andersen.net\/en-cours-a-venir\/nouvelle-collaboration-galerie-vision-a-tourtour\/#primaryimage"},"thumbnailUrl":"https:\/\/www.liselotte-andersen.net\/wp-content\/uploads\/2025\/10\/Galerie-Vision-2.jpg","articleSection":["En cours \/ A venir"],"inLanguage":"it-IT"},{"@type":"WebPage","@id":"https:\/\/www.liselotte-andersen.net\/en-cours-a-venir\/nouvelle-collaboration-galerie-vision-a-tourtour\/","url":"https:\/\/www.liselotte-andersen.net\/en-cours-a-venir\/nouvelle-collaboration-galerie-vision-a-tourtour\/","name":"Nouvelle collaboration : Galerie Vision - Liselotte Andersen","isPartOf":{"@id":"https:\/\/www.liselotte-andersen.net\/#website"},"primaryImageOfPage":{"@id":"https:\/\/www.liselotte-andersen.net\/en-cours-a-venir\/nouvelle-collaboration-galerie-vision-a-tourtour\/#primaryimage"},"image":{"@id":"https:\/\/www.liselotte-andersen.net\/en-cours-a-venir\/nouvelle-collaboration-galerie-vision-a-tourtour\/#primaryimage"},"thumbnailUrl":"https:\/\/www.liselotte-andersen.net\/wp-content\/uploads\/2025\/10\/Galerie-Vision-2.jpg","datePublished":"2026-07-09T17:11:20+00:00","dateModified":"2026-08-04T17:16:28+00:00","breadcrumb":{"@id":"https:\/\/www.liselotte-andersen.net\/en-cours-a-venir\/nouvelle-collaboration-galerie-vision-a-tourtour\/#breadcrumb"},"inLanguage":"it-IT","potentialAction":[{"@type":"ReadAction","target":["https:\/\/www.liselotte-andersen.net\/en-cours-a-venir\/nouvelle-collaboration-galerie-vision-a-tourtour\/"]}]},{"@type":"ImageObject","inLanguage":"it-IT","@id":"https:\/\/www.liselotte-andersen.net\/en-cours-a-venir\/nouvelle-collaboration-galerie-vision-a-tourtour\/#primaryimage","url":"https:\/\/www.liselotte-andersen.net\/wp-content\/uploads\/2025\/10\/Galerie-Vision-2.jpg","contentUrl":"https:\/\/www.liselotte-andersen.net\/wp-content\/uploads\/2025\/10\/Galerie-Vision-2.jpg","width":923,"height":733,"caption":"Screenshot"},{"@type":"BreadcrumbList","@id":"https:\/\/www.liselotte-andersen.net\/en-cours-a-venir\/nouvelle-collaboration-galerie-vision-a-tourtour\/#breadcrumb","itemListElement":[{"@type":"ListItem","position":1,"name":"Accueil","item":"https:\/\/www.liselotte-andersen.net\/"},{"@type":"ListItem","position":2,"name":"Nouvelle collaboration : Galerie Vision"}]},{"@type":"WebSite","@id":"https:\/\/www.liselotte-andersen.net\/#website","url":"https:\/\/www.liselotte-andersen.net\/","name":"Liselotte Andersen","description":"Scultrice","publisher":{"@id":"https:\/\/www.liselotte-andersen.net\/#\/schema\/person\/e6287e36a81c443bc328eaa434927efc"},"potentialAction":[{"@type":"SearchAction","target":{"@type":"EntryPoint","urlTemplate":"https:\/\/www.liselotte-andersen.net\/?s={search_term_string}"},"query-input":{"@type":"PropertyValueSpecification","valueRequired":true,"valueName":"search_term_string"}}],"inLanguage":"it-IT"},{"@type":["Person","Organization"],"@id":"https:\/\/www.liselotte-andersen.net\/#\/schema\/person\/e6287e36a81c443bc328eaa434927efc","name":"Liselotte","image":{"@type":"ImageObject","inLanguage":"it-IT","@id":"https:\/\/www.liselotte-andersen.net\/wp-content\/uploads\/2025\/07\/Logo-bronze-LA-BR-e1751834958356.png","url":"https:\/\/www.liselotte-andersen.net\/wp-content\/uploads\/2025\/07\/Logo-bronze-LA-BR-e1751834958356.png","contentUrl":"https:\/\/www.liselotte-andersen.net\/wp-content\/uploads\/2025\/07\/Logo-bronze-LA-BR-e1751834958356.png","width":754,"height":744,"caption":"Liselotte"},"logo":{"@id":"https:\/\/www.liselotte-andersen.net\/wp-content\/uploads\/2025\/07\/Logo-bronze-LA-BR-e1751834958356.png"},"sameAs":["http:\/\/www.liselotte-andersen.net"]}]}},"_links":{"self":[{"href":"https:\/\/www.liselotte-andersen.net\/it\/wp-json\/wp\/v2\/posts\/67752","targetHints":{"allow":["GET"]}}],"collection":[{"href":"https:\/\/www.liselotte-andersen.net\/it\/wp-json\/wp\/v2\/posts"}],"about":[{"href":"https:\/\/www.liselotte-andersen.net\/it\/wp-json\/wp\/v2\/types\/post"}],"author":[{"embeddable":true,"href":"https:\/\/www.liselotte-andersen.net\/it\/wp-json\/wp\/v2\/users\/3"}],"replies":[{"embeddable":true,"href":"https:\/\/www.liselotte-andersen.net\/it\/wp-json\/wp\/v2\/comments?post=67752"}],"version-history":[{"count":2,"href":"https:\/\/www.liselotte-andersen.net\/it\/wp-json\/wp\/v2\/posts\/67752\/revisions"}],"predecessor-version":[{"id":67765,"href":"https:\/\/www.liselotte-andersen.net\/it\/wp-json\/wp\/v2\/posts\/67752\/revisions\/67765"}],"wp:featuredmedia":[{"embeddable":true,"href":"https:\/\/www.liselotte-andersen.net\/it\/wp-json\/wp\/v2\/media\/67670"}],"wp:attachment":[{"href":"https:\/\/www.liselotte-andersen.net\/it\/wp-json\/wp\/v2\/media?parent=67752"}],"wp:term":[{"taxonomy":"category","embeddable":true,"href":"https:\/\/www.liselotte-andersen.net\/it\/wp-json\/wp\/v2\/categories?post=67752"},{"taxonomy":"post_tag","embeddable":true,"href":"https:\/\/www.liselotte-andersen.net\/it\/wp-json\/wp\/v2\/tags?post=67752"}],"curies":[{"name":"wp","href":"https:\/\/api.w.org\/{rel}","templated":true}]}}