{"id":66953,"date":"2025-06-28T15:10:54","date_gmt":"2025-06-28T14:10:54","guid":{"rendered":"https:\/\/www.liselotte-andersen.net\/?p=65581"},"modified":"2026-02-11T16:57:24","modified_gmt":"2026-02-11T15:57:24","slug":"galerie-ephemere-place-de-lhotel-de-ville-aix-en-provence-2","status":"publish","type":"post","link":"https:\/\/www.liselotte-andersen.net\/it\/expositions-ephemeres\/galerie-ephemere-place-de-lhotel-de-ville-aix-en-provence-2\/","title":{"rendered":"Galleria Place de l\u2019H\u00f4tel de ville \u2013 Aix-en-Provence (Francia)"},"content":{"rendered":"<p class=\"wp-block-paragraph\"><img loading=\"lazy\" decoding=\"async\" class=\"alignnone size-medium wp-image-65588\" src=\"https:\/\/www.liselotte-andersen.net\/wp-content\/uploads\/2025\/06\/affiche-boutique-hotel-de-ville-2025.jpg\" alt=\"Exposition Sculpture &amp; photographie\" width=\"1\" height=\"1\">Retrouvez une grande partie de mes sculptures en bronze aux c\u00f4t\u00e9s des photographies technique mixte de Chrystel Regord et de Sophie Bourgeix.<\/p>\n\n\n\n<p class=\"wp-block-paragraph\">Nous vous accueillons tous les jours de 10h \u00e0 18h du mardi 1er au dimanche 20 juillet inclus.<\/p>\n\n\n\n<p class=\"wp-block-paragraph\">Place de l\u2019H\u00f4tel de Ville, au d\u00e9but de la rue Paul Bert \u00e0 Aix-en-Provence.<\/p>\n\n\n\n<p class=\"wp-block-paragraph\">Si vous souhaitez vous assurer de ma pr\u00e9sence lors de votre passage, je vous invite \u00e0 me contacter au 0610186970<\/p>\n\n\n\n<figure class=\"wp-block-image\"><img decoding=\"async\" src=\"https:\/\/www.liselotte-andersen.net\/wp-content\/uploads\/2025\/06\/affiche-boutique-hotel-de-ville-2025.jpg\" alt=\"Exposition Sculpture &amp; photographie\" class=\"wp-image-65588\"\/><\/figure>\n\n\n\n<p class=\"wp-block-paragraph\"><\/p>","protected":false},"excerpt":{"rendered":"<p>Potrete ammirare gran parte delle mie sculture in bronzo accanto alle fotografie a tecnica mista di Chrystel Regord e Sophie Bourgeix. Vi aspettiamo tutti i giorni dalle 10:00 alle 18:00, da marted\u00ec 1\u00b0 a domenica 20 luglio compresi. Place de l\u2019H\u00f4tel de Ville, all\u2019inizio di rue Paul Bert ad Aix-en-Provence. Se\u2026<\/p>","protected":false},"author":3,"featured_media":66859,"comment_status":"closed","ping_status":"open","sticky":false,"template":"","format":"standard","meta":{"_acf_changed":false,"footnotes":""},"categories":[5],"tags":[],"class_list":["post-66953","post","type-post","status-publish","format-standard","has-post-thumbnail","hentry","category-expositions-ephemeres"],"acf":[],"yoast_head":"<!-- This site is optimized with the Yoast SEO plugin v28.4 - https:\/\/yoast.com\/product\/yoast-seo-wordpress\/ -->\n<title>Galerie Place de l&#039;H\u00f4tel de ville - Aix-en-Provence (France) - Liselotte Andersen<\/title>\n<meta name=\"robots\" content=\"index, follow, max-snippet:-1, max-image-preview:large, max-video-preview:-1\" \/>\n<link rel=\"canonical\" href=\"https:\/\/www.liselotte-andersen.net\/it\/mostre-temporanee\/galerie-ephemere-place-de-lhotel-de-ville-aix-en-provence-2\/\" \/>\n<meta property=\"og:locale\" content=\"it_IT\" \/>\n<meta property=\"og:type\" content=\"article\" \/>\n<meta property=\"og:title\" content=\"Galerie Place de l&#039;H\u00f4tel de ville - Aix-en-Provence (France) - Liselotte Andersen\" \/>\n<meta property=\"og:description\" content=\"Retrouvez une grande partie de mes sculptures en bronze aux c\u00f4t\u00e9s des photographies technique mixte de Chrystel Regord et de Sophie Bourgeix. Nous vous accueillons tous les jours de 10h \u00e0 18h du mardi 1er au dimanche 20 juillet inclus. Place de l\u2019H\u00f4tel de Ville, au d\u00e9but de la rue Paul Bert \u00e0 Aix-en-Provence. Si&hellip;\" \/>\n<meta property=\"og:url\" content=\"https:\/\/www.liselotte-andersen.net\/it\/mostre-temporanee\/galerie-ephemere-place-de-lhotel-de-ville-aix-en-provence-2\/\" \/>\n<meta property=\"og:site_name\" content=\"Liselotte Andersen\" \/>\n<meta property=\"article:published_time\" content=\"2025-06-28T14:10:54+00:00\" \/>\n<meta property=\"article:modified_time\" content=\"2026-02-11T15:57:24+00:00\" \/>\n<meta property=\"og:image\" content=\"https:\/\/www.liselotte-andersen.net\/wp-content\/uploads\/2025\/06\/place-hotel-de-ville-scaled-e1751120466446.jpg\" \/>\n\t<meta property=\"og:image:width\" content=\"1920\" \/>\n\t<meta property=\"og:image:height\" content=\"1182\" \/>\n\t<meta property=\"og:image:type\" content=\"image\/jpeg\" \/>\n<meta name=\"author\" content=\"Liselotte\" \/>\n<meta name=\"twitter:card\" content=\"summary_large_image\" \/>\n<meta name=\"twitter:label1\" content=\"Scritto da\" \/>\n\t<meta name=\"twitter:data1\" content=\"Liselotte\" \/>\n<script type=\"application\/ld+json\" class=\"yoast-schema-graph\">{\"@context\":\"https:\\\/\\\/schema.org\",\"@graph\":[{\"@type\":\"Article\",\"@id\":\"https:\\\/\\\/www.liselotte-andersen.net\\\/en\\\/ephemeral-exhibitions\\\/galerie-ephemere-place-de-lhotel-de-ville-aix-en-provence-2\\\/#article\",\"isPartOf\":{\"@id\":\"https:\\\/\\\/www.liselotte-andersen.net\\\/en\\\/ephemeral-exhibitions\\\/galerie-ephemere-place-de-lhotel-de-ville-aix-en-provence-2\\\/\"},\"author\":{\"name\":\"Liselotte\",\"@id\":\"https:\\\/\\\/www.liselotte-andersen.net\\\/#\\\/schema\\\/person\\\/e6287e36a81c443bc328eaa434927efc\"},\"headline\":\"Galerie Place de l&rsquo;H\u00f4tel de ville &#8211; Aix-en-Provence (France)\",\"datePublished\":\"2025-06-28T14:10:54+00:00\",\"dateModified\":\"2026-02-11T15:57:24+00:00\",\"mainEntityOfPage\":{\"@id\":\"https:\\\/\\\/www.liselotte-andersen.net\\\/en\\\/ephemeral-exhibitions\\\/galerie-ephemere-place-de-lhotel-de-ville-aix-en-provence-2\\\/\"},\"wordCount\":86,\"publisher\":{\"@id\":\"https:\\\/\\\/www.liselotte-andersen.net\\\/#\\\/schema\\\/person\\\/e6287e36a81c443bc328eaa434927efc\"},\"image\":{\"@id\":\"https:\\\/\\\/www.liselotte-andersen.net\\\/en\\\/ephemeral-exhibitions\\\/galerie-ephemere-place-de-lhotel-de-ville-aix-en-provence-2\\\/#primaryimage\"},\"thumbnailUrl\":\"https:\\\/\\\/www.liselotte-andersen.net\\\/wp-content\\\/uploads\\\/2025\\\/06\\\/place-hotel-de-ville-scaled-e1751120466446.jpg\",\"articleSection\":[\"Expositions \u00e9ph\u00e9m\u00e8res\"],\"inLanguage\":\"it-IT\"},{\"@type\":\"WebPage\",\"@id\":\"https:\\\/\\\/www.liselotte-andersen.net\\\/en\\\/ephemeral-exhibitions\\\/galerie-ephemere-place-de-lhotel-de-ville-aix-en-provence-2\\\/\",\"url\":\"https:\\\/\\\/www.liselotte-andersen.net\\\/en\\\/ephemeral-exhibitions\\\/galerie-ephemere-place-de-lhotel-de-ville-aix-en-provence-2\\\/\",\"name\":\"Galerie Place de l'H\u00f4tel de ville - Aix-en-Provence (France) - Liselotte Andersen\",\"isPartOf\":{\"@id\":\"https:\\\/\\\/www.liselotte-andersen.net\\\/#website\"},\"primaryImageOfPage\":{\"@id\":\"https:\\\/\\\/www.liselotte-andersen.net\\\/en\\\/ephemeral-exhibitions\\\/galerie-ephemere-place-de-lhotel-de-ville-aix-en-provence-2\\\/#primaryimage\"},\"image\":{\"@id\":\"https:\\\/\\\/www.liselotte-andersen.net\\\/en\\\/ephemeral-exhibitions\\\/galerie-ephemere-place-de-lhotel-de-ville-aix-en-provence-2\\\/#primaryimage\"},\"thumbnailUrl\":\"https:\\\/\\\/www.liselotte-andersen.net\\\/wp-content\\\/uploads\\\/2025\\\/06\\\/place-hotel-de-ville-scaled-e1751120466446.jpg\",\"datePublished\":\"2025-06-28T14:10:54+00:00\",\"dateModified\":\"2026-02-11T15:57:24+00:00\",\"breadcrumb\":{\"@id\":\"https:\\\/\\\/www.liselotte-andersen.net\\\/en\\\/ephemeral-exhibitions\\\/galerie-ephemere-place-de-lhotel-de-ville-aix-en-provence-2\\\/#breadcrumb\"},\"inLanguage\":\"it-IT\",\"potentialAction\":[{\"@type\":\"ReadAction\",\"target\":[\"https:\\\/\\\/www.liselotte-andersen.net\\\/en\\\/ephemeral-exhibitions\\\/galerie-ephemere-place-de-lhotel-de-ville-aix-en-provence-2\\\/\"]}]},{\"@type\":\"ImageObject\",\"inLanguage\":\"it-IT\",\"@id\":\"https:\\\/\\\/www.liselotte-andersen.net\\\/en\\\/ephemeral-exhibitions\\\/galerie-ephemere-place-de-lhotel-de-ville-aix-en-provence-2\\\/#primaryimage\",\"url\":\"https:\\\/\\\/www.liselotte-andersen.net\\\/wp-content\\\/uploads\\\/2025\\\/06\\\/place-hotel-de-ville-scaled-e1751120466446.jpg\",\"contentUrl\":\"https:\\\/\\\/www.liselotte-andersen.net\\\/wp-content\\\/uploads\\\/2025\\\/06\\\/place-hotel-de-ville-scaled-e1751120466446.jpg\",\"width\":1920,\"height\":1182},{\"@type\":\"BreadcrumbList\",\"@id\":\"https:\\\/\\\/www.liselotte-andersen.net\\\/en\\\/ephemeral-exhibitions\\\/galerie-ephemere-place-de-lhotel-de-ville-aix-en-provence-2\\\/#breadcrumb\",\"itemListElement\":[{\"@type\":\"ListItem\",\"position\":1,\"name\":\"Accueil\",\"item\":\"https:\\\/\\\/www.liselotte-andersen.net\\\/\"},{\"@type\":\"ListItem\",\"position\":2,\"name\":\"Galerie Place de l&rsquo;H\u00f4tel de ville &#8211; Aix-en-Provence (France)\"}]},{\"@type\":\"WebSite\",\"@id\":\"https:\\\/\\\/www.liselotte-andersen.net\\\/#website\",\"url\":\"https:\\\/\\\/www.liselotte-andersen.net\\\/\",\"name\":\"Liselotte Andersen\",\"description\":\"Sculptrice\",\"publisher\":{\"@id\":\"https:\\\/\\\/www.liselotte-andersen.net\\\/#\\\/schema\\\/person\\\/e6287e36a81c443bc328eaa434927efc\"},\"potentialAction\":[{\"@type\":\"SearchAction\",\"target\":{\"@type\":\"EntryPoint\",\"urlTemplate\":\"https:\\\/\\\/www.liselotte-andersen.net\\\/?s={search_term_string}\"},\"query-input\":{\"@type\":\"PropertyValueSpecification\",\"valueRequired\":true,\"valueName\":\"search_term_string\"}}],\"inLanguage\":\"it-IT\"},{\"@type\":[\"Person\",\"Organization\"],\"@id\":\"https:\\\/\\\/www.liselotte-andersen.net\\\/#\\\/schema\\\/person\\\/e6287e36a81c443bc328eaa434927efc\",\"name\":\"Liselotte\",\"image\":{\"@type\":\"ImageObject\",\"inLanguage\":\"it-IT\",\"@id\":\"https:\\\/\\\/www.liselotte-andersen.net\\\/wp-content\\\/uploads\\\/2025\\\/07\\\/Logo-bronze-LA-BR-e1751834958356.png\",\"url\":\"https:\\\/\\\/www.liselotte-andersen.net\\\/wp-content\\\/uploads\\\/2025\\\/07\\\/Logo-bronze-LA-BR-e1751834958356.png\",\"contentUrl\":\"https:\\\/\\\/www.liselotte-andersen.net\\\/wp-content\\\/uploads\\\/2025\\\/07\\\/Logo-bronze-LA-BR-e1751834958356.png\",\"width\":754,\"height\":744,\"caption\":\"Liselotte\"},\"logo\":{\"@id\":\"https:\\\/\\\/www.liselotte-andersen.net\\\/wp-content\\\/uploads\\\/2025\\\/07\\\/Logo-bronze-LA-BR-e1751834958356.png\"},\"sameAs\":[\"http:\\\/\\\/www.liselotte-andersen.net\"]}]}<\/script>\n<!-- \/ Yoast SEO plugin. -->","yoast_head_json":{"title":"Galerie Place de l'H\u00f4tel de ville - Aix-en-Provence (France) - Liselotte Andersen","robots":{"index":"index","follow":"follow","max-snippet":"max-snippet:-1","max-image-preview":"max-image-preview:large","max-video-preview":"max-video-preview:-1"},"canonical":"https:\/\/www.liselotte-andersen.net\/it\/mostre-temporanee\/galerie-ephemere-place-de-lhotel-de-ville-aix-en-provence-2\/","og_locale":"it_IT","og_type":"article","og_title":"Galerie Place de l'H\u00f4tel de ville - Aix-en-Provence (France) - Liselotte Andersen","og_description":"Retrouvez une grande partie de mes sculptures en bronze aux c\u00f4t\u00e9s des photographies technique mixte de Chrystel Regord et de Sophie Bourgeix. Nous vous accueillons tous les jours de 10h \u00e0 18h du mardi 1er au dimanche 20 juillet inclus. Place de l\u2019H\u00f4tel de Ville, au d\u00e9but de la rue Paul Bert \u00e0 Aix-en-Provence. Si&hellip;","og_url":"https:\/\/www.liselotte-andersen.net\/it\/mostre-temporanee\/galerie-ephemere-place-de-lhotel-de-ville-aix-en-provence-2\/","og_site_name":"Liselotte Andersen","article_published_time":"2025-06-28T14:10:54+00:00","article_modified_time":"2026-02-11T15:57:24+00:00","og_image":[{"width":1920,"height":1182,"url":"https:\/\/www.liselotte-andersen.net\/wp-content\/uploads\/2025\/06\/place-hotel-de-ville-scaled-e1751120466446.jpg","type":"image\/jpeg"}],"author":"Liselotte","twitter_card":"summary_large_image","twitter_misc":{"Scritto da":"Liselotte"},"schema":{"@context":"https:\/\/schema.org","@graph":[{"@type":"Article","@id":"https:\/\/www.liselotte-andersen.net\/en\/ephemeral-exhibitions\/galerie-ephemere-place-de-lhotel-de-ville-aix-en-provence-2\/#article","isPartOf":{"@id":"https:\/\/www.liselotte-andersen.net\/en\/ephemeral-exhibitions\/galerie-ephemere-place-de-lhotel-de-ville-aix-en-provence-2\/"},"author":{"name":"Liselotte","@id":"https:\/\/www.liselotte-andersen.net\/#\/schema\/person\/e6287e36a81c443bc328eaa434927efc"},"headline":"Galerie Place de l&rsquo;H\u00f4tel de ville &#8211; Aix-en-Provence (France)","datePublished":"2025-06-28T14:10:54+00:00","dateModified":"2026-02-11T15:57:24+00:00","mainEntityOfPage":{"@id":"https:\/\/www.liselotte-andersen.net\/en\/ephemeral-exhibitions\/galerie-ephemere-place-de-lhotel-de-ville-aix-en-provence-2\/"},"wordCount":86,"publisher":{"@id":"https:\/\/www.liselotte-andersen.net\/#\/schema\/person\/e6287e36a81c443bc328eaa434927efc"},"image":{"@id":"https:\/\/www.liselotte-andersen.net\/en\/ephemeral-exhibitions\/galerie-ephemere-place-de-lhotel-de-ville-aix-en-provence-2\/#primaryimage"},"thumbnailUrl":"https:\/\/www.liselotte-andersen.net\/wp-content\/uploads\/2025\/06\/place-hotel-de-ville-scaled-e1751120466446.jpg","articleSection":["Expositions \u00e9ph\u00e9m\u00e8res"],"inLanguage":"it-IT"},{"@type":"WebPage","@id":"https:\/\/www.liselotte-andersen.net\/en\/ephemeral-exhibitions\/galerie-ephemere-place-de-lhotel-de-ville-aix-en-provence-2\/","url":"https:\/\/www.liselotte-andersen.net\/en\/ephemeral-exhibitions\/galerie-ephemere-place-de-lhotel-de-ville-aix-en-provence-2\/","name":"Galerie Place de l'H\u00f4tel de ville - Aix-en-Provence (France) - Liselotte Andersen","isPartOf":{"@id":"https:\/\/www.liselotte-andersen.net\/#website"},"primaryImageOfPage":{"@id":"https:\/\/www.liselotte-andersen.net\/en\/ephemeral-exhibitions\/galerie-ephemere-place-de-lhotel-de-ville-aix-en-provence-2\/#primaryimage"},"image":{"@id":"https:\/\/www.liselotte-andersen.net\/en\/ephemeral-exhibitions\/galerie-ephemere-place-de-lhotel-de-ville-aix-en-provence-2\/#primaryimage"},"thumbnailUrl":"https:\/\/www.liselotte-andersen.net\/wp-content\/uploads\/2025\/06\/place-hotel-de-ville-scaled-e1751120466446.jpg","datePublished":"2025-06-28T14:10:54+00:00","dateModified":"2026-02-11T15:57:24+00:00","breadcrumb":{"@id":"https:\/\/www.liselotte-andersen.net\/en\/ephemeral-exhibitions\/galerie-ephemere-place-de-lhotel-de-ville-aix-en-provence-2\/#breadcrumb"},"inLanguage":"it-IT","potentialAction":[{"@type":"ReadAction","target":["https:\/\/www.liselotte-andersen.net\/en\/ephemeral-exhibitions\/galerie-ephemere-place-de-lhotel-de-ville-aix-en-provence-2\/"]}]},{"@type":"ImageObject","inLanguage":"it-IT","@id":"https:\/\/www.liselotte-andersen.net\/en\/ephemeral-exhibitions\/galerie-ephemere-place-de-lhotel-de-ville-aix-en-provence-2\/#primaryimage","url":"https:\/\/www.liselotte-andersen.net\/wp-content\/uploads\/2025\/06\/place-hotel-de-ville-scaled-e1751120466446.jpg","contentUrl":"https:\/\/www.liselotte-andersen.net\/wp-content\/uploads\/2025\/06\/place-hotel-de-ville-scaled-e1751120466446.jpg","width":1920,"height":1182},{"@type":"BreadcrumbList","@id":"https:\/\/www.liselotte-andersen.net\/en\/ephemeral-exhibitions\/galerie-ephemere-place-de-lhotel-de-ville-aix-en-provence-2\/#breadcrumb","itemListElement":[{"@type":"ListItem","position":1,"name":"Accueil","item":"https:\/\/www.liselotte-andersen.net\/"},{"@type":"ListItem","position":2,"name":"Galerie Place de l&rsquo;H\u00f4tel de ville &#8211; Aix-en-Provence (France)"}]},{"@type":"WebSite","@id":"https:\/\/www.liselotte-andersen.net\/#website","url":"https:\/\/www.liselotte-andersen.net\/","name":"Liselotte Andersen","description":"Scultrice","publisher":{"@id":"https:\/\/www.liselotte-andersen.net\/#\/schema\/person\/e6287e36a81c443bc328eaa434927efc"},"potentialAction":[{"@type":"SearchAction","target":{"@type":"EntryPoint","urlTemplate":"https:\/\/www.liselotte-andersen.net\/?s={search_term_string}"},"query-input":{"@type":"PropertyValueSpecification","valueRequired":true,"valueName":"search_term_string"}}],"inLanguage":"it-IT"},{"@type":["Person","Organization"],"@id":"https:\/\/www.liselotte-andersen.net\/#\/schema\/person\/e6287e36a81c443bc328eaa434927efc","name":"Liselotte","image":{"@type":"ImageObject","inLanguage":"it-IT","@id":"https:\/\/www.liselotte-andersen.net\/wp-content\/uploads\/2025\/07\/Logo-bronze-LA-BR-e1751834958356.png","url":"https:\/\/www.liselotte-andersen.net\/wp-content\/uploads\/2025\/07\/Logo-bronze-LA-BR-e1751834958356.png","contentUrl":"https:\/\/www.liselotte-andersen.net\/wp-content\/uploads\/2025\/07\/Logo-bronze-LA-BR-e1751834958356.png","width":754,"height":744,"caption":"Liselotte"},"logo":{"@id":"https:\/\/www.liselotte-andersen.net\/wp-content\/uploads\/2025\/07\/Logo-bronze-LA-BR-e1751834958356.png"},"sameAs":["http:\/\/www.liselotte-andersen.net"]}]}},"_links":{"self":[{"href":"https:\/\/www.liselotte-andersen.net\/it\/wp-json\/wp\/v2\/posts\/66953","targetHints":{"allow":["GET"]}}],"collection":[{"href":"https:\/\/www.liselotte-andersen.net\/it\/wp-json\/wp\/v2\/posts"}],"about":[{"href":"https:\/\/www.liselotte-andersen.net\/it\/wp-json\/wp\/v2\/types\/post"}],"author":[{"embeddable":true,"href":"https:\/\/www.liselotte-andersen.net\/it\/wp-json\/wp\/v2\/users\/3"}],"replies":[{"embeddable":true,"href":"https:\/\/www.liselotte-andersen.net\/it\/wp-json\/wp\/v2\/comments?post=66953"}],"version-history":[{"count":0,"href":"https:\/\/www.liselotte-andersen.net\/it\/wp-json\/wp\/v2\/posts\/66953\/revisions"}],"wp:featuredmedia":[{"embeddable":true,"href":"https:\/\/www.liselotte-andersen.net\/it\/wp-json\/wp\/v2\/media\/66859"}],"wp:attachment":[{"href":"https:\/\/www.liselotte-andersen.net\/it\/wp-json\/wp\/v2\/media?parent=66953"}],"wp:term":[{"taxonomy":"category","embeddable":true,"href":"https:\/\/www.liselotte-andersen.net\/it\/wp-json\/wp\/v2\/categories?post=66953"},{"taxonomy":"post_tag","embeddable":true,"href":"https:\/\/www.liselotte-andersen.net\/it\/wp-json\/wp\/v2\/tags?post=66953"}],"curies":[{"name":"wp","href":"https:\/\/api.w.org\/{rel}","templated":true}]}}