{"id":66855,"date":"2025-11-24T11:49:57","date_gmt":"2025-11-24T10:49:57","guid":{"rendered":"https:\/\/www.liselotte-andersen.net\/?p=66855"},"modified":"2026-01-26T21:09:29","modified_gmt":"2026-01-26T20:09:29","slug":"salon-dart-contemporain-marseille","status":"publish","type":"post","link":"https:\/\/www.liselotte-andersen.net\/it\/expositions-ephemeres\/salon-dart-contemporain-marseille\/","title":{"rendered":"Salone d'Arte Contemporanea \u2013 Marsiglia"},"content":{"rendered":"<p>Je vous accueille du vendredi 28 au dimanche 30 novembre au Parc Chanot \u00e0 Marseille sur le stand K01.<\/p>\n<p>L\u2019ADRESSE DU PARC EXPO<br \/>\nMarseille Chanot<br \/>\nPalais de la M\u00e9diterran\u00e9e<br \/>\n114 Rond-Point du Prado<br \/>\n13008 Marseille<\/p>\n<p>OUVERTURE AU PUBLIC<br \/>\n&#8211; Le vendredi de 16h \u00e0 22h<br \/>\n&#8211; Le samedi de 10h \u00e0 20h<br \/>\n&#8211; Le dimanche de 10h \u00e0 18h<\/p>\n<p>INVITATION<\/p>\n<p>Envoyez-moi un mail en utilisant mon formulaire \u00ab\u00a0Contact\u00a0\u00bb afin que je vous envoie une invitation \u00e9lectronique.<\/p>\n<p>VERNISSAGE<\/p>\n<p>Vendredi 18H-22H<\/p>\n<p>RESTAURATION ET PETITE RESTAURATION<br \/>\nLe grand bar central propose, \u00e0 toute heure, assiettes compos\u00e9es, p\u00e2tes, salades, assiettes gourmandes,<br \/>\nvins de caract\u00e8re, boissons fra\u00eeches, boissons chaudes&#8230;.<\/p>\n<figure id=\"attachment_66856\" aria-describedby=\"caption-attachment-66856\" style=\"width: 300px\" class=\"wp-caption alignnone\"><img loading=\"lazy\" decoding=\"async\" class=\"size-medium wp-image-66856\" src=\"https:\/\/www.liselotte-andersen.net\/wp-content\/uploads\/2025\/11\/capture-decran-2025-11-24-a-11-25-02-300x208.jpg\" alt=\"\" width=\"300\" height=\"208\" \/><figcaption id=\"caption-attachment-66856\" class=\"wp-caption-text\">Screenshot<\/figcaption><\/figure>","protected":false},"excerpt":{"rendered":"<p>Vi aspetto da venerd\u00ec 28 a domenica 30 novembre al Parc Chanot di Marsiglia allo stand K01. L'INDIRIZZO DEL PARCO ESPOSIZIONI Marseille Chanot Palais de la M\u00e9diterran\u00e9e 114 Rond-Point du Prado 13008 Marseille APERTURA AL PUBBLICO \u2013 Venerd\u00ec dalle 16:00 alle 22:00 \u2013 Sabato dalle 10:00 alle 20:00 \u2013 Domenica\u2026<\/p>","protected":false},"author":3,"featured_media":66951,"comment_status":"closed","ping_status":"open","sticky":false,"template":"","format":"standard","meta":{"_acf_changed":false,"footnotes":""},"categories":[5],"tags":[],"class_list":["post-66855","post","type-post","status-publish","format-standard","has-post-thumbnail","hentry","category-expositions-ephemeres"],"acf":[],"yoast_head":"<!-- This site is optimized with the Yoast SEO plugin v28.4 - https:\/\/yoast.com\/product\/yoast-seo-wordpress\/ -->\n<title>Salon D&#039;Art Contemporain - Marseille - Liselotte Andersen<\/title>\n<meta name=\"robots\" content=\"index, follow, max-snippet:-1, max-image-preview:large, max-video-preview:-1\" \/>\n<link rel=\"canonical\" href=\"https:\/\/www.liselotte-andersen.net\/it\/mostre-temporanee\/salon-dart-contemporain-marseille\/\" \/>\n<meta property=\"og:locale\" content=\"it_IT\" \/>\n<meta property=\"og:type\" content=\"article\" \/>\n<meta property=\"og:title\" content=\"Salon D&#039;Art Contemporain - Marseille - Liselotte Andersen\" \/>\n<meta property=\"og:description\" content=\"Je vous accueille du vendredi 28 au dimanche 30 novembre au Parc Chanot \u00e0 Marseille sur le stand K01. L\u2019ADRESSE DU PARC EXPO Marseille Chanot Palais de la M\u00e9diterran\u00e9e 114 Rond-Point du Prado 13008 Marseille OUVERTURE AU PUBLIC &#8211; Le vendredi de 16h \u00e0 22h &#8211; Le samedi de 10h \u00e0 20h &#8211; Le dimanche&hellip;\" \/>\n<meta property=\"og:url\" content=\"https:\/\/www.liselotte-andersen.net\/it\/mostre-temporanee\/salon-dart-contemporain-marseille\/\" \/>\n<meta property=\"og:site_name\" content=\"Liselotte Andersen\" \/>\n<meta property=\"article:published_time\" content=\"2025-11-24T10:49:57+00:00\" \/>\n<meta property=\"article:modified_time\" content=\"2026-01-26T20:09:29+00:00\" \/>\n<meta property=\"og:image\" content=\"https:\/\/www.liselotte-andersen.net\/wp-content\/uploads\/2025\/11\/capture-decran-2025-11-24-a-11-27-43.png\" \/>\n\t<meta property=\"og:image:width\" content=\"1254\" \/>\n\t<meta property=\"og:image:height\" content=\"924\" \/>\n\t<meta property=\"og:image:type\" content=\"image\/png\" \/>\n<meta name=\"author\" content=\"Liselotte\" \/>\n<meta name=\"twitter:card\" content=\"summary_large_image\" \/>\n<meta name=\"twitter:label1\" content=\"Scritto da\" \/>\n\t<meta name=\"twitter:data1\" content=\"Liselotte\" \/>\n\t<meta name=\"twitter:label2\" content=\"Tempo di lettura stimato\" \/>\n\t<meta name=\"twitter:data2\" content=\"1 minuto\" \/>\n<script type=\"application\/ld+json\" class=\"yoast-schema-graph\">{\"@context\":\"https:\\\/\\\/schema.org\",\"@graph\":[{\"@type\":\"Article\",\"@id\":\"https:\\\/\\\/www.liselotte-andersen.net\\\/expositions-ephemeres\\\/salon-dart-contemporain-marseille\\\/#article\",\"isPartOf\":{\"@id\":\"https:\\\/\\\/www.liselotte-andersen.net\\\/expositions-ephemeres\\\/salon-dart-contemporain-marseille\\\/\"},\"author\":{\"name\":\"Liselotte\",\"@id\":\"https:\\\/\\\/www.liselotte-andersen.net\\\/#\\\/schema\\\/person\\\/e6287e36a81c443bc328eaa434927efc\"},\"headline\":\"Salon D&rsquo;Art Contemporain &#8211; Marseille\",\"datePublished\":\"2025-11-24T10:49:57+00:00\",\"dateModified\":\"2026-01-26T20:09:29+00:00\",\"mainEntityOfPage\":{\"@id\":\"https:\\\/\\\/www.liselotte-andersen.net\\\/expositions-ephemeres\\\/salon-dart-contemporain-marseille\\\/\"},\"wordCount\":117,\"publisher\":{\"@id\":\"https:\\\/\\\/www.liselotte-andersen.net\\\/#\\\/schema\\\/person\\\/e6287e36a81c443bc328eaa434927efc\"},\"image\":{\"@id\":\"https:\\\/\\\/www.liselotte-andersen.net\\\/expositions-ephemeres\\\/salon-dart-contemporain-marseille\\\/#primaryimage\"},\"thumbnailUrl\":\"https:\\\/\\\/www.liselotte-andersen.net\\\/wp-content\\\/uploads\\\/2025\\\/11\\\/capture-decran-2025-11-24-a-11-27-43.png\",\"articleSection\":[\"Expositions \u00e9ph\u00e9m\u00e8res\"],\"inLanguage\":\"it-IT\"},{\"@type\":\"WebPage\",\"@id\":\"https:\\\/\\\/www.liselotte-andersen.net\\\/expositions-ephemeres\\\/salon-dart-contemporain-marseille\\\/\",\"url\":\"https:\\\/\\\/www.liselotte-andersen.net\\\/expositions-ephemeres\\\/salon-dart-contemporain-marseille\\\/\",\"name\":\"Salon D'Art Contemporain - Marseille - Liselotte Andersen\",\"isPartOf\":{\"@id\":\"https:\\\/\\\/www.liselotte-andersen.net\\\/#website\"},\"primaryImageOfPage\":{\"@id\":\"https:\\\/\\\/www.liselotte-andersen.net\\\/expositions-ephemeres\\\/salon-dart-contemporain-marseille\\\/#primaryimage\"},\"image\":{\"@id\":\"https:\\\/\\\/www.liselotte-andersen.net\\\/expositions-ephemeres\\\/salon-dart-contemporain-marseille\\\/#primaryimage\"},\"thumbnailUrl\":\"https:\\\/\\\/www.liselotte-andersen.net\\\/wp-content\\\/uploads\\\/2025\\\/11\\\/capture-decran-2025-11-24-a-11-27-43.png\",\"datePublished\":\"2025-11-24T10:49:57+00:00\",\"dateModified\":\"2026-01-26T20:09:29+00:00\",\"breadcrumb\":{\"@id\":\"https:\\\/\\\/www.liselotte-andersen.net\\\/expositions-ephemeres\\\/salon-dart-contemporain-marseille\\\/#breadcrumb\"},\"inLanguage\":\"it-IT\",\"potentialAction\":[{\"@type\":\"ReadAction\",\"target\":[\"https:\\\/\\\/www.liselotte-andersen.net\\\/expositions-ephemeres\\\/salon-dart-contemporain-marseille\\\/\"]}]},{\"@type\":\"ImageObject\",\"inLanguage\":\"it-IT\",\"@id\":\"https:\\\/\\\/www.liselotte-andersen.net\\\/expositions-ephemeres\\\/salon-dart-contemporain-marseille\\\/#primaryimage\",\"url\":\"https:\\\/\\\/www.liselotte-andersen.net\\\/wp-content\\\/uploads\\\/2025\\\/11\\\/capture-decran-2025-11-24-a-11-27-43.png\",\"contentUrl\":\"https:\\\/\\\/www.liselotte-andersen.net\\\/wp-content\\\/uploads\\\/2025\\\/11\\\/capture-decran-2025-11-24-a-11-27-43.png\",\"width\":1254,\"height\":924},{\"@type\":\"BreadcrumbList\",\"@id\":\"https:\\\/\\\/www.liselotte-andersen.net\\\/expositions-ephemeres\\\/salon-dart-contemporain-marseille\\\/#breadcrumb\",\"itemListElement\":[{\"@type\":\"ListItem\",\"position\":1,\"name\":\"Accueil\",\"item\":\"https:\\\/\\\/www.liselotte-andersen.net\\\/\"},{\"@type\":\"ListItem\",\"position\":2,\"name\":\"Salon D&rsquo;Art Contemporain &#8211; Marseille\"}]},{\"@type\":\"WebSite\",\"@id\":\"https:\\\/\\\/www.liselotte-andersen.net\\\/#website\",\"url\":\"https:\\\/\\\/www.liselotte-andersen.net\\\/\",\"name\":\"Liselotte Andersen\",\"description\":\"Sculptrice\",\"publisher\":{\"@id\":\"https:\\\/\\\/www.liselotte-andersen.net\\\/#\\\/schema\\\/person\\\/e6287e36a81c443bc328eaa434927efc\"},\"potentialAction\":[{\"@type\":\"SearchAction\",\"target\":{\"@type\":\"EntryPoint\",\"urlTemplate\":\"https:\\\/\\\/www.liselotte-andersen.net\\\/?s={search_term_string}\"},\"query-input\":{\"@type\":\"PropertyValueSpecification\",\"valueRequired\":true,\"valueName\":\"search_term_string\"}}],\"inLanguage\":\"it-IT\"},{\"@type\":[\"Person\",\"Organization\"],\"@id\":\"https:\\\/\\\/www.liselotte-andersen.net\\\/#\\\/schema\\\/person\\\/e6287e36a81c443bc328eaa434927efc\",\"name\":\"Liselotte\",\"image\":{\"@type\":\"ImageObject\",\"inLanguage\":\"it-IT\",\"@id\":\"https:\\\/\\\/www.liselotte-andersen.net\\\/wp-content\\\/uploads\\\/2025\\\/07\\\/Logo-bronze-LA-BR-e1751834958356.png\",\"url\":\"https:\\\/\\\/www.liselotte-andersen.net\\\/wp-content\\\/uploads\\\/2025\\\/07\\\/Logo-bronze-LA-BR-e1751834958356.png\",\"contentUrl\":\"https:\\\/\\\/www.liselotte-andersen.net\\\/wp-content\\\/uploads\\\/2025\\\/07\\\/Logo-bronze-LA-BR-e1751834958356.png\",\"width\":754,\"height\":744,\"caption\":\"Liselotte\"},\"logo\":{\"@id\":\"https:\\\/\\\/www.liselotte-andersen.net\\\/wp-content\\\/uploads\\\/2025\\\/07\\\/Logo-bronze-LA-BR-e1751834958356.png\"},\"sameAs\":[\"http:\\\/\\\/www.liselotte-andersen.net\"]}]}<\/script>\n<!-- \/ Yoast SEO plugin. -->","yoast_head_json":{"title":"Salon D'Art Contemporain - Marseille - Liselotte Andersen","robots":{"index":"index","follow":"follow","max-snippet":"max-snippet:-1","max-image-preview":"max-image-preview:large","max-video-preview":"max-video-preview:-1"},"canonical":"https:\/\/www.liselotte-andersen.net\/it\/mostre-temporanee\/salon-dart-contemporain-marseille\/","og_locale":"it_IT","og_type":"article","og_title":"Salon D'Art Contemporain - Marseille - Liselotte Andersen","og_description":"Je vous accueille du vendredi 28 au dimanche 30 novembre au Parc Chanot \u00e0 Marseille sur le stand K01. L\u2019ADRESSE DU PARC EXPO Marseille Chanot Palais de la M\u00e9diterran\u00e9e 114 Rond-Point du Prado 13008 Marseille OUVERTURE AU PUBLIC &#8211; Le vendredi de 16h \u00e0 22h &#8211; Le samedi de 10h \u00e0 20h &#8211; Le dimanche&hellip;","og_url":"https:\/\/www.liselotte-andersen.net\/it\/mostre-temporanee\/salon-dart-contemporain-marseille\/","og_site_name":"Liselotte Andersen","article_published_time":"2025-11-24T10:49:57+00:00","article_modified_time":"2026-01-26T20:09:29+00:00","og_image":[{"width":1254,"height":924,"url":"https:\/\/www.liselotte-andersen.net\/wp-content\/uploads\/2025\/11\/capture-decran-2025-11-24-a-11-27-43.png","type":"image\/png"}],"author":"Liselotte","twitter_card":"summary_large_image","twitter_misc":{"Scritto da":"Liselotte","Tempo di lettura stimato":"1 minuto"},"schema":{"@context":"https:\/\/schema.org","@graph":[{"@type":"Article","@id":"https:\/\/www.liselotte-andersen.net\/expositions-ephemeres\/salon-dart-contemporain-marseille\/#article","isPartOf":{"@id":"https:\/\/www.liselotte-andersen.net\/expositions-ephemeres\/salon-dart-contemporain-marseille\/"},"author":{"name":"Liselotte","@id":"https:\/\/www.liselotte-andersen.net\/#\/schema\/person\/e6287e36a81c443bc328eaa434927efc"},"headline":"Salon D&rsquo;Art Contemporain &#8211; Marseille","datePublished":"2025-11-24T10:49:57+00:00","dateModified":"2026-01-26T20:09:29+00:00","mainEntityOfPage":{"@id":"https:\/\/www.liselotte-andersen.net\/expositions-ephemeres\/salon-dart-contemporain-marseille\/"},"wordCount":117,"publisher":{"@id":"https:\/\/www.liselotte-andersen.net\/#\/schema\/person\/e6287e36a81c443bc328eaa434927efc"},"image":{"@id":"https:\/\/www.liselotte-andersen.net\/expositions-ephemeres\/salon-dart-contemporain-marseille\/#primaryimage"},"thumbnailUrl":"https:\/\/www.liselotte-andersen.net\/wp-content\/uploads\/2025\/11\/capture-decran-2025-11-24-a-11-27-43.png","articleSection":["Expositions \u00e9ph\u00e9m\u00e8res"],"inLanguage":"it-IT"},{"@type":"WebPage","@id":"https:\/\/www.liselotte-andersen.net\/expositions-ephemeres\/salon-dart-contemporain-marseille\/","url":"https:\/\/www.liselotte-andersen.net\/expositions-ephemeres\/salon-dart-contemporain-marseille\/","name":"Salon D'Art Contemporain - Marseille - Liselotte Andersen","isPartOf":{"@id":"https:\/\/www.liselotte-andersen.net\/#website"},"primaryImageOfPage":{"@id":"https:\/\/www.liselotte-andersen.net\/expositions-ephemeres\/salon-dart-contemporain-marseille\/#primaryimage"},"image":{"@id":"https:\/\/www.liselotte-andersen.net\/expositions-ephemeres\/salon-dart-contemporain-marseille\/#primaryimage"},"thumbnailUrl":"https:\/\/www.liselotte-andersen.net\/wp-content\/uploads\/2025\/11\/capture-decran-2025-11-24-a-11-27-43.png","datePublished":"2025-11-24T10:49:57+00:00","dateModified":"2026-01-26T20:09:29+00:00","breadcrumb":{"@id":"https:\/\/www.liselotte-andersen.net\/expositions-ephemeres\/salon-dart-contemporain-marseille\/#breadcrumb"},"inLanguage":"it-IT","potentialAction":[{"@type":"ReadAction","target":["https:\/\/www.liselotte-andersen.net\/expositions-ephemeres\/salon-dart-contemporain-marseille\/"]}]},{"@type":"ImageObject","inLanguage":"it-IT","@id":"https:\/\/www.liselotte-andersen.net\/expositions-ephemeres\/salon-dart-contemporain-marseille\/#primaryimage","url":"https:\/\/www.liselotte-andersen.net\/wp-content\/uploads\/2025\/11\/capture-decran-2025-11-24-a-11-27-43.png","contentUrl":"https:\/\/www.liselotte-andersen.net\/wp-content\/uploads\/2025\/11\/capture-decran-2025-11-24-a-11-27-43.png","width":1254,"height":924},{"@type":"BreadcrumbList","@id":"https:\/\/www.liselotte-andersen.net\/expositions-ephemeres\/salon-dart-contemporain-marseille\/#breadcrumb","itemListElement":[{"@type":"ListItem","position":1,"name":"Accueil","item":"https:\/\/www.liselotte-andersen.net\/"},{"@type":"ListItem","position":2,"name":"Salon D&rsquo;Art Contemporain &#8211; Marseille"}]},{"@type":"WebSite","@id":"https:\/\/www.liselotte-andersen.net\/#website","url":"https:\/\/www.liselotte-andersen.net\/","name":"Liselotte Andersen","description":"Scultrice","publisher":{"@id":"https:\/\/www.liselotte-andersen.net\/#\/schema\/person\/e6287e36a81c443bc328eaa434927efc"},"potentialAction":[{"@type":"SearchAction","target":{"@type":"EntryPoint","urlTemplate":"https:\/\/www.liselotte-andersen.net\/?s={search_term_string}"},"query-input":{"@type":"PropertyValueSpecification","valueRequired":true,"valueName":"search_term_string"}}],"inLanguage":"it-IT"},{"@type":["Person","Organization"],"@id":"https:\/\/www.liselotte-andersen.net\/#\/schema\/person\/e6287e36a81c443bc328eaa434927efc","name":"Liselotte","image":{"@type":"ImageObject","inLanguage":"it-IT","@id":"https:\/\/www.liselotte-andersen.net\/wp-content\/uploads\/2025\/07\/Logo-bronze-LA-BR-e1751834958356.png","url":"https:\/\/www.liselotte-andersen.net\/wp-content\/uploads\/2025\/07\/Logo-bronze-LA-BR-e1751834958356.png","contentUrl":"https:\/\/www.liselotte-andersen.net\/wp-content\/uploads\/2025\/07\/Logo-bronze-LA-BR-e1751834958356.png","width":754,"height":744,"caption":"Liselotte"},"logo":{"@id":"https:\/\/www.liselotte-andersen.net\/wp-content\/uploads\/2025\/07\/Logo-bronze-LA-BR-e1751834958356.png"},"sameAs":["http:\/\/www.liselotte-andersen.net"]}]}},"_links":{"self":[{"href":"https:\/\/www.liselotte-andersen.net\/it\/wp-json\/wp\/v2\/posts\/66855","targetHints":{"allow":["GET"]}}],"collection":[{"href":"https:\/\/www.liselotte-andersen.net\/it\/wp-json\/wp\/v2\/posts"}],"about":[{"href":"https:\/\/www.liselotte-andersen.net\/it\/wp-json\/wp\/v2\/types\/post"}],"author":[{"embeddable":true,"href":"https:\/\/www.liselotte-andersen.net\/it\/wp-json\/wp\/v2\/users\/3"}],"replies":[{"embeddable":true,"href":"https:\/\/www.liselotte-andersen.net\/it\/wp-json\/wp\/v2\/comments?post=66855"}],"version-history":[{"count":0,"href":"https:\/\/www.liselotte-andersen.net\/it\/wp-json\/wp\/v2\/posts\/66855\/revisions"}],"wp:featuredmedia":[{"embeddable":true,"href":"https:\/\/www.liselotte-andersen.net\/it\/wp-json\/wp\/v2\/media\/66951"}],"wp:attachment":[{"href":"https:\/\/www.liselotte-andersen.net\/it\/wp-json\/wp\/v2\/media?parent=66855"}],"wp:term":[{"taxonomy":"category","embeddable":true,"href":"https:\/\/www.liselotte-andersen.net\/it\/wp-json\/wp\/v2\/categories?post=66855"},{"taxonomy":"post_tag","embeddable":true,"href":"https:\/\/www.liselotte-andersen.net\/it\/wp-json\/wp\/v2\/tags?post=66855"}],"curies":[{"name":"wp","href":"https:\/\/api.w.org\/{rel}","templated":true}]}}