{"id":64335,"date":"2025-03-03T12:23:18","date_gmt":"2025-03-03T11:23:18","guid":{"rendered":"https:\/\/www.liselotte-andersen.net\/?p=64335"},"modified":"2026-02-11T16:59:59","modified_gmt":"2026-02-11T15:59:59","slug":"galerie-ephemere-place-de-lhotel-de-ville-aix-en-provence","status":"publish","type":"post","link":"https:\/\/www.liselotte-andersen.net\/it\/expositions-ephemeres\/galerie-ephemere-place-de-lhotel-de-ville-aix-en-provence\/","title":{"rendered":"Galleria Place de l\u2019H\u00f4tel de ville \u2013 Aix-en-Provence"},"content":{"rendered":"<figure class=\"wp-block-image size-large\"><img loading=\"lazy\" decoding=\"async\" width=\"1024\" height=\"725\" src=\"https:\/\/www.liselotte-andersen.net\/wp-content\/uploads\/2025\/03\/et-si-cetait-ca-scaled-1-1024x725.jpg\" alt=\"\" class=\"wp-image-64350\" srcset=\"https:\/\/www.liselotte-andersen.net\/wp-content\/uploads\/2025\/03\/et-si-cetait-ca-scaled-1-1024x725.jpg 1024w, https:\/\/www.liselotte-andersen.net\/wp-content\/uploads\/2025\/03\/et-si-cetait-ca-scaled-1-300x212.jpg 300w, https:\/\/www.liselotte-andersen.net\/wp-content\/uploads\/2025\/03\/et-si-cetait-ca-scaled-1-768x544.jpg 768w, https:\/\/www.liselotte-andersen.net\/wp-content\/uploads\/2025\/03\/et-si-cetait-ca-scaled-1-1536x1087.jpg 1536w, https:\/\/www.liselotte-andersen.net\/wp-content\/uploads\/2025\/03\/et-si-cetait-ca-scaled-1-2048x1450.jpg 2048w\" sizes=\"auto, (max-width: 1024px) 100vw, 1024px\" \/><\/figure>\n\n\n\n<p class=\"wp-block-paragraph\">1\u00e8re exposition de l&rsquo;ann\u00e9e 2025 !<\/p>\n\n\n\n<p class=\"wp-block-paragraph\">Retrouvez une grande partie de mes sculptures en bronze aux c\u00f4t\u00e9s des peintures de Carol On the Roof.<\/p>\n\n\n\n<p class=\"wp-block-paragraph\">Nous vous accueillons tous les jours de 10h \u00e0 18h du lundi 10 au dimanche 30 mars inclus.<\/p>\n\n\n\n<p class=\"wp-block-paragraph\">Place de l\u2019H\u00f4tel de Ville, au d\u00e9but de la rue Paul Bert \u00e0 Aix-en-Provence.<\/p>\n\n\n\n<p class=\"wp-block-paragraph\">Si vous souhaitez vous assurer de ma pr\u00e9sence lors de votre passage, je vous invite \u00e0 me contacter au 0610186970<\/p>","protected":false},"excerpt":{"rendered":"<p>1a esposizione dell'anno 2025! Ritrovate gran parte delle mie sculture in bronzo insieme ai dipinti di Carol On the Roof. Vi accogliamo tutti i giorni dalle 10:00 alle 18:00 da luned\u00ec 10 a domenica 30 marzo incluso. Place de l'H\u00f4tel de Ville, all'inizio di rue Paul Bert a\u2026<\/p>","protected":false},"author":3,"featured_media":64338,"comment_status":"closed","ping_status":"open","sticky":false,"template":"","format":"standard","meta":{"_acf_changed":false,"footnotes":""},"categories":[5],"tags":[],"class_list":["post-64335","post","type-post","status-publish","format-standard","has-post-thumbnail","hentry","category-expositions-ephemeres"],"acf":[],"yoast_head":"<!-- This site is optimized with the Yoast SEO plugin v28.4 - https:\/\/yoast.com\/product\/yoast-seo-wordpress\/ -->\n<title>Galerie Place de l&#039;H\u00f4tel de ville - Aix en Provence - Liselotte Andersen<\/title>\n<meta name=\"robots\" content=\"index, follow, max-snippet:-1, max-image-preview:large, max-video-preview:-1\" \/>\n<link rel=\"canonical\" href=\"https:\/\/www.liselotte-andersen.net\/it\/mostre-temporanee\/galerie-ephemere-place-de-lhotel-de-ville-aix-en-provence\/\" \/>\n<meta property=\"og:locale\" content=\"it_IT\" \/>\n<meta property=\"og:type\" content=\"article\" \/>\n<meta property=\"og:title\" content=\"Galerie Place de l&#039;H\u00f4tel de ville - Aix en Provence - Liselotte Andersen\" \/>\n<meta property=\"og:description\" content=\"1\u00e8re exposition de l&rsquo;ann\u00e9e 2025 ! Retrouvez une grande partie de mes sculptures en bronze aux c\u00f4t\u00e9s des peintures de Carol On the Roof. Nous vous accueillons tous les jours de 10h \u00e0 18h du lundi 10 au dimanche 30 mars inclus. Place de l\u2019H\u00f4tel de Ville, au d\u00e9but de la rue Paul Bert \u00e0&hellip;\" \/>\n<meta property=\"og:url\" content=\"https:\/\/www.liselotte-andersen.net\/it\/mostre-temporanee\/galerie-ephemere-place-de-lhotel-de-ville-aix-en-provence\/\" \/>\n<meta property=\"og:site_name\" content=\"Liselotte Andersen\" \/>\n<meta property=\"article:published_time\" content=\"2025-03-03T11:23:18+00:00\" \/>\n<meta property=\"article:modified_time\" content=\"2026-02-11T15:59:59+00:00\" \/>\n<meta property=\"og:image\" content=\"https:\/\/www.liselotte-andersen.net\/wp-content\/uploads\/2025\/07\/Logo-bronze-LA-BR-e1751834958356.png\" \/>\n\t<meta property=\"og:image:width\" content=\"754\" \/>\n\t<meta property=\"og:image:height\" content=\"744\" \/>\n\t<meta property=\"og:image:type\" content=\"image\/png\" \/>\n<meta name=\"author\" content=\"Liselotte\" \/>\n<meta name=\"twitter:card\" content=\"summary_large_image\" \/>\n<meta name=\"twitter:label1\" content=\"Scritto da\" \/>\n\t<meta name=\"twitter:data1\" content=\"Liselotte\" \/>\n\t<meta name=\"twitter:label2\" content=\"Tempo di lettura stimato\" \/>\n\t<meta name=\"twitter:data2\" content=\"1 minuto\" \/>\n<script type=\"application\/ld+json\" class=\"yoast-schema-graph\">{\"@context\":\"https:\\\/\\\/schema.org\",\"@graph\":[{\"@type\":\"Article\",\"@id\":\"https:\\\/\\\/www.liselotte-andersen.net\\\/en\\\/ephemeral-exhibitions\\\/galerie-ephemere-place-de-lhotel-de-ville-aix-en-provence\\\/#article\",\"isPartOf\":{\"@id\":\"https:\\\/\\\/www.liselotte-andersen.net\\\/en\\\/ephemeral-exhibitions\\\/galerie-ephemere-place-de-lhotel-de-ville-aix-en-provence\\\/\"},\"author\":{\"name\":\"Liselotte\",\"@id\":\"https:\\\/\\\/www.liselotte-andersen.net\\\/#\\\/schema\\\/person\\\/e6287e36a81c443bc328eaa434927efc\"},\"headline\":\"Galerie Place de l&rsquo;H\u00f4tel de ville &#8211; Aix en Provence\",\"datePublished\":\"2025-03-03T11:23:18+00:00\",\"dateModified\":\"2026-02-11T15:59:59+00:00\",\"mainEntityOfPage\":{\"@id\":\"https:\\\/\\\/www.liselotte-andersen.net\\\/en\\\/ephemeral-exhibitions\\\/galerie-ephemere-place-de-lhotel-de-ville-aix-en-provence\\\/\"},\"wordCount\":88,\"publisher\":{\"@id\":\"https:\\\/\\\/www.liselotte-andersen.net\\\/#\\\/schema\\\/person\\\/e6287e36a81c443bc328eaa434927efc\"},\"image\":{\"@id\":\"https:\\\/\\\/www.liselotte-andersen.net\\\/en\\\/ephemeral-exhibitions\\\/galerie-ephemere-place-de-lhotel-de-ville-aix-en-provence\\\/#primaryimage\"},\"thumbnailUrl\":\"https:\\\/\\\/www.liselotte-andersen.net\\\/wp-content\\\/uploads\\\/2025\\\/03\\\/tinywow-et-si-cetait-ca-76202329-1-pdf.jpg\",\"articleSection\":[\"Expositions \u00e9ph\u00e9m\u00e8res\"],\"inLanguage\":\"it-IT\"},{\"@type\":\"WebPage\",\"@id\":\"https:\\\/\\\/www.liselotte-andersen.net\\\/en\\\/ephemeral-exhibitions\\\/galerie-ephemere-place-de-lhotel-de-ville-aix-en-provence\\\/\",\"url\":\"https:\\\/\\\/www.liselotte-andersen.net\\\/en\\\/ephemeral-exhibitions\\\/galerie-ephemere-place-de-lhotel-de-ville-aix-en-provence\\\/\",\"name\":\"Galerie Place de l'H\u00f4tel de ville - Aix en Provence - Liselotte Andersen\",\"isPartOf\":{\"@id\":\"https:\\\/\\\/www.liselotte-andersen.net\\\/#website\"},\"primaryImageOfPage\":{\"@id\":\"https:\\\/\\\/www.liselotte-andersen.net\\\/en\\\/ephemeral-exhibitions\\\/galerie-ephemere-place-de-lhotel-de-ville-aix-en-provence\\\/#primaryimage\"},\"image\":{\"@id\":\"https:\\\/\\\/www.liselotte-andersen.net\\\/en\\\/ephemeral-exhibitions\\\/galerie-ephemere-place-de-lhotel-de-ville-aix-en-provence\\\/#primaryimage\"},\"thumbnailUrl\":\"https:\\\/\\\/www.liselotte-andersen.net\\\/wp-content\\\/uploads\\\/2025\\\/03\\\/tinywow-et-si-cetait-ca-76202329-1-pdf.jpg\",\"datePublished\":\"2025-03-03T11:23:18+00:00\",\"dateModified\":\"2026-02-11T15:59:59+00:00\",\"breadcrumb\":{\"@id\":\"https:\\\/\\\/www.liselotte-andersen.net\\\/en\\\/ephemeral-exhibitions\\\/galerie-ephemere-place-de-lhotel-de-ville-aix-en-provence\\\/#breadcrumb\"},\"inLanguage\":\"it-IT\",\"potentialAction\":[{\"@type\":\"ReadAction\",\"target\":[\"https:\\\/\\\/www.liselotte-andersen.net\\\/en\\\/ephemeral-exhibitions\\\/galerie-ephemere-place-de-lhotel-de-ville-aix-en-provence\\\/\"]}]},{\"@type\":\"ImageObject\",\"inLanguage\":\"it-IT\",\"@id\":\"https:\\\/\\\/www.liselotte-andersen.net\\\/en\\\/ephemeral-exhibitions\\\/galerie-ephemere-place-de-lhotel-de-ville-aix-en-provence\\\/#primaryimage\",\"url\":\"https:\\\/\\\/www.liselotte-andersen.net\\\/wp-content\\\/uploads\\\/2025\\\/03\\\/tinywow-et-si-cetait-ca-76202329-1-pdf.jpg\",\"contentUrl\":\"https:\\\/\\\/www.liselotte-andersen.net\\\/wp-content\\\/uploads\\\/2025\\\/03\\\/tinywow-et-si-cetait-ca-76202329-1-pdf.jpg\"},{\"@type\":\"BreadcrumbList\",\"@id\":\"https:\\\/\\\/www.liselotte-andersen.net\\\/en\\\/ephemeral-exhibitions\\\/galerie-ephemere-place-de-lhotel-de-ville-aix-en-provence\\\/#breadcrumb\",\"itemListElement\":[{\"@type\":\"ListItem\",\"position\":1,\"name\":\"Accueil\",\"item\":\"https:\\\/\\\/www.liselotte-andersen.net\\\/\"},{\"@type\":\"ListItem\",\"position\":2,\"name\":\"Galerie Place de l&rsquo;H\u00f4tel de ville &#8211; Aix en Provence\"}]},{\"@type\":\"WebSite\",\"@id\":\"https:\\\/\\\/www.liselotte-andersen.net\\\/#website\",\"url\":\"https:\\\/\\\/www.liselotte-andersen.net\\\/\",\"name\":\"Liselotte Andersen\",\"description\":\"Sculptrice\",\"publisher\":{\"@id\":\"https:\\\/\\\/www.liselotte-andersen.net\\\/#\\\/schema\\\/person\\\/e6287e36a81c443bc328eaa434927efc\"},\"potentialAction\":[{\"@type\":\"SearchAction\",\"target\":{\"@type\":\"EntryPoint\",\"urlTemplate\":\"https:\\\/\\\/www.liselotte-andersen.net\\\/?s={search_term_string}\"},\"query-input\":{\"@type\":\"PropertyValueSpecification\",\"valueRequired\":true,\"valueName\":\"search_term_string\"}}],\"inLanguage\":\"it-IT\"},{\"@type\":[\"Person\",\"Organization\"],\"@id\":\"https:\\\/\\\/www.liselotte-andersen.net\\\/#\\\/schema\\\/person\\\/e6287e36a81c443bc328eaa434927efc\",\"name\":\"Liselotte\",\"image\":{\"@type\":\"ImageObject\",\"inLanguage\":\"it-IT\",\"@id\":\"https:\\\/\\\/www.liselotte-andersen.net\\\/wp-content\\\/uploads\\\/2025\\\/07\\\/Logo-bronze-LA-BR-e1751834958356.png\",\"url\":\"https:\\\/\\\/www.liselotte-andersen.net\\\/wp-content\\\/uploads\\\/2025\\\/07\\\/Logo-bronze-LA-BR-e1751834958356.png\",\"contentUrl\":\"https:\\\/\\\/www.liselotte-andersen.net\\\/wp-content\\\/uploads\\\/2025\\\/07\\\/Logo-bronze-LA-BR-e1751834958356.png\",\"width\":754,\"height\":744,\"caption\":\"Liselotte\"},\"logo\":{\"@id\":\"https:\\\/\\\/www.liselotte-andersen.net\\\/wp-content\\\/uploads\\\/2025\\\/07\\\/Logo-bronze-LA-BR-e1751834958356.png\"},\"sameAs\":[\"http:\\\/\\\/www.liselotte-andersen.net\"]}]}<\/script>\n<!-- \/ Yoast SEO plugin. -->","yoast_head_json":{"title":"Galerie Place de l'H\u00f4tel de ville - Aix en Provence - Liselotte Andersen","robots":{"index":"index","follow":"follow","max-snippet":"max-snippet:-1","max-image-preview":"max-image-preview:large","max-video-preview":"max-video-preview:-1"},"canonical":"https:\/\/www.liselotte-andersen.net\/it\/mostre-temporanee\/galerie-ephemere-place-de-lhotel-de-ville-aix-en-provence\/","og_locale":"it_IT","og_type":"article","og_title":"Galerie Place de l'H\u00f4tel de ville - Aix en Provence - Liselotte Andersen","og_description":"1\u00e8re exposition de l&rsquo;ann\u00e9e 2025 ! Retrouvez une grande partie de mes sculptures en bronze aux c\u00f4t\u00e9s des peintures de Carol On the Roof. Nous vous accueillons tous les jours de 10h \u00e0 18h du lundi 10 au dimanche 30 mars inclus. Place de l\u2019H\u00f4tel de Ville, au d\u00e9but de la rue Paul Bert \u00e0&hellip;","og_url":"https:\/\/www.liselotte-andersen.net\/it\/mostre-temporanee\/galerie-ephemere-place-de-lhotel-de-ville-aix-en-provence\/","og_site_name":"Liselotte Andersen","article_published_time":"2025-03-03T11:23:18+00:00","article_modified_time":"2026-02-11T15:59:59+00:00","og_image":[{"width":754,"height":744,"url":"https:\/\/www.liselotte-andersen.net\/wp-content\/uploads\/2025\/07\/Logo-bronze-LA-BR-e1751834958356.png","type":"image\/png"}],"author":"Liselotte","twitter_card":"summary_large_image","twitter_misc":{"Scritto da":"Liselotte","Tempo di lettura stimato":"1 minuto"},"schema":{"@context":"https:\/\/schema.org","@graph":[{"@type":"Article","@id":"https:\/\/www.liselotte-andersen.net\/en\/ephemeral-exhibitions\/galerie-ephemere-place-de-lhotel-de-ville-aix-en-provence\/#article","isPartOf":{"@id":"https:\/\/www.liselotte-andersen.net\/en\/ephemeral-exhibitions\/galerie-ephemere-place-de-lhotel-de-ville-aix-en-provence\/"},"author":{"name":"Liselotte","@id":"https:\/\/www.liselotte-andersen.net\/#\/schema\/person\/e6287e36a81c443bc328eaa434927efc"},"headline":"Galerie Place de l&rsquo;H\u00f4tel de ville &#8211; Aix en Provence","datePublished":"2025-03-03T11:23:18+00:00","dateModified":"2026-02-11T15:59:59+00:00","mainEntityOfPage":{"@id":"https:\/\/www.liselotte-andersen.net\/en\/ephemeral-exhibitions\/galerie-ephemere-place-de-lhotel-de-ville-aix-en-provence\/"},"wordCount":88,"publisher":{"@id":"https:\/\/www.liselotte-andersen.net\/#\/schema\/person\/e6287e36a81c443bc328eaa434927efc"},"image":{"@id":"https:\/\/www.liselotte-andersen.net\/en\/ephemeral-exhibitions\/galerie-ephemere-place-de-lhotel-de-ville-aix-en-provence\/#primaryimage"},"thumbnailUrl":"https:\/\/www.liselotte-andersen.net\/wp-content\/uploads\/2025\/03\/tinywow-et-si-cetait-ca-76202329-1-pdf.jpg","articleSection":["Expositions \u00e9ph\u00e9m\u00e8res"],"inLanguage":"it-IT"},{"@type":"WebPage","@id":"https:\/\/www.liselotte-andersen.net\/en\/ephemeral-exhibitions\/galerie-ephemere-place-de-lhotel-de-ville-aix-en-provence\/","url":"https:\/\/www.liselotte-andersen.net\/en\/ephemeral-exhibitions\/galerie-ephemere-place-de-lhotel-de-ville-aix-en-provence\/","name":"Galerie Place de l'H\u00f4tel de ville - Aix en Provence - Liselotte Andersen","isPartOf":{"@id":"https:\/\/www.liselotte-andersen.net\/#website"},"primaryImageOfPage":{"@id":"https:\/\/www.liselotte-andersen.net\/en\/ephemeral-exhibitions\/galerie-ephemere-place-de-lhotel-de-ville-aix-en-provence\/#primaryimage"},"image":{"@id":"https:\/\/www.liselotte-andersen.net\/en\/ephemeral-exhibitions\/galerie-ephemere-place-de-lhotel-de-ville-aix-en-provence\/#primaryimage"},"thumbnailUrl":"https:\/\/www.liselotte-andersen.net\/wp-content\/uploads\/2025\/03\/tinywow-et-si-cetait-ca-76202329-1-pdf.jpg","datePublished":"2025-03-03T11:23:18+00:00","dateModified":"2026-02-11T15:59:59+00:00","breadcrumb":{"@id":"https:\/\/www.liselotte-andersen.net\/en\/ephemeral-exhibitions\/galerie-ephemere-place-de-lhotel-de-ville-aix-en-provence\/#breadcrumb"},"inLanguage":"it-IT","potentialAction":[{"@type":"ReadAction","target":["https:\/\/www.liselotte-andersen.net\/en\/ephemeral-exhibitions\/galerie-ephemere-place-de-lhotel-de-ville-aix-en-provence\/"]}]},{"@type":"ImageObject","inLanguage":"it-IT","@id":"https:\/\/www.liselotte-andersen.net\/en\/ephemeral-exhibitions\/galerie-ephemere-place-de-lhotel-de-ville-aix-en-provence\/#primaryimage","url":"https:\/\/www.liselotte-andersen.net\/wp-content\/uploads\/2025\/03\/tinywow-et-si-cetait-ca-76202329-1-pdf.jpg","contentUrl":"https:\/\/www.liselotte-andersen.net\/wp-content\/uploads\/2025\/03\/tinywow-et-si-cetait-ca-76202329-1-pdf.jpg"},{"@type":"BreadcrumbList","@id":"https:\/\/www.liselotte-andersen.net\/en\/ephemeral-exhibitions\/galerie-ephemere-place-de-lhotel-de-ville-aix-en-provence\/#breadcrumb","itemListElement":[{"@type":"ListItem","position":1,"name":"Accueil","item":"https:\/\/www.liselotte-andersen.net\/"},{"@type":"ListItem","position":2,"name":"Galerie Place de l&rsquo;H\u00f4tel de ville &#8211; Aix en Provence"}]},{"@type":"WebSite","@id":"https:\/\/www.liselotte-andersen.net\/#website","url":"https:\/\/www.liselotte-andersen.net\/","name":"Liselotte Andersen","description":"Scultrice","publisher":{"@id":"https:\/\/www.liselotte-andersen.net\/#\/schema\/person\/e6287e36a81c443bc328eaa434927efc"},"potentialAction":[{"@type":"SearchAction","target":{"@type":"EntryPoint","urlTemplate":"https:\/\/www.liselotte-andersen.net\/?s={search_term_string}"},"query-input":{"@type":"PropertyValueSpecification","valueRequired":true,"valueName":"search_term_string"}}],"inLanguage":"it-IT"},{"@type":["Person","Organization"],"@id":"https:\/\/www.liselotte-andersen.net\/#\/schema\/person\/e6287e36a81c443bc328eaa434927efc","name":"Liselotte","image":{"@type":"ImageObject","inLanguage":"it-IT","@id":"https:\/\/www.liselotte-andersen.net\/wp-content\/uploads\/2025\/07\/Logo-bronze-LA-BR-e1751834958356.png","url":"https:\/\/www.liselotte-andersen.net\/wp-content\/uploads\/2025\/07\/Logo-bronze-LA-BR-e1751834958356.png","contentUrl":"https:\/\/www.liselotte-andersen.net\/wp-content\/uploads\/2025\/07\/Logo-bronze-LA-BR-e1751834958356.png","width":754,"height":744,"caption":"Liselotte"},"logo":{"@id":"https:\/\/www.liselotte-andersen.net\/wp-content\/uploads\/2025\/07\/Logo-bronze-LA-BR-e1751834958356.png"},"sameAs":["http:\/\/www.liselotte-andersen.net"]}]}},"_links":{"self":[{"href":"https:\/\/www.liselotte-andersen.net\/it\/wp-json\/wp\/v2\/posts\/64335","targetHints":{"allow":["GET"]}}],"collection":[{"href":"https:\/\/www.liselotte-andersen.net\/it\/wp-json\/wp\/v2\/posts"}],"about":[{"href":"https:\/\/www.liselotte-andersen.net\/it\/wp-json\/wp\/v2\/types\/post"}],"author":[{"embeddable":true,"href":"https:\/\/www.liselotte-andersen.net\/it\/wp-json\/wp\/v2\/users\/3"}],"replies":[{"embeddable":true,"href":"https:\/\/www.liselotte-andersen.net\/it\/wp-json\/wp\/v2\/comments?post=64335"}],"version-history":[{"count":0,"href":"https:\/\/www.liselotte-andersen.net\/it\/wp-json\/wp\/v2\/posts\/64335\/revisions"}],"wp:featuredmedia":[{"embeddable":true,"href":"https:\/\/www.liselotte-andersen.net\/it\/wp-json\/wp\/v2\/media\/64338"}],"wp:attachment":[{"href":"https:\/\/www.liselotte-andersen.net\/it\/wp-json\/wp\/v2\/media?parent=64335"}],"wp:term":[{"taxonomy":"category","embeddable":true,"href":"https:\/\/www.liselotte-andersen.net\/it\/wp-json\/wp\/v2\/categories?post=64335"},{"taxonomy":"post_tag","embeddable":true,"href":"https:\/\/www.liselotte-andersen.net\/it\/wp-json\/wp\/v2\/tags?post=64335"}],"curies":[{"name":"wp","href":"https:\/\/api.w.org\/{rel}","templated":true}]}}