{"id":57435,"date":"2024-09-04T10:12:41","date_gmt":"2024-09-04T09:12:41","guid":{"rendered":"https:\/\/www.liselotte-andersen.net\/?p=57435"},"modified":"2026-01-26T21:09:30","modified_gmt":"2026-01-26T20:09:30","slug":"festival-partage-des-arts-isle-sur-la-sorgue","status":"publish","type":"post","link":"https:\/\/www.liselotte-andersen.net\/it\/expositions-ephemeres\/festival-partage-des-arts-isle-sur-la-sorgue\/","title":{"rendered":"Festival \u00ab Partage des Arts \u00bb (Isle sur la Sorgue)"},"content":{"rendered":"<p>Le nouveau temps fort du Festival Partage des Arts 2024 aura lieu du\u00a0<b><u>5 au 15 septembre 2024<\/u><\/b><\/p>\n<div>\n<div>Vous pourrez d\u00e9couvrir un parcours artistique dans les b\u00e2timents patrimoniaux de la ville, avec plus d\u2019une vingtaine d\u2019artistes expos\u00e9s \u00a0&#8211; peinture, photo, c\u00e9ramique, sculptures &#8211;\u00a0 des performances et des conf\u00e9rences.<\/div>\n<div>Et en invit\u00e9 d\u2019honneur,\u00a0<b><u>Ridley Scott<\/u><\/b>\u00a0qui pr\u00e9sente pour la premi\u00e8re fois ses dessins personnels.<\/div>\n<div><\/div>\n<\/div>\n<div><strong>Je pr\u00e9sente 3 sculptures sur le site \u00ab\u00a0A\u00a0\u00bb du parcours, la Chapelle de la Trinit\u00e9<\/strong> comme participation \u00e9ph\u00e9m\u00e8re au Festival. <strong>Vous retrouverez par ailleurs mes expositions permanentes dans les deux galeries suivantes : <a href=\"https:\/\/www.promenarts.com\/\">Galeries Promen&rsquo;Arts<\/a>\u00a0 et <a href=\"https:\/\/levillagedesantiquairesdelagare-nouvelvag.com\/nouvel-vag\/showroom-nouvel-art\/\">Nouvel VAG<\/a><\/strong><\/div>\n<div><\/div>\n<div>Voir le parcours des expositions et le programme d\u00e9taill\u00e9 des conf\u00e9rences du Festival sur <a href=\"https:\/\/www.partagedesarts.com\/\">le lien suivant<\/a><\/div>\n<div><\/div>\n<div>\n<hr \/>\n<\/div>\n<div><\/div>\n<div><img loading=\"lazy\" decoding=\"async\" class=\"alignnone wp-image-57445 size-full\" src=\"https:\/\/www.liselotte-andersen.net\/wp-content\/uploads\/2024\/09\/affiche-partage-des-arts.jpg\" alt=\"\" width=\"1179\" height=\"2096\" srcset=\"https:\/\/www.liselotte-andersen.net\/wp-content\/uploads\/2024\/09\/affiche-partage-des-arts.jpg 1179w, https:\/\/www.liselotte-andersen.net\/wp-content\/uploads\/2024\/09\/affiche-partage-des-arts-169x300.jpg 169w, https:\/\/www.liselotte-andersen.net\/wp-content\/uploads\/2024\/09\/affiche-partage-des-arts-576x1024.jpg 576w, https:\/\/www.liselotte-andersen.net\/wp-content\/uploads\/2024\/09\/affiche-partage-des-arts-768x1365.jpg 768w, https:\/\/www.liselotte-andersen.net\/wp-content\/uploads\/2024\/09\/affiche-partage-des-arts-864x1536.jpg 864w, https:\/\/www.liselotte-andersen.net\/wp-content\/uploads\/2024\/09\/affiche-partage-des-arts-1152x2048.jpg 1152w, https:\/\/www.liselotte-andersen.net\/wp-content\/uploads\/2024\/09\/affiche-partage-des-arts-1116x1984.jpg 1116w, https:\/\/www.liselotte-andersen.net\/wp-content\/uploads\/2024\/09\/affiche-partage-des-arts-806x1433.jpg 806w, https:\/\/www.liselotte-andersen.net\/wp-content\/uploads\/2024\/09\/affiche-partage-des-arts-558x992.jpg 558w, https:\/\/www.liselotte-andersen.net\/wp-content\/uploads\/2024\/09\/affiche-partage-des-arts-700x1244.jpg 700w, https:\/\/www.liselotte-andersen.net\/wp-content\/uploads\/2024\/09\/affiche-partage-des-arts-600x1067.jpg 600w\" sizes=\"auto, (max-width: 1179px) 100vw, 1179px\" \/><\/div>","protected":false},"excerpt":{"rendered":"<p>Il nuovo momento forte del Festival Partage des Arts 2024 si terr\u00e0 dal 5 al 15 settembre 2024. Potrete scoprire un percorso artistico negli edifici storici della citt\u00e0, con pi\u00f9 di venti artisti in esposizione \u2013 pittura, fotografia, ceramica, sculture \u2013 performance e conferenze. E come ospite d'onore, Ridley Scott che presenta per la...<\/p>","protected":false},"author":3,"featured_media":57445,"comment_status":"closed","ping_status":"open","sticky":false,"template":"","format":"standard","meta":{"_acf_changed":false,"footnotes":""},"categories":[5],"tags":[],"class_list":["post-57435","post","type-post","status-publish","format-standard","has-post-thumbnail","hentry","category-expositions-ephemeres"],"acf":[],"yoast_head":"<!-- This site is optimized with the Yoast SEO plugin v28.4 - https:\/\/yoast.com\/product\/yoast-seo-wordpress\/ -->\n<title>Festival &quot;Partage des Arts&quot; (Isle sur la Sorgue) - Liselotte Andersen<\/title>\n<meta name=\"robots\" content=\"index, follow, max-snippet:-1, max-image-preview:large, max-video-preview:-1\" \/>\n<link rel=\"canonical\" href=\"https:\/\/www.liselotte-andersen.net\/it\/mostre-temporanee\/festival-partage-des-arts-isle-sur-la-sorgue\/\" \/>\n<meta property=\"og:locale\" content=\"it_IT\" \/>\n<meta property=\"og:type\" content=\"article\" \/>\n<meta property=\"og:title\" content=\"Festival &quot;Partage des Arts&quot; (Isle sur la Sorgue) - Liselotte Andersen\" \/>\n<meta property=\"og:description\" content=\"Le nouveau temps fort du Festival Partage des Arts 2024 aura lieu du\u00a05 au 15 septembre 2024 Vous pourrez d\u00e9couvrir un parcours artistique dans les b\u00e2timents patrimoniaux de la ville, avec plus d\u2019une vingtaine d\u2019artistes expos\u00e9s \u00a0&#8211; peinture, photo, c\u00e9ramique, sculptures &#8211;\u00a0 des performances et des conf\u00e9rences. Et en invit\u00e9 d\u2019honneur,\u00a0Ridley Scott\u00a0qui pr\u00e9sente pour la&hellip;\" \/>\n<meta property=\"og:url\" content=\"https:\/\/www.liselotte-andersen.net\/it\/mostre-temporanee\/festival-partage-des-arts-isle-sur-la-sorgue\/\" \/>\n<meta property=\"og:site_name\" content=\"Liselotte Andersen\" \/>\n<meta property=\"article:published_time\" content=\"2024-09-04T09:12:41+00:00\" \/>\n<meta property=\"article:modified_time\" content=\"2026-01-26T20:09:30+00:00\" \/>\n<meta property=\"og:image\" content=\"https:\/\/www.liselotte-andersen.net\/wp-content\/uploads\/2024\/09\/affiche-partage-des-arts.jpg\" \/>\n\t<meta property=\"og:image:width\" content=\"1179\" \/>\n\t<meta property=\"og:image:height\" content=\"2096\" \/>\n\t<meta property=\"og:image:type\" content=\"image\/jpeg\" \/>\n<meta name=\"author\" content=\"Liselotte\" \/>\n<meta name=\"twitter:card\" content=\"summary_large_image\" \/>\n<meta name=\"twitter:label1\" content=\"Scritto da\" \/>\n\t<meta name=\"twitter:data1\" content=\"Liselotte\" \/>\n\t<meta name=\"twitter:label2\" content=\"Tempo di lettura stimato\" \/>\n\t<meta name=\"twitter:data2\" content=\"1 minuto\" \/>\n<script type=\"application\/ld+json\" class=\"yoast-schema-graph\">{\"@context\":\"https:\\\/\\\/schema.org\",\"@graph\":[{\"@type\":\"Article\",\"@id\":\"https:\\\/\\\/www.liselotte-andersen.net\\\/en\\\/ephemeral-exhibitions\\\/festival-partage-des-arts-isle-sur-la-sorgue\\\/#article\",\"isPartOf\":{\"@id\":\"https:\\\/\\\/www.liselotte-andersen.net\\\/en\\\/ephemeral-exhibitions\\\/festival-partage-des-arts-isle-sur-la-sorgue\\\/\"},\"author\":{\"name\":\"Liselotte\",\"@id\":\"https:\\\/\\\/www.liselotte-andersen.net\\\/#\\\/schema\\\/person\\\/e6287e36a81c443bc328eaa434927efc\"},\"headline\":\"Festival \u00ab\u00a0Partage des Arts\u00a0\u00bb (Isle sur la Sorgue)\",\"datePublished\":\"2024-09-04T09:12:41+00:00\",\"dateModified\":\"2026-01-26T20:09:30+00:00\",\"mainEntityOfPage\":{\"@id\":\"https:\\\/\\\/www.liselotte-andersen.net\\\/en\\\/ephemeral-exhibitions\\\/festival-partage-des-arts-isle-sur-la-sorgue\\\/\"},\"wordCount\":136,\"publisher\":{\"@id\":\"https:\\\/\\\/www.liselotte-andersen.net\\\/#\\\/schema\\\/person\\\/e6287e36a81c443bc328eaa434927efc\"},\"image\":{\"@id\":\"https:\\\/\\\/www.liselotte-andersen.net\\\/en\\\/ephemeral-exhibitions\\\/festival-partage-des-arts-isle-sur-la-sorgue\\\/#primaryimage\"},\"thumbnailUrl\":\"https:\\\/\\\/www.liselotte-andersen.net\\\/wp-content\\\/uploads\\\/2024\\\/09\\\/affiche-partage-des-arts.jpg\",\"articleSection\":[\"Expositions \u00e9ph\u00e9m\u00e8res\"],\"inLanguage\":\"it-IT\"},{\"@type\":\"WebPage\",\"@id\":\"https:\\\/\\\/www.liselotte-andersen.net\\\/en\\\/ephemeral-exhibitions\\\/festival-partage-des-arts-isle-sur-la-sorgue\\\/\",\"url\":\"https:\\\/\\\/www.liselotte-andersen.net\\\/en\\\/ephemeral-exhibitions\\\/festival-partage-des-arts-isle-sur-la-sorgue\\\/\",\"name\":\"Festival \\\"Partage des Arts\\\" (Isle sur la Sorgue) - Liselotte Andersen\",\"isPartOf\":{\"@id\":\"https:\\\/\\\/www.liselotte-andersen.net\\\/#website\"},\"primaryImageOfPage\":{\"@id\":\"https:\\\/\\\/www.liselotte-andersen.net\\\/en\\\/ephemeral-exhibitions\\\/festival-partage-des-arts-isle-sur-la-sorgue\\\/#primaryimage\"},\"image\":{\"@id\":\"https:\\\/\\\/www.liselotte-andersen.net\\\/en\\\/ephemeral-exhibitions\\\/festival-partage-des-arts-isle-sur-la-sorgue\\\/#primaryimage\"},\"thumbnailUrl\":\"https:\\\/\\\/www.liselotte-andersen.net\\\/wp-content\\\/uploads\\\/2024\\\/09\\\/affiche-partage-des-arts.jpg\",\"datePublished\":\"2024-09-04T09:12:41+00:00\",\"dateModified\":\"2026-01-26T20:09:30+00:00\",\"breadcrumb\":{\"@id\":\"https:\\\/\\\/www.liselotte-andersen.net\\\/en\\\/ephemeral-exhibitions\\\/festival-partage-des-arts-isle-sur-la-sorgue\\\/#breadcrumb\"},\"inLanguage\":\"it-IT\",\"potentialAction\":[{\"@type\":\"ReadAction\",\"target\":[\"https:\\\/\\\/www.liselotte-andersen.net\\\/en\\\/ephemeral-exhibitions\\\/festival-partage-des-arts-isle-sur-la-sorgue\\\/\"]}]},{\"@type\":\"ImageObject\",\"inLanguage\":\"it-IT\",\"@id\":\"https:\\\/\\\/www.liselotte-andersen.net\\\/en\\\/ephemeral-exhibitions\\\/festival-partage-des-arts-isle-sur-la-sorgue\\\/#primaryimage\",\"url\":\"https:\\\/\\\/www.liselotte-andersen.net\\\/wp-content\\\/uploads\\\/2024\\\/09\\\/affiche-partage-des-arts.jpg\",\"contentUrl\":\"https:\\\/\\\/www.liselotte-andersen.net\\\/wp-content\\\/uploads\\\/2024\\\/09\\\/affiche-partage-des-arts.jpg\",\"width\":1179,\"height\":2096},{\"@type\":\"BreadcrumbList\",\"@id\":\"https:\\\/\\\/www.liselotte-andersen.net\\\/en\\\/ephemeral-exhibitions\\\/festival-partage-des-arts-isle-sur-la-sorgue\\\/#breadcrumb\",\"itemListElement\":[{\"@type\":\"ListItem\",\"position\":1,\"name\":\"Accueil\",\"item\":\"https:\\\/\\\/www.liselotte-andersen.net\\\/\"},{\"@type\":\"ListItem\",\"position\":2,\"name\":\"Festival \u00ab\u00a0Partage des Arts\u00a0\u00bb (Isle sur la Sorgue)\"}]},{\"@type\":\"WebSite\",\"@id\":\"https:\\\/\\\/www.liselotte-andersen.net\\\/#website\",\"url\":\"https:\\\/\\\/www.liselotte-andersen.net\\\/\",\"name\":\"Liselotte Andersen\",\"description\":\"Sculptrice\",\"publisher\":{\"@id\":\"https:\\\/\\\/www.liselotte-andersen.net\\\/#\\\/schema\\\/person\\\/e6287e36a81c443bc328eaa434927efc\"},\"potentialAction\":[{\"@type\":\"SearchAction\",\"target\":{\"@type\":\"EntryPoint\",\"urlTemplate\":\"https:\\\/\\\/www.liselotte-andersen.net\\\/?s={search_term_string}\"},\"query-input\":{\"@type\":\"PropertyValueSpecification\",\"valueRequired\":true,\"valueName\":\"search_term_string\"}}],\"inLanguage\":\"it-IT\"},{\"@type\":[\"Person\",\"Organization\"],\"@id\":\"https:\\\/\\\/www.liselotte-andersen.net\\\/#\\\/schema\\\/person\\\/e6287e36a81c443bc328eaa434927efc\",\"name\":\"Liselotte\",\"image\":{\"@type\":\"ImageObject\",\"inLanguage\":\"it-IT\",\"@id\":\"https:\\\/\\\/www.liselotte-andersen.net\\\/wp-content\\\/uploads\\\/2025\\\/07\\\/Logo-bronze-LA-BR-e1751834958356.png\",\"url\":\"https:\\\/\\\/www.liselotte-andersen.net\\\/wp-content\\\/uploads\\\/2025\\\/07\\\/Logo-bronze-LA-BR-e1751834958356.png\",\"contentUrl\":\"https:\\\/\\\/www.liselotte-andersen.net\\\/wp-content\\\/uploads\\\/2025\\\/07\\\/Logo-bronze-LA-BR-e1751834958356.png\",\"width\":754,\"height\":744,\"caption\":\"Liselotte\"},\"logo\":{\"@id\":\"https:\\\/\\\/www.liselotte-andersen.net\\\/wp-content\\\/uploads\\\/2025\\\/07\\\/Logo-bronze-LA-BR-e1751834958356.png\"},\"sameAs\":[\"http:\\\/\\\/www.liselotte-andersen.net\"]}]}<\/script>\n<!-- \/ Yoast SEO plugin. -->","yoast_head_json":{"title":"Festival \"Partage des Arts\" (Isle sur la Sorgue) - Liselotte Andersen","robots":{"index":"index","follow":"follow","max-snippet":"max-snippet:-1","max-image-preview":"max-image-preview:large","max-video-preview":"max-video-preview:-1"},"canonical":"https:\/\/www.liselotte-andersen.net\/it\/mostre-temporanee\/festival-partage-des-arts-isle-sur-la-sorgue\/","og_locale":"it_IT","og_type":"article","og_title":"Festival \"Partage des Arts\" (Isle sur la Sorgue) - Liselotte Andersen","og_description":"Le nouveau temps fort du Festival Partage des Arts 2024 aura lieu du\u00a05 au 15 septembre 2024 Vous pourrez d\u00e9couvrir un parcours artistique dans les b\u00e2timents patrimoniaux de la ville, avec plus d\u2019une vingtaine d\u2019artistes expos\u00e9s \u00a0&#8211; peinture, photo, c\u00e9ramique, sculptures &#8211;\u00a0 des performances et des conf\u00e9rences. Et en invit\u00e9 d\u2019honneur,\u00a0Ridley Scott\u00a0qui pr\u00e9sente pour la&hellip;","og_url":"https:\/\/www.liselotte-andersen.net\/it\/mostre-temporanee\/festival-partage-des-arts-isle-sur-la-sorgue\/","og_site_name":"Liselotte Andersen","article_published_time":"2024-09-04T09:12:41+00:00","article_modified_time":"2026-01-26T20:09:30+00:00","og_image":[{"width":1179,"height":2096,"url":"https:\/\/www.liselotte-andersen.net\/wp-content\/uploads\/2024\/09\/affiche-partage-des-arts.jpg","type":"image\/jpeg"}],"author":"Liselotte","twitter_card":"summary_large_image","twitter_misc":{"Scritto da":"Liselotte","Tempo di lettura stimato":"1 minuto"},"schema":{"@context":"https:\/\/schema.org","@graph":[{"@type":"Article","@id":"https:\/\/www.liselotte-andersen.net\/en\/ephemeral-exhibitions\/festival-partage-des-arts-isle-sur-la-sorgue\/#article","isPartOf":{"@id":"https:\/\/www.liselotte-andersen.net\/en\/ephemeral-exhibitions\/festival-partage-des-arts-isle-sur-la-sorgue\/"},"author":{"name":"Liselotte","@id":"https:\/\/www.liselotte-andersen.net\/#\/schema\/person\/e6287e36a81c443bc328eaa434927efc"},"headline":"Festival \u00ab\u00a0Partage des Arts\u00a0\u00bb (Isle sur la Sorgue)","datePublished":"2024-09-04T09:12:41+00:00","dateModified":"2026-01-26T20:09:30+00:00","mainEntityOfPage":{"@id":"https:\/\/www.liselotte-andersen.net\/en\/ephemeral-exhibitions\/festival-partage-des-arts-isle-sur-la-sorgue\/"},"wordCount":136,"publisher":{"@id":"https:\/\/www.liselotte-andersen.net\/#\/schema\/person\/e6287e36a81c443bc328eaa434927efc"},"image":{"@id":"https:\/\/www.liselotte-andersen.net\/en\/ephemeral-exhibitions\/festival-partage-des-arts-isle-sur-la-sorgue\/#primaryimage"},"thumbnailUrl":"https:\/\/www.liselotte-andersen.net\/wp-content\/uploads\/2024\/09\/affiche-partage-des-arts.jpg","articleSection":["Expositions \u00e9ph\u00e9m\u00e8res"],"inLanguage":"it-IT"},{"@type":"WebPage","@id":"https:\/\/www.liselotte-andersen.net\/en\/ephemeral-exhibitions\/festival-partage-des-arts-isle-sur-la-sorgue\/","url":"https:\/\/www.liselotte-andersen.net\/en\/ephemeral-exhibitions\/festival-partage-des-arts-isle-sur-la-sorgue\/","name":"Festival \"Partage des Arts\" (Isle sur la Sorgue) - Liselotte Andersen","isPartOf":{"@id":"https:\/\/www.liselotte-andersen.net\/#website"},"primaryImageOfPage":{"@id":"https:\/\/www.liselotte-andersen.net\/en\/ephemeral-exhibitions\/festival-partage-des-arts-isle-sur-la-sorgue\/#primaryimage"},"image":{"@id":"https:\/\/www.liselotte-andersen.net\/en\/ephemeral-exhibitions\/festival-partage-des-arts-isle-sur-la-sorgue\/#primaryimage"},"thumbnailUrl":"https:\/\/www.liselotte-andersen.net\/wp-content\/uploads\/2024\/09\/affiche-partage-des-arts.jpg","datePublished":"2024-09-04T09:12:41+00:00","dateModified":"2026-01-26T20:09:30+00:00","breadcrumb":{"@id":"https:\/\/www.liselotte-andersen.net\/en\/ephemeral-exhibitions\/festival-partage-des-arts-isle-sur-la-sorgue\/#breadcrumb"},"inLanguage":"it-IT","potentialAction":[{"@type":"ReadAction","target":["https:\/\/www.liselotte-andersen.net\/en\/ephemeral-exhibitions\/festival-partage-des-arts-isle-sur-la-sorgue\/"]}]},{"@type":"ImageObject","inLanguage":"it-IT","@id":"https:\/\/www.liselotte-andersen.net\/en\/ephemeral-exhibitions\/festival-partage-des-arts-isle-sur-la-sorgue\/#primaryimage","url":"https:\/\/www.liselotte-andersen.net\/wp-content\/uploads\/2024\/09\/affiche-partage-des-arts.jpg","contentUrl":"https:\/\/www.liselotte-andersen.net\/wp-content\/uploads\/2024\/09\/affiche-partage-des-arts.jpg","width":1179,"height":2096},{"@type":"BreadcrumbList","@id":"https:\/\/www.liselotte-andersen.net\/en\/ephemeral-exhibitions\/festival-partage-des-arts-isle-sur-la-sorgue\/#breadcrumb","itemListElement":[{"@type":"ListItem","position":1,"name":"Accueil","item":"https:\/\/www.liselotte-andersen.net\/"},{"@type":"ListItem","position":2,"name":"Festival \u00ab\u00a0Partage des Arts\u00a0\u00bb (Isle sur la Sorgue)"}]},{"@type":"WebSite","@id":"https:\/\/www.liselotte-andersen.net\/#website","url":"https:\/\/www.liselotte-andersen.net\/","name":"Liselotte Andersen","description":"Scultrice","publisher":{"@id":"https:\/\/www.liselotte-andersen.net\/#\/schema\/person\/e6287e36a81c443bc328eaa434927efc"},"potentialAction":[{"@type":"SearchAction","target":{"@type":"EntryPoint","urlTemplate":"https:\/\/www.liselotte-andersen.net\/?s={search_term_string}"},"query-input":{"@type":"PropertyValueSpecification","valueRequired":true,"valueName":"search_term_string"}}],"inLanguage":"it-IT"},{"@type":["Person","Organization"],"@id":"https:\/\/www.liselotte-andersen.net\/#\/schema\/person\/e6287e36a81c443bc328eaa434927efc","name":"Liselotte","image":{"@type":"ImageObject","inLanguage":"it-IT","@id":"https:\/\/www.liselotte-andersen.net\/wp-content\/uploads\/2025\/07\/Logo-bronze-LA-BR-e1751834958356.png","url":"https:\/\/www.liselotte-andersen.net\/wp-content\/uploads\/2025\/07\/Logo-bronze-LA-BR-e1751834958356.png","contentUrl":"https:\/\/www.liselotte-andersen.net\/wp-content\/uploads\/2025\/07\/Logo-bronze-LA-BR-e1751834958356.png","width":754,"height":744,"caption":"Liselotte"},"logo":{"@id":"https:\/\/www.liselotte-andersen.net\/wp-content\/uploads\/2025\/07\/Logo-bronze-LA-BR-e1751834958356.png"},"sameAs":["http:\/\/www.liselotte-andersen.net"]}]}},"_links":{"self":[{"href":"https:\/\/www.liselotte-andersen.net\/it\/wp-json\/wp\/v2\/posts\/57435","targetHints":{"allow":["GET"]}}],"collection":[{"href":"https:\/\/www.liselotte-andersen.net\/it\/wp-json\/wp\/v2\/posts"}],"about":[{"href":"https:\/\/www.liselotte-andersen.net\/it\/wp-json\/wp\/v2\/types\/post"}],"author":[{"embeddable":true,"href":"https:\/\/www.liselotte-andersen.net\/it\/wp-json\/wp\/v2\/users\/3"}],"replies":[{"embeddable":true,"href":"https:\/\/www.liselotte-andersen.net\/it\/wp-json\/wp\/v2\/comments?post=57435"}],"version-history":[{"count":0,"href":"https:\/\/www.liselotte-andersen.net\/it\/wp-json\/wp\/v2\/posts\/57435\/revisions"}],"wp:featuredmedia":[{"embeddable":true,"href":"https:\/\/www.liselotte-andersen.net\/it\/wp-json\/wp\/v2\/media\/57445"}],"wp:attachment":[{"href":"https:\/\/www.liselotte-andersen.net\/it\/wp-json\/wp\/v2\/media?parent=57435"}],"wp:term":[{"taxonomy":"category","embeddable":true,"href":"https:\/\/www.liselotte-andersen.net\/it\/wp-json\/wp\/v2\/categories?post=57435"},{"taxonomy":"post_tag","embeddable":true,"href":"https:\/\/www.liselotte-andersen.net\/it\/wp-json\/wp\/v2\/tags?post=57435"}],"curies":[{"name":"wp","href":"https:\/\/api.w.org\/{rel}","templated":true}]}}