{"id":57421,"date":"2024-09-04T09:53:18","date_gmt":"2024-09-04T08:53:18","guid":{"rendered":"https:\/\/www.liselotte-andersen.net\/?p=57421"},"modified":"2026-01-26T21:09:30","modified_gmt":"2026-01-26T20:09:30","slug":"galerie-de-la-prevote-aix-en-provence-3","status":"publish","type":"post","link":"https:\/\/www.liselotte-andersen.net\/it\/expositions-ephemeres\/galerie-de-la-prevote-aix-en-provence-3\/","title":{"rendered":"Galleria della Pr\u00e9v\u00f4t\u00e9 (Aix-en-Provence)"},"content":{"rendered":"<p class=\"wp-block-paragraph\">La galerie et son patio verdoyant, v\u00e9ritables joyaux du patrimoine architectural aixois, vous convient au charme d\u2019un lieu, habill\u00e9 par mes sculptures en bronze et par les acryliques et pastels de Godda.<\/p>\n\n\n\n<p class=\"wp-block-paragraph\">Voyagez dans nos univers, dans nos techniques vari\u00e9es qui renvoient \u00e0 la couleur des \u00e9motions, \u00e0 la vibration int\u00e9rieure reli\u00e9e au geste de la main&#8230;<\/p>\n\n\n\n<p class=\"wp-block-paragraph\">Entr\u00e9e libre &#8211; Galerie de la Pr\u00e9v\u00f4t\u00e9 &#8211; Place des Martyrs de la R\u00e9sistance (Galerie situ\u00e9e au coeur de la ville, pr\u00e9s de la Cath\u00e9drale et de Sciences Po, \u00e0 gauche du Mus\u00e9e des Tapisseries).<\/p>\n\n\n\n<p class=\"wp-block-paragraph\">Ouverte de 10h \u00e0 18h tous les jours.<\/p>\n\n\n\n<p class=\"wp-block-paragraph\">Nous nous relayerons pour les permanences. Si vous souhaitez que je sois sur place lors de votre visite, n&rsquo;h\u00e9sitez pas \u00e0 m&rsquo;envoyer un SMS au 06 10 18 69 70.<\/p>\n\n\n\n<figure class=\"wp-block-image size-large\"><img loading=\"lazy\" decoding=\"async\" width=\"804\" height=\"1024\" src=\"https:\/\/www.liselotte-andersen.net\/wp-content\/uploads\/2024\/09\/tinywow-affiche-prevote-sept-2024-63842368-1-804x1024.png\" alt=\"\" class=\"wp-image-57440\" srcset=\"https:\/\/www.liselotte-andersen.net\/wp-content\/uploads\/2024\/09\/tinywow-affiche-prevote-sept-2024-63842368-1-804x1024.png 804w, https:\/\/www.liselotte-andersen.net\/wp-content\/uploads\/2024\/09\/tinywow-affiche-prevote-sept-2024-63842368-1-236x300.png 236w, https:\/\/www.liselotte-andersen.net\/wp-content\/uploads\/2024\/09\/tinywow-affiche-prevote-sept-2024-63842368-1-768x978.png 768w, https:\/\/www.liselotte-andersen.net\/wp-content\/uploads\/2024\/09\/tinywow-affiche-prevote-sept-2024-63842368-1-1207x1536.png 1207w, https:\/\/www.liselotte-andersen.net\/wp-content\/uploads\/2024\/09\/tinywow-affiche-prevote-sept-2024-63842368-1-1116x1421.png 1116w, https:\/\/www.liselotte-andersen.net\/wp-content\/uploads\/2024\/09\/tinywow-affiche-prevote-sept-2024-63842368-1-806x1026.png 806w, https:\/\/www.liselotte-andersen.net\/wp-content\/uploads\/2024\/09\/tinywow-affiche-prevote-sept-2024-63842368-1-558x710.png 558w, https:\/\/www.liselotte-andersen.net\/wp-content\/uploads\/2024\/09\/tinywow-affiche-prevote-sept-2024-63842368-1-700x891.png 700w, https:\/\/www.liselotte-andersen.net\/wp-content\/uploads\/2024\/09\/tinywow-affiche-prevote-sept-2024-63842368-1-600x764.png 600w, https:\/\/www.liselotte-andersen.net\/wp-content\/uploads\/2024\/09\/tinywow-affiche-prevote-sept-2024-63842368-1.png 1571w\" sizes=\"auto, (max-width: 804px) 100vw, 804px\" \/><\/figure>","protected":false},"excerpt":{"rendered":"<p>La galleria e il suo patio verdeggiante, veri e propri gioielli del patrimonio architettonico di Aix, vi invitano al fascino di un luogo, vestito dalle mie sculture in bronzo e dagli acrilici e pastelli di Godda. Viaggiate nei nostri universi, nelle nostre tecniche variegate che rinviano al colore delle emozioni, alla vibrazione interiore legata al gesto di...<\/p>","protected":false},"author":3,"featured_media":57440,"comment_status":"closed","ping_status":"open","sticky":false,"template":"","format":"standard","meta":{"_acf_changed":false,"footnotes":""},"categories":[5],"tags":[],"class_list":["post-57421","post","type-post","status-publish","format-standard","has-post-thumbnail","hentry","category-expositions-ephemeres"],"acf":[],"yoast_head":"<!-- This site is optimized with the Yoast SEO plugin v28.4 - https:\/\/yoast.com\/product\/yoast-seo-wordpress\/ -->\n<title>Galerie de la Pr\u00e9v\u00f4t\u00e9 (Aix-en-Provence) - Liselotte Andersen<\/title>\n<meta name=\"robots\" content=\"index, follow, max-snippet:-1, max-image-preview:large, max-video-preview:-1\" \/>\n<link rel=\"canonical\" href=\"https:\/\/www.liselotte-andersen.net\/it\/mostre-temporanee\/galerie-de-la-prevote-aix-en-provence-3\/\" \/>\n<meta property=\"og:locale\" content=\"it_IT\" \/>\n<meta property=\"og:type\" content=\"article\" \/>\n<meta property=\"og:title\" content=\"Galerie de la Pr\u00e9v\u00f4t\u00e9 (Aix-en-Provence) - Liselotte Andersen\" \/>\n<meta property=\"og:description\" content=\"La galerie et son patio verdoyant, v\u00e9ritables joyaux du patrimoine architectural aixois, vous convient au charme d\u2019un lieu, habill\u00e9 par mes sculptures en bronze et par les acryliques et pastels de Godda. Voyagez dans nos univers, dans nos techniques vari\u00e9es qui renvoient \u00e0 la couleur des \u00e9motions, \u00e0 la vibration int\u00e9rieure reli\u00e9e au geste de&hellip;\" \/>\n<meta property=\"og:url\" content=\"https:\/\/www.liselotte-andersen.net\/it\/mostre-temporanee\/galerie-de-la-prevote-aix-en-provence-3\/\" \/>\n<meta property=\"og:site_name\" content=\"Liselotte Andersen\" \/>\n<meta property=\"article:published_time\" content=\"2024-09-04T08:53:18+00:00\" \/>\n<meta property=\"article:modified_time\" content=\"2026-01-26T20:09:30+00:00\" \/>\n<meta property=\"og:image\" content=\"https:\/\/www.liselotte-andersen.net\/wp-content\/uploads\/2024\/09\/tinywow-affiche-prevote-sept-2024-63842368-1-804x1024.png\" \/>\n\t<meta property=\"og:image:width\" content=\"804\" \/>\n\t<meta property=\"og:image:height\" content=\"1024\" \/>\n\t<meta property=\"og:image:type\" content=\"image\/png\" \/>\n<meta name=\"author\" content=\"Liselotte\" \/>\n<meta name=\"twitter:card\" content=\"summary_large_image\" \/>\n<meta name=\"twitter:label1\" content=\"Scritto da\" \/>\n\t<meta name=\"twitter:data1\" content=\"Liselotte\" \/>\n\t<meta name=\"twitter:label2\" content=\"Tempo di lettura stimato\" \/>\n\t<meta name=\"twitter:data2\" content=\"1 minuto\" \/>\n<script type=\"application\/ld+json\" class=\"yoast-schema-graph\">{\"@context\":\"https:\\\/\\\/schema.org\",\"@graph\":[{\"@type\":\"Article\",\"@id\":\"https:\\\/\\\/www.liselotte-andersen.net\\\/en\\\/ephemeral-exhibitions\\\/galerie-de-la-prevote-aix-en-provence-3\\\/#article\",\"isPartOf\":{\"@id\":\"https:\\\/\\\/www.liselotte-andersen.net\\\/en\\\/ephemeral-exhibitions\\\/galerie-de-la-prevote-aix-en-provence-3\\\/\"},\"author\":{\"name\":\"Liselotte\",\"@id\":\"https:\\\/\\\/www.liselotte-andersen.net\\\/#\\\/schema\\\/person\\\/e6287e36a81c443bc328eaa434927efc\"},\"headline\":\"Galerie de la Pr\u00e9v\u00f4t\u00e9 (Aix-en-Provence)\",\"datePublished\":\"2024-09-04T08:53:18+00:00\",\"dateModified\":\"2026-01-26T20:09:30+00:00\",\"mainEntityOfPage\":{\"@id\":\"https:\\\/\\\/www.liselotte-andersen.net\\\/en\\\/ephemeral-exhibitions\\\/galerie-de-la-prevote-aix-en-provence-3\\\/\"},\"wordCount\":143,\"publisher\":{\"@id\":\"https:\\\/\\\/www.liselotte-andersen.net\\\/#\\\/schema\\\/person\\\/e6287e36a81c443bc328eaa434927efc\"},\"image\":{\"@id\":\"https:\\\/\\\/www.liselotte-andersen.net\\\/en\\\/ephemeral-exhibitions\\\/galerie-de-la-prevote-aix-en-provence-3\\\/#primaryimage\"},\"thumbnailUrl\":\"https:\\\/\\\/www.liselotte-andersen.net\\\/wp-content\\\/uploads\\\/2024\\\/09\\\/tinywow-affiche-prevote-sept-2024-63842368-1.png\",\"articleSection\":[\"Expositions \u00e9ph\u00e9m\u00e8res\"],\"inLanguage\":\"it-IT\"},{\"@type\":\"WebPage\",\"@id\":\"https:\\\/\\\/www.liselotte-andersen.net\\\/en\\\/ephemeral-exhibitions\\\/galerie-de-la-prevote-aix-en-provence-3\\\/\",\"url\":\"https:\\\/\\\/www.liselotte-andersen.net\\\/en\\\/ephemeral-exhibitions\\\/galerie-de-la-prevote-aix-en-provence-3\\\/\",\"name\":\"Galerie de la Pr\u00e9v\u00f4t\u00e9 (Aix-en-Provence) - Liselotte Andersen\",\"isPartOf\":{\"@id\":\"https:\\\/\\\/www.liselotte-andersen.net\\\/#website\"},\"primaryImageOfPage\":{\"@id\":\"https:\\\/\\\/www.liselotte-andersen.net\\\/en\\\/ephemeral-exhibitions\\\/galerie-de-la-prevote-aix-en-provence-3\\\/#primaryimage\"},\"image\":{\"@id\":\"https:\\\/\\\/www.liselotte-andersen.net\\\/en\\\/ephemeral-exhibitions\\\/galerie-de-la-prevote-aix-en-provence-3\\\/#primaryimage\"},\"thumbnailUrl\":\"https:\\\/\\\/www.liselotte-andersen.net\\\/wp-content\\\/uploads\\\/2024\\\/09\\\/tinywow-affiche-prevote-sept-2024-63842368-1.png\",\"datePublished\":\"2024-09-04T08:53:18+00:00\",\"dateModified\":\"2026-01-26T20:09:30+00:00\",\"breadcrumb\":{\"@id\":\"https:\\\/\\\/www.liselotte-andersen.net\\\/en\\\/ephemeral-exhibitions\\\/galerie-de-la-prevote-aix-en-provence-3\\\/#breadcrumb\"},\"inLanguage\":\"it-IT\",\"potentialAction\":[{\"@type\":\"ReadAction\",\"target\":[\"https:\\\/\\\/www.liselotte-andersen.net\\\/en\\\/ephemeral-exhibitions\\\/galerie-de-la-prevote-aix-en-provence-3\\\/\"]}]},{\"@type\":\"ImageObject\",\"inLanguage\":\"it-IT\",\"@id\":\"https:\\\/\\\/www.liselotte-andersen.net\\\/en\\\/ephemeral-exhibitions\\\/galerie-de-la-prevote-aix-en-provence-3\\\/#primaryimage\",\"url\":\"https:\\\/\\\/www.liselotte-andersen.net\\\/wp-content\\\/uploads\\\/2024\\\/09\\\/tinywow-affiche-prevote-sept-2024-63842368-1.png\",\"contentUrl\":\"https:\\\/\\\/www.liselotte-andersen.net\\\/wp-content\\\/uploads\\\/2024\\\/09\\\/tinywow-affiche-prevote-sept-2024-63842368-1.png\",\"width\":1571,\"height\":2000},{\"@type\":\"BreadcrumbList\",\"@id\":\"https:\\\/\\\/www.liselotte-andersen.net\\\/en\\\/ephemeral-exhibitions\\\/galerie-de-la-prevote-aix-en-provence-3\\\/#breadcrumb\",\"itemListElement\":[{\"@type\":\"ListItem\",\"position\":1,\"name\":\"Accueil\",\"item\":\"https:\\\/\\\/www.liselotte-andersen.net\\\/\"},{\"@type\":\"ListItem\",\"position\":2,\"name\":\"Galerie de la Pr\u00e9v\u00f4t\u00e9 (Aix-en-Provence)\"}]},{\"@type\":\"WebSite\",\"@id\":\"https:\\\/\\\/www.liselotte-andersen.net\\\/#website\",\"url\":\"https:\\\/\\\/www.liselotte-andersen.net\\\/\",\"name\":\"Liselotte Andersen\",\"description\":\"Sculptrice\",\"publisher\":{\"@id\":\"https:\\\/\\\/www.liselotte-andersen.net\\\/#\\\/schema\\\/person\\\/e6287e36a81c443bc328eaa434927efc\"},\"potentialAction\":[{\"@type\":\"SearchAction\",\"target\":{\"@type\":\"EntryPoint\",\"urlTemplate\":\"https:\\\/\\\/www.liselotte-andersen.net\\\/?s={search_term_string}\"},\"query-input\":{\"@type\":\"PropertyValueSpecification\",\"valueRequired\":true,\"valueName\":\"search_term_string\"}}],\"inLanguage\":\"it-IT\"},{\"@type\":[\"Person\",\"Organization\"],\"@id\":\"https:\\\/\\\/www.liselotte-andersen.net\\\/#\\\/schema\\\/person\\\/e6287e36a81c443bc328eaa434927efc\",\"name\":\"Liselotte\",\"image\":{\"@type\":\"ImageObject\",\"inLanguage\":\"it-IT\",\"@id\":\"https:\\\/\\\/www.liselotte-andersen.net\\\/wp-content\\\/uploads\\\/2025\\\/07\\\/Logo-bronze-LA-BR-e1751834958356.png\",\"url\":\"https:\\\/\\\/www.liselotte-andersen.net\\\/wp-content\\\/uploads\\\/2025\\\/07\\\/Logo-bronze-LA-BR-e1751834958356.png\",\"contentUrl\":\"https:\\\/\\\/www.liselotte-andersen.net\\\/wp-content\\\/uploads\\\/2025\\\/07\\\/Logo-bronze-LA-BR-e1751834958356.png\",\"width\":754,\"height\":744,\"caption\":\"Liselotte\"},\"logo\":{\"@id\":\"https:\\\/\\\/www.liselotte-andersen.net\\\/wp-content\\\/uploads\\\/2025\\\/07\\\/Logo-bronze-LA-BR-e1751834958356.png\"},\"sameAs\":[\"http:\\\/\\\/www.liselotte-andersen.net\"]}]}<\/script>\n<!-- \/ Yoast SEO plugin. -->","yoast_head_json":{"title":"Galerie de la Pr\u00e9v\u00f4t\u00e9 (Aix-en-Provence) - Liselotte Andersen","robots":{"index":"index","follow":"follow","max-snippet":"max-snippet:-1","max-image-preview":"max-image-preview:large","max-video-preview":"max-video-preview:-1"},"canonical":"https:\/\/www.liselotte-andersen.net\/it\/mostre-temporanee\/galerie-de-la-prevote-aix-en-provence-3\/","og_locale":"it_IT","og_type":"article","og_title":"Galerie de la Pr\u00e9v\u00f4t\u00e9 (Aix-en-Provence) - Liselotte Andersen","og_description":"La galerie et son patio verdoyant, v\u00e9ritables joyaux du patrimoine architectural aixois, vous convient au charme d\u2019un lieu, habill\u00e9 par mes sculptures en bronze et par les acryliques et pastels de Godda. Voyagez dans nos univers, dans nos techniques vari\u00e9es qui renvoient \u00e0 la couleur des \u00e9motions, \u00e0 la vibration int\u00e9rieure reli\u00e9e au geste de&hellip;","og_url":"https:\/\/www.liselotte-andersen.net\/it\/mostre-temporanee\/galerie-de-la-prevote-aix-en-provence-3\/","og_site_name":"Liselotte Andersen","article_published_time":"2024-09-04T08:53:18+00:00","article_modified_time":"2026-01-26T20:09:30+00:00","og_image":[{"width":804,"height":1024,"url":"https:\/\/www.liselotte-andersen.net\/wp-content\/uploads\/2024\/09\/tinywow-affiche-prevote-sept-2024-63842368-1-804x1024.png","type":"image\/png"}],"author":"Liselotte","twitter_card":"summary_large_image","twitter_misc":{"Scritto da":"Liselotte","Tempo di lettura stimato":"1 minuto"},"schema":{"@context":"https:\/\/schema.org","@graph":[{"@type":"Article","@id":"https:\/\/www.liselotte-andersen.net\/en\/ephemeral-exhibitions\/galerie-de-la-prevote-aix-en-provence-3\/#article","isPartOf":{"@id":"https:\/\/www.liselotte-andersen.net\/en\/ephemeral-exhibitions\/galerie-de-la-prevote-aix-en-provence-3\/"},"author":{"name":"Liselotte","@id":"https:\/\/www.liselotte-andersen.net\/#\/schema\/person\/e6287e36a81c443bc328eaa434927efc"},"headline":"Galerie de la Pr\u00e9v\u00f4t\u00e9 (Aix-en-Provence)","datePublished":"2024-09-04T08:53:18+00:00","dateModified":"2026-01-26T20:09:30+00:00","mainEntityOfPage":{"@id":"https:\/\/www.liselotte-andersen.net\/en\/ephemeral-exhibitions\/galerie-de-la-prevote-aix-en-provence-3\/"},"wordCount":143,"publisher":{"@id":"https:\/\/www.liselotte-andersen.net\/#\/schema\/person\/e6287e36a81c443bc328eaa434927efc"},"image":{"@id":"https:\/\/www.liselotte-andersen.net\/en\/ephemeral-exhibitions\/galerie-de-la-prevote-aix-en-provence-3\/#primaryimage"},"thumbnailUrl":"https:\/\/www.liselotte-andersen.net\/wp-content\/uploads\/2024\/09\/tinywow-affiche-prevote-sept-2024-63842368-1.png","articleSection":["Expositions \u00e9ph\u00e9m\u00e8res"],"inLanguage":"it-IT"},{"@type":"WebPage","@id":"https:\/\/www.liselotte-andersen.net\/en\/ephemeral-exhibitions\/galerie-de-la-prevote-aix-en-provence-3\/","url":"https:\/\/www.liselotte-andersen.net\/en\/ephemeral-exhibitions\/galerie-de-la-prevote-aix-en-provence-3\/","name":"Galerie de la Pr\u00e9v\u00f4t\u00e9 (Aix-en-Provence) - Liselotte Andersen","isPartOf":{"@id":"https:\/\/www.liselotte-andersen.net\/#website"},"primaryImageOfPage":{"@id":"https:\/\/www.liselotte-andersen.net\/en\/ephemeral-exhibitions\/galerie-de-la-prevote-aix-en-provence-3\/#primaryimage"},"image":{"@id":"https:\/\/www.liselotte-andersen.net\/en\/ephemeral-exhibitions\/galerie-de-la-prevote-aix-en-provence-3\/#primaryimage"},"thumbnailUrl":"https:\/\/www.liselotte-andersen.net\/wp-content\/uploads\/2024\/09\/tinywow-affiche-prevote-sept-2024-63842368-1.png","datePublished":"2024-09-04T08:53:18+00:00","dateModified":"2026-01-26T20:09:30+00:00","breadcrumb":{"@id":"https:\/\/www.liselotte-andersen.net\/en\/ephemeral-exhibitions\/galerie-de-la-prevote-aix-en-provence-3\/#breadcrumb"},"inLanguage":"it-IT","potentialAction":[{"@type":"ReadAction","target":["https:\/\/www.liselotte-andersen.net\/en\/ephemeral-exhibitions\/galerie-de-la-prevote-aix-en-provence-3\/"]}]},{"@type":"ImageObject","inLanguage":"it-IT","@id":"https:\/\/www.liselotte-andersen.net\/en\/ephemeral-exhibitions\/galerie-de-la-prevote-aix-en-provence-3\/#primaryimage","url":"https:\/\/www.liselotte-andersen.net\/wp-content\/uploads\/2024\/09\/tinywow-affiche-prevote-sept-2024-63842368-1.png","contentUrl":"https:\/\/www.liselotte-andersen.net\/wp-content\/uploads\/2024\/09\/tinywow-affiche-prevote-sept-2024-63842368-1.png","width":1571,"height":2000},{"@type":"BreadcrumbList","@id":"https:\/\/www.liselotte-andersen.net\/en\/ephemeral-exhibitions\/galerie-de-la-prevote-aix-en-provence-3\/#breadcrumb","itemListElement":[{"@type":"ListItem","position":1,"name":"Accueil","item":"https:\/\/www.liselotte-andersen.net\/"},{"@type":"ListItem","position":2,"name":"Galerie de la Pr\u00e9v\u00f4t\u00e9 (Aix-en-Provence)"}]},{"@type":"WebSite","@id":"https:\/\/www.liselotte-andersen.net\/#website","url":"https:\/\/www.liselotte-andersen.net\/","name":"Liselotte Andersen","description":"Scultrice","publisher":{"@id":"https:\/\/www.liselotte-andersen.net\/#\/schema\/person\/e6287e36a81c443bc328eaa434927efc"},"potentialAction":[{"@type":"SearchAction","target":{"@type":"EntryPoint","urlTemplate":"https:\/\/www.liselotte-andersen.net\/?s={search_term_string}"},"query-input":{"@type":"PropertyValueSpecification","valueRequired":true,"valueName":"search_term_string"}}],"inLanguage":"it-IT"},{"@type":["Person","Organization"],"@id":"https:\/\/www.liselotte-andersen.net\/#\/schema\/person\/e6287e36a81c443bc328eaa434927efc","name":"Liselotte","image":{"@type":"ImageObject","inLanguage":"it-IT","@id":"https:\/\/www.liselotte-andersen.net\/wp-content\/uploads\/2025\/07\/Logo-bronze-LA-BR-e1751834958356.png","url":"https:\/\/www.liselotte-andersen.net\/wp-content\/uploads\/2025\/07\/Logo-bronze-LA-BR-e1751834958356.png","contentUrl":"https:\/\/www.liselotte-andersen.net\/wp-content\/uploads\/2025\/07\/Logo-bronze-LA-BR-e1751834958356.png","width":754,"height":744,"caption":"Liselotte"},"logo":{"@id":"https:\/\/www.liselotte-andersen.net\/wp-content\/uploads\/2025\/07\/Logo-bronze-LA-BR-e1751834958356.png"},"sameAs":["http:\/\/www.liselotte-andersen.net"]}]}},"_links":{"self":[{"href":"https:\/\/www.liselotte-andersen.net\/it\/wp-json\/wp\/v2\/posts\/57421","targetHints":{"allow":["GET"]}}],"collection":[{"href":"https:\/\/www.liselotte-andersen.net\/it\/wp-json\/wp\/v2\/posts"}],"about":[{"href":"https:\/\/www.liselotte-andersen.net\/it\/wp-json\/wp\/v2\/types\/post"}],"author":[{"embeddable":true,"href":"https:\/\/www.liselotte-andersen.net\/it\/wp-json\/wp\/v2\/users\/3"}],"replies":[{"embeddable":true,"href":"https:\/\/www.liselotte-andersen.net\/it\/wp-json\/wp\/v2\/comments?post=57421"}],"version-history":[{"count":0,"href":"https:\/\/www.liselotte-andersen.net\/it\/wp-json\/wp\/v2\/posts\/57421\/revisions"}],"wp:featuredmedia":[{"embeddable":true,"href":"https:\/\/www.liselotte-andersen.net\/it\/wp-json\/wp\/v2\/media\/57440"}],"wp:attachment":[{"href":"https:\/\/www.liselotte-andersen.net\/it\/wp-json\/wp\/v2\/media?parent=57421"}],"wp:term":[{"taxonomy":"category","embeddable":true,"href":"https:\/\/www.liselotte-andersen.net\/it\/wp-json\/wp\/v2\/categories?post=57421"},{"taxonomy":"post_tag","embeddable":true,"href":"https:\/\/www.liselotte-andersen.net\/it\/wp-json\/wp\/v2\/tags?post=57421"}],"curies":[{"name":"wp","href":"https:\/\/api.w.org\/{rel}","templated":true}]}}