{"id":21078,"date":"2023-04-25T16:06:04","date_gmt":"2023-04-25T15:06:04","guid":{"rendered":"https:\/\/www.liselotte-andersen.net\/?p=21078"},"modified":"2026-01-26T21:09:30","modified_gmt":"2026-01-26T20:09:30","slug":"21-04-11-05-2023-galerie-de-la-prevote-aix-en-provence-france","status":"publish","type":"post","link":"https:\/\/www.liselotte-andersen.net\/it\/expositions-ephemeres\/21-04-11-05-2023-galerie-de-la-prevote-aix-en-provence-france\/","title":{"rendered":"21\/04 &gt; 11\/05\/2023 \u2013 Galerie de la Pr\u00e9v\u00f4t\u00e9 (Aix-en-Provence, Francia)"},"content":{"rendered":"<p class=\"wp-block-paragraph\">L\u2019Espace 361\u00b0 vous donne rendez-vous deux fois par an dans cette galerie comprenant deux grandes salles et qui est agr\u00e9ment\u00e9e d\u2019un patio verdoyant, contexte id\u00e9al pour la mise en sc\u00e8ne de sculptures.<\/p>\n\n\n\n<p class=\"wp-block-paragraph\">Je pr\u00e9sente une s\u00e9lection de mes bronzes aux c\u00f4t\u00e9s de 5 artistes :<\/p>\n\n\n\n<ul class=\"wp-block-list\">\n<li>Roselyne Conil, Sculpture r\u00e9sine, bronze et verre<\/li>\n\n\n\n<li>Chrystel Regord, Photographie technique mixte<\/li>\n\n\n\n<li>Sytlvie Bourely, Sculpture terre &amp; bronze<\/li>\n\n\n\n<li>V\u00e9ronique G\u00e9rard, Photographie plastique<\/li>\n\n\n\n<li>Annamili, Peinture<\/li>\n<\/ul>\n\n\n\n<p class=\"wp-block-paragraph\">Vous \u00eates les bienvenus de 10h \u00e0 19h tous les jours.<\/p>\n\n\n\n<p class=\"wp-block-paragraph\">Vernissage le samedi 29 avril \u00e0 partir de 18h.<\/p>\n\n\n\n<p class=\"wp-block-paragraph\">Place des Martyrs de la r\u00e9sistance (pr\u00e9s de la Cath\u00e9drale) \u2013 Aix-en-Provence<\/p>\n\n\n\n<p class=\"wp-block-paragraph\">&nbsp;<\/p>\n\n\n\n<figure class=\"wp-block-image size-large is-resized\"><img loading=\"lazy\" decoding=\"async\" width=\"724\" height=\"1024\" src=\"https:\/\/www.liselotte-andersen.net\/wp-content\/uploads\/2023\/04\/Affiche-Prevote-avril-2023-724x1024.jpeg\" alt=\"\" class=\"wp-image-21081\" style=\"width:720px\" srcset=\"https:\/\/www.liselotte-andersen.net\/wp-content\/uploads\/2023\/04\/Affiche-Prevote-avril-2023-724x1024.jpeg 724w, https:\/\/www.liselotte-andersen.net\/wp-content\/uploads\/2023\/04\/Affiche-Prevote-avril-2023-212x300.jpeg 212w, https:\/\/www.liselotte-andersen.net\/wp-content\/uploads\/2023\/04\/Affiche-Prevote-avril-2023-768x1086.jpeg 768w, https:\/\/www.liselotte-andersen.net\/wp-content\/uploads\/2023\/04\/Affiche-Prevote-avril-2023-1086x1536.jpeg 1086w, https:\/\/www.liselotte-andersen.net\/wp-content\/uploads\/2023\/04\/Affiche-Prevote-avril-2023-1116x1578.jpeg 1116w, https:\/\/www.liselotte-andersen.net\/wp-content\/uploads\/2023\/04\/Affiche-Prevote-avril-2023-806x1140.jpeg 806w, https:\/\/www.liselotte-andersen.net\/wp-content\/uploads\/2023\/04\/Affiche-Prevote-avril-2023-558x789.jpeg 558w, https:\/\/www.liselotte-andersen.net\/wp-content\/uploads\/2023\/04\/Affiche-Prevote-avril-2023-700x990.jpeg 700w, https:\/\/www.liselotte-andersen.net\/wp-content\/uploads\/2023\/04\/Affiche-Prevote-avril-2023.jpeg 1200w\" sizes=\"auto, (max-width: 724px) 100vw, 724px\" \/><\/figure>\n\n\n\n<figure class=\"wp-block-image size-large is-resized\"><img loading=\"lazy\" decoding=\"async\" width=\"768\" height=\"1024\" src=\"https:\/\/www.liselotte-andersen.net\/wp-content\/uploads\/2023\/04\/Prevote-2023-1-BR-scaled-1-768x1024.jpg\" alt=\"\" class=\"wp-image-21079\" style=\"width:720px\" srcset=\"https:\/\/www.liselotte-andersen.net\/wp-content\/uploads\/2023\/04\/Prevote-2023-1-BR-scaled-1-768x1024.jpg 768w, https:\/\/www.liselotte-andersen.net\/wp-content\/uploads\/2023\/04\/Prevote-2023-1-BR-scaled-1-225x300.jpg 225w, https:\/\/www.liselotte-andersen.net\/wp-content\/uploads\/2023\/04\/Prevote-2023-1-BR-scaled-1-1152x1536.jpg 1152w, https:\/\/www.liselotte-andersen.net\/wp-content\/uploads\/2023\/04\/Prevote-2023-1-BR-scaled-1-1536x2048.jpg 1536w, https:\/\/www.liselotte-andersen.net\/wp-content\/uploads\/2023\/04\/Prevote-2023-1-BR-scaled-1-1612x2149.jpg 1612w, https:\/\/www.liselotte-andersen.net\/wp-content\/uploads\/2023\/04\/Prevote-2023-1-BR-scaled-1-1116x1488.jpg 1116w, https:\/\/www.liselotte-andersen.net\/wp-content\/uploads\/2023\/04\/Prevote-2023-1-BR-scaled-1-806x1075.jpg 806w, https:\/\/www.liselotte-andersen.net\/wp-content\/uploads\/2023\/04\/Prevote-2023-1-BR-scaled-1-558x744.jpg 558w, https:\/\/www.liselotte-andersen.net\/wp-content\/uploads\/2023\/04\/Prevote-2023-1-BR-scaled-1-700x933.jpg 700w, https:\/\/www.liselotte-andersen.net\/wp-content\/uploads\/2023\/04\/Prevote-2023-1-BR-scaled-1.jpg 1920w\" sizes=\"auto, (max-width: 768px) 100vw, 768px\" \/><\/figure>\n\n\n\n<figure class=\"wp-block-image size-large is-resized\"><img loading=\"lazy\" decoding=\"async\" width=\"1024\" height=\"1024\" src=\"https:\/\/www.liselotte-andersen.net\/wp-content\/uploads\/2023\/04\/IMG_1570-scaled-1-1024x1024.jpg\" alt=\"\" class=\"wp-image-21090\" style=\"width:720px\" srcset=\"https:\/\/www.liselotte-andersen.net\/wp-content\/uploads\/2023\/04\/IMG_1570-scaled-1-1024x1024.jpg 1024w, https:\/\/www.liselotte-andersen.net\/wp-content\/uploads\/2023\/04\/IMG_1570-scaled-1-300x300.jpg 300w, https:\/\/www.liselotte-andersen.net\/wp-content\/uploads\/2023\/04\/IMG_1570-scaled-1-150x150.jpg 150w, https:\/\/www.liselotte-andersen.net\/wp-content\/uploads\/2023\/04\/IMG_1570-scaled-1-768x768.jpg 768w, https:\/\/www.liselotte-andersen.net\/wp-content\/uploads\/2023\/04\/IMG_1570-scaled-1-1536x1536.jpg 1536w, https:\/\/www.liselotte-andersen.net\/wp-content\/uploads\/2023\/04\/IMG_1570-scaled-1-2048x2048.jpg 2048w, https:\/\/www.liselotte-andersen.net\/wp-content\/uploads\/2023\/04\/IMG_1570-scaled-1-468x468.jpg 468w, https:\/\/www.liselotte-andersen.net\/wp-content\/uploads\/2023\/04\/IMG_1570-scaled-1-1612x1612.jpg 1612w, https:\/\/www.liselotte-andersen.net\/wp-content\/uploads\/2023\/04\/IMG_1570-scaled-1-1116x1116.jpg 1116w, https:\/\/www.liselotte-andersen.net\/wp-content\/uploads\/2023\/04\/IMG_1570-scaled-1-806x806.jpg 806w, https:\/\/www.liselotte-andersen.net\/wp-content\/uploads\/2023\/04\/IMG_1570-scaled-1-558x558.jpg 558w, https:\/\/www.liselotte-andersen.net\/wp-content\/uploads\/2023\/04\/IMG_1570-scaled-1-700x700.jpg 700w, https:\/\/www.liselotte-andersen.net\/wp-content\/uploads\/2023\/04\/IMG_1570-scaled-1-120x120.jpg 120w\" sizes=\"auto, (max-width: 1024px) 100vw, 1024px\" \/><\/figure>\n\n\n\n<p class=\"wp-block-paragraph\">&nbsp;<\/p>","protected":false},"excerpt":{"rendered":"<p>L\u2019Espace 361\u00b0 vi d\u00e0 appuntamento due volte all'anno in questa galleria che comprende due grandi sale ed \u00e8 impreziosita da un patio verdeggiante, contesto ideale per l'allestimento di sculture. Presento una selezione dei miei bronzi accanto a 5 artisti: Siete i benvenuti dalle 10:00 alle 19:00 tutti i\u2026<\/p>","protected":false},"author":3,"featured_media":21084,"comment_status":"closed","ping_status":"open","sticky":false,"template":"","format":"standard","meta":{"_acf_changed":false,"footnotes":""},"categories":[5],"tags":[],"class_list":["post-21078","post","type-post","status-publish","format-standard","has-post-thumbnail","hentry","category-expositions-ephemeres"],"acf":[],"yoast_head":"<!-- This site is optimized with the Yoast SEO plugin v28.4 - https:\/\/yoast.com\/product\/yoast-seo-wordpress\/ -->\n<title>21\/04 &gt; 11\/05\/2023 - Galerie de la Pr\u00e9v\u00f4t\u00e9 (Aix-en-Provence, France) - Liselotte Andersen<\/title>\n<meta name=\"robots\" content=\"index, follow, max-snippet:-1, max-image-preview:large, max-video-preview:-1\" \/>\n<link rel=\"canonical\" href=\"https:\/\/www.liselotte-andersen.net\/it\/mostre-temporanee\/21-04-11-05-2023-galerie-de-la-prevote-aix-en-provence-france\/\" \/>\n<meta property=\"og:locale\" content=\"it_IT\" \/>\n<meta property=\"og:type\" content=\"article\" \/>\n<meta property=\"og:title\" content=\"21\/04 &gt; 11\/05\/2023 - Galerie de la Pr\u00e9v\u00f4t\u00e9 (Aix-en-Provence, France) - Liselotte Andersen\" \/>\n<meta property=\"og:description\" content=\"L\u2019Espace 361\u00b0 vous donne rendez-vous deux fois par an dans cette galerie comprenant deux grandes salles et qui est agr\u00e9ment\u00e9e d\u2019un patio verdoyant, contexte id\u00e9al pour la mise en sc\u00e8ne de sculptures. Je pr\u00e9sente une s\u00e9lection de mes bronzes aux c\u00f4t\u00e9s de 5 artistes : Vous \u00eates les bienvenus de 10h \u00e0 19h tous les&hellip;\" \/>\n<meta property=\"og:url\" content=\"https:\/\/www.liselotte-andersen.net\/it\/mostre-temporanee\/21-04-11-05-2023-galerie-de-la-prevote-aix-en-provence-france\/\" \/>\n<meta property=\"og:site_name\" content=\"Liselotte Andersen\" \/>\n<meta property=\"article:published_time\" content=\"2023-04-25T15:06:04+00:00\" \/>\n<meta property=\"article:modified_time\" content=\"2026-01-26T20:09:30+00:00\" \/>\n<meta property=\"og:image\" content=\"https:\/\/www.liselotte-andersen.net\/wp-content\/uploads\/2023\/04\/IMG_1543-scaled-1.jpg\" \/>\n\t<meta property=\"og:image:width\" content=\"2560\" \/>\n\t<meta property=\"og:image:height\" content=\"2560\" \/>\n\t<meta property=\"og:image:type\" content=\"image\/jpeg\" \/>\n<meta name=\"author\" content=\"Liselotte\" \/>\n<meta name=\"twitter:card\" content=\"summary_large_image\" \/>\n<meta name=\"twitter:label1\" content=\"Scritto da\" \/>\n\t<meta name=\"twitter:data1\" content=\"Liselotte\" \/>\n\t<meta name=\"twitter:label2\" content=\"Tempo di lettura stimato\" \/>\n\t<meta name=\"twitter:data2\" content=\"2 minuti\" \/>\n<script type=\"application\/ld+json\" class=\"yoast-schema-graph\">{\"@context\":\"https:\\\/\\\/schema.org\",\"@graph\":[{\"@type\":\"Article\",\"@id\":\"https:\\\/\\\/www.liselotte-andersen.net\\\/en\\\/ephemeral-exhibitions\\\/21-04-11-05-2023-galerie-de-la-prevote-aix-en-provence-france\\\/#article\",\"isPartOf\":{\"@id\":\"https:\\\/\\\/www.liselotte-andersen.net\\\/en\\\/ephemeral-exhibitions\\\/21-04-11-05-2023-galerie-de-la-prevote-aix-en-provence-france\\\/\"},\"author\":{\"name\":\"Liselotte\",\"@id\":\"https:\\\/\\\/www.liselotte-andersen.net\\\/#\\\/schema\\\/person\\\/e6287e36a81c443bc328eaa434927efc\"},\"headline\":\"21\\\/04 > 11\\\/05\\\/2023 &#8211; Galerie de la Pr\u00e9v\u00f4t\u00e9 (Aix-en-Provence, France)\",\"datePublished\":\"2023-04-25T15:06:04+00:00\",\"dateModified\":\"2026-01-26T20:09:30+00:00\",\"mainEntityOfPage\":{\"@id\":\"https:\\\/\\\/www.liselotte-andersen.net\\\/en\\\/ephemeral-exhibitions\\\/21-04-11-05-2023-galerie-de-la-prevote-aix-en-provence-france\\\/\"},\"wordCount\":121,\"publisher\":{\"@id\":\"https:\\\/\\\/www.liselotte-andersen.net\\\/#\\\/schema\\\/person\\\/e6287e36a81c443bc328eaa434927efc\"},\"image\":{\"@id\":\"https:\\\/\\\/www.liselotte-andersen.net\\\/en\\\/ephemeral-exhibitions\\\/21-04-11-05-2023-galerie-de-la-prevote-aix-en-provence-france\\\/#primaryimage\"},\"thumbnailUrl\":\"https:\\\/\\\/www.liselotte-andersen.net\\\/wp-content\\\/uploads\\\/2023\\\/04\\\/IMG_1543-scaled-1.jpg\",\"articleSection\":[\"Expositions \u00e9ph\u00e9m\u00e8res\"],\"inLanguage\":\"it-IT\"},{\"@type\":\"WebPage\",\"@id\":\"https:\\\/\\\/www.liselotte-andersen.net\\\/en\\\/ephemeral-exhibitions\\\/21-04-11-05-2023-galerie-de-la-prevote-aix-en-provence-france\\\/\",\"url\":\"https:\\\/\\\/www.liselotte-andersen.net\\\/en\\\/ephemeral-exhibitions\\\/21-04-11-05-2023-galerie-de-la-prevote-aix-en-provence-france\\\/\",\"name\":\"21\\\/04 > 11\\\/05\\\/2023 - Galerie de la Pr\u00e9v\u00f4t\u00e9 (Aix-en-Provence, France) - Liselotte Andersen\",\"isPartOf\":{\"@id\":\"https:\\\/\\\/www.liselotte-andersen.net\\\/#website\"},\"primaryImageOfPage\":{\"@id\":\"https:\\\/\\\/www.liselotte-andersen.net\\\/en\\\/ephemeral-exhibitions\\\/21-04-11-05-2023-galerie-de-la-prevote-aix-en-provence-france\\\/#primaryimage\"},\"image\":{\"@id\":\"https:\\\/\\\/www.liselotte-andersen.net\\\/en\\\/ephemeral-exhibitions\\\/21-04-11-05-2023-galerie-de-la-prevote-aix-en-provence-france\\\/#primaryimage\"},\"thumbnailUrl\":\"https:\\\/\\\/www.liselotte-andersen.net\\\/wp-content\\\/uploads\\\/2023\\\/04\\\/IMG_1543-scaled-1.jpg\",\"datePublished\":\"2023-04-25T15:06:04+00:00\",\"dateModified\":\"2026-01-26T20:09:30+00:00\",\"breadcrumb\":{\"@id\":\"https:\\\/\\\/www.liselotte-andersen.net\\\/en\\\/ephemeral-exhibitions\\\/21-04-11-05-2023-galerie-de-la-prevote-aix-en-provence-france\\\/#breadcrumb\"},\"inLanguage\":\"it-IT\",\"potentialAction\":[{\"@type\":\"ReadAction\",\"target\":[\"https:\\\/\\\/www.liselotte-andersen.net\\\/en\\\/ephemeral-exhibitions\\\/21-04-11-05-2023-galerie-de-la-prevote-aix-en-provence-france\\\/\"]}]},{\"@type\":\"ImageObject\",\"inLanguage\":\"it-IT\",\"@id\":\"https:\\\/\\\/www.liselotte-andersen.net\\\/en\\\/ephemeral-exhibitions\\\/21-04-11-05-2023-galerie-de-la-prevote-aix-en-provence-france\\\/#primaryimage\",\"url\":\"https:\\\/\\\/www.liselotte-andersen.net\\\/wp-content\\\/uploads\\\/2023\\\/04\\\/IMG_1543-scaled-1.jpg\",\"contentUrl\":\"https:\\\/\\\/www.liselotte-andersen.net\\\/wp-content\\\/uploads\\\/2023\\\/04\\\/IMG_1543-scaled-1.jpg\",\"width\":2560,\"height\":2560},{\"@type\":\"BreadcrumbList\",\"@id\":\"https:\\\/\\\/www.liselotte-andersen.net\\\/en\\\/ephemeral-exhibitions\\\/21-04-11-05-2023-galerie-de-la-prevote-aix-en-provence-france\\\/#breadcrumb\",\"itemListElement\":[{\"@type\":\"ListItem\",\"position\":1,\"name\":\"Accueil\",\"item\":\"https:\\\/\\\/www.liselotte-andersen.net\\\/\"},{\"@type\":\"ListItem\",\"position\":2,\"name\":\"21\\\/04 > 11\\\/05\\\/2023 &#8211; Galerie de la Pr\u00e9v\u00f4t\u00e9 (Aix-en-Provence, France)\"}]},{\"@type\":\"WebSite\",\"@id\":\"https:\\\/\\\/www.liselotte-andersen.net\\\/#website\",\"url\":\"https:\\\/\\\/www.liselotte-andersen.net\\\/\",\"name\":\"Liselotte Andersen\",\"description\":\"Sculptrice\",\"publisher\":{\"@id\":\"https:\\\/\\\/www.liselotte-andersen.net\\\/#\\\/schema\\\/person\\\/e6287e36a81c443bc328eaa434927efc\"},\"potentialAction\":[{\"@type\":\"SearchAction\",\"target\":{\"@type\":\"EntryPoint\",\"urlTemplate\":\"https:\\\/\\\/www.liselotte-andersen.net\\\/?s={search_term_string}\"},\"query-input\":{\"@type\":\"PropertyValueSpecification\",\"valueRequired\":true,\"valueName\":\"search_term_string\"}}],\"inLanguage\":\"it-IT\"},{\"@type\":[\"Person\",\"Organization\"],\"@id\":\"https:\\\/\\\/www.liselotte-andersen.net\\\/#\\\/schema\\\/person\\\/e6287e36a81c443bc328eaa434927efc\",\"name\":\"Liselotte\",\"image\":{\"@type\":\"ImageObject\",\"inLanguage\":\"it-IT\",\"@id\":\"https:\\\/\\\/www.liselotte-andersen.net\\\/wp-content\\\/uploads\\\/2025\\\/07\\\/Logo-bronze-LA-BR-e1751834958356.png\",\"url\":\"https:\\\/\\\/www.liselotte-andersen.net\\\/wp-content\\\/uploads\\\/2025\\\/07\\\/Logo-bronze-LA-BR-e1751834958356.png\",\"contentUrl\":\"https:\\\/\\\/www.liselotte-andersen.net\\\/wp-content\\\/uploads\\\/2025\\\/07\\\/Logo-bronze-LA-BR-e1751834958356.png\",\"width\":754,\"height\":744,\"caption\":\"Liselotte\"},\"logo\":{\"@id\":\"https:\\\/\\\/www.liselotte-andersen.net\\\/wp-content\\\/uploads\\\/2025\\\/07\\\/Logo-bronze-LA-BR-e1751834958356.png\"},\"sameAs\":[\"http:\\\/\\\/www.liselotte-andersen.net\"]}]}<\/script>\n<!-- \/ Yoast SEO plugin. -->","yoast_head_json":{"title":"21\/04 > 11\/05\/2023 - Galerie de la Pr\u00e9v\u00f4t\u00e9 (Aix-en-Provence, France) - Liselotte Andersen","robots":{"index":"index","follow":"follow","max-snippet":"max-snippet:-1","max-image-preview":"max-image-preview:large","max-video-preview":"max-video-preview:-1"},"canonical":"https:\/\/www.liselotte-andersen.net\/it\/mostre-temporanee\/21-04-11-05-2023-galerie-de-la-prevote-aix-en-provence-france\/","og_locale":"it_IT","og_type":"article","og_title":"21\/04 > 11\/05\/2023 - Galerie de la Pr\u00e9v\u00f4t\u00e9 (Aix-en-Provence, France) - Liselotte Andersen","og_description":"L\u2019Espace 361\u00b0 vous donne rendez-vous deux fois par an dans cette galerie comprenant deux grandes salles et qui est agr\u00e9ment\u00e9e d\u2019un patio verdoyant, contexte id\u00e9al pour la mise en sc\u00e8ne de sculptures. Je pr\u00e9sente une s\u00e9lection de mes bronzes aux c\u00f4t\u00e9s de 5 artistes : Vous \u00eates les bienvenus de 10h \u00e0 19h tous les&hellip;","og_url":"https:\/\/www.liselotte-andersen.net\/it\/mostre-temporanee\/21-04-11-05-2023-galerie-de-la-prevote-aix-en-provence-france\/","og_site_name":"Liselotte Andersen","article_published_time":"2023-04-25T15:06:04+00:00","article_modified_time":"2026-01-26T20:09:30+00:00","og_image":[{"width":2560,"height":2560,"url":"https:\/\/www.liselotte-andersen.net\/wp-content\/uploads\/2023\/04\/IMG_1543-scaled-1.jpg","type":"image\/jpeg"}],"author":"Liselotte","twitter_card":"summary_large_image","twitter_misc":{"Scritto da":"Liselotte","Tempo di lettura stimato":"2 minuti"},"schema":{"@context":"https:\/\/schema.org","@graph":[{"@type":"Article","@id":"https:\/\/www.liselotte-andersen.net\/en\/ephemeral-exhibitions\/21-04-11-05-2023-galerie-de-la-prevote-aix-en-provence-france\/#article","isPartOf":{"@id":"https:\/\/www.liselotte-andersen.net\/en\/ephemeral-exhibitions\/21-04-11-05-2023-galerie-de-la-prevote-aix-en-provence-france\/"},"author":{"name":"Liselotte","@id":"https:\/\/www.liselotte-andersen.net\/#\/schema\/person\/e6287e36a81c443bc328eaa434927efc"},"headline":"21\/04 > 11\/05\/2023 &#8211; Galerie de la Pr\u00e9v\u00f4t\u00e9 (Aix-en-Provence, France)","datePublished":"2023-04-25T15:06:04+00:00","dateModified":"2026-01-26T20:09:30+00:00","mainEntityOfPage":{"@id":"https:\/\/www.liselotte-andersen.net\/en\/ephemeral-exhibitions\/21-04-11-05-2023-galerie-de-la-prevote-aix-en-provence-france\/"},"wordCount":121,"publisher":{"@id":"https:\/\/www.liselotte-andersen.net\/#\/schema\/person\/e6287e36a81c443bc328eaa434927efc"},"image":{"@id":"https:\/\/www.liselotte-andersen.net\/en\/ephemeral-exhibitions\/21-04-11-05-2023-galerie-de-la-prevote-aix-en-provence-france\/#primaryimage"},"thumbnailUrl":"https:\/\/www.liselotte-andersen.net\/wp-content\/uploads\/2023\/04\/IMG_1543-scaled-1.jpg","articleSection":["Expositions \u00e9ph\u00e9m\u00e8res"],"inLanguage":"it-IT"},{"@type":"WebPage","@id":"https:\/\/www.liselotte-andersen.net\/en\/ephemeral-exhibitions\/21-04-11-05-2023-galerie-de-la-prevote-aix-en-provence-france\/","url":"https:\/\/www.liselotte-andersen.net\/en\/ephemeral-exhibitions\/21-04-11-05-2023-galerie-de-la-prevote-aix-en-provence-france\/","name":"21\/04 > 11\/05\/2023 - Galerie de la Pr\u00e9v\u00f4t\u00e9 (Aix-en-Provence, France) - Liselotte Andersen","isPartOf":{"@id":"https:\/\/www.liselotte-andersen.net\/#website"},"primaryImageOfPage":{"@id":"https:\/\/www.liselotte-andersen.net\/en\/ephemeral-exhibitions\/21-04-11-05-2023-galerie-de-la-prevote-aix-en-provence-france\/#primaryimage"},"image":{"@id":"https:\/\/www.liselotte-andersen.net\/en\/ephemeral-exhibitions\/21-04-11-05-2023-galerie-de-la-prevote-aix-en-provence-france\/#primaryimage"},"thumbnailUrl":"https:\/\/www.liselotte-andersen.net\/wp-content\/uploads\/2023\/04\/IMG_1543-scaled-1.jpg","datePublished":"2023-04-25T15:06:04+00:00","dateModified":"2026-01-26T20:09:30+00:00","breadcrumb":{"@id":"https:\/\/www.liselotte-andersen.net\/en\/ephemeral-exhibitions\/21-04-11-05-2023-galerie-de-la-prevote-aix-en-provence-france\/#breadcrumb"},"inLanguage":"it-IT","potentialAction":[{"@type":"ReadAction","target":["https:\/\/www.liselotte-andersen.net\/en\/ephemeral-exhibitions\/21-04-11-05-2023-galerie-de-la-prevote-aix-en-provence-france\/"]}]},{"@type":"ImageObject","inLanguage":"it-IT","@id":"https:\/\/www.liselotte-andersen.net\/en\/ephemeral-exhibitions\/21-04-11-05-2023-galerie-de-la-prevote-aix-en-provence-france\/#primaryimage","url":"https:\/\/www.liselotte-andersen.net\/wp-content\/uploads\/2023\/04\/IMG_1543-scaled-1.jpg","contentUrl":"https:\/\/www.liselotte-andersen.net\/wp-content\/uploads\/2023\/04\/IMG_1543-scaled-1.jpg","width":2560,"height":2560},{"@type":"BreadcrumbList","@id":"https:\/\/www.liselotte-andersen.net\/en\/ephemeral-exhibitions\/21-04-11-05-2023-galerie-de-la-prevote-aix-en-provence-france\/#breadcrumb","itemListElement":[{"@type":"ListItem","position":1,"name":"Accueil","item":"https:\/\/www.liselotte-andersen.net\/"},{"@type":"ListItem","position":2,"name":"21\/04 > 11\/05\/2023 &#8211; Galerie de la Pr\u00e9v\u00f4t\u00e9 (Aix-en-Provence, France)"}]},{"@type":"WebSite","@id":"https:\/\/www.liselotte-andersen.net\/#website","url":"https:\/\/www.liselotte-andersen.net\/","name":"Liselotte Andersen","description":"Scultrice","publisher":{"@id":"https:\/\/www.liselotte-andersen.net\/#\/schema\/person\/e6287e36a81c443bc328eaa434927efc"},"potentialAction":[{"@type":"SearchAction","target":{"@type":"EntryPoint","urlTemplate":"https:\/\/www.liselotte-andersen.net\/?s={search_term_string}"},"query-input":{"@type":"PropertyValueSpecification","valueRequired":true,"valueName":"search_term_string"}}],"inLanguage":"it-IT"},{"@type":["Person","Organization"],"@id":"https:\/\/www.liselotte-andersen.net\/#\/schema\/person\/e6287e36a81c443bc328eaa434927efc","name":"Liselotte","image":{"@type":"ImageObject","inLanguage":"it-IT","@id":"https:\/\/www.liselotte-andersen.net\/wp-content\/uploads\/2025\/07\/Logo-bronze-LA-BR-e1751834958356.png","url":"https:\/\/www.liselotte-andersen.net\/wp-content\/uploads\/2025\/07\/Logo-bronze-LA-BR-e1751834958356.png","contentUrl":"https:\/\/www.liselotte-andersen.net\/wp-content\/uploads\/2025\/07\/Logo-bronze-LA-BR-e1751834958356.png","width":754,"height":744,"caption":"Liselotte"},"logo":{"@id":"https:\/\/www.liselotte-andersen.net\/wp-content\/uploads\/2025\/07\/Logo-bronze-LA-BR-e1751834958356.png"},"sameAs":["http:\/\/www.liselotte-andersen.net"]}]}},"_links":{"self":[{"href":"https:\/\/www.liselotte-andersen.net\/it\/wp-json\/wp\/v2\/posts\/21078","targetHints":{"allow":["GET"]}}],"collection":[{"href":"https:\/\/www.liselotte-andersen.net\/it\/wp-json\/wp\/v2\/posts"}],"about":[{"href":"https:\/\/www.liselotte-andersen.net\/it\/wp-json\/wp\/v2\/types\/post"}],"author":[{"embeddable":true,"href":"https:\/\/www.liselotte-andersen.net\/it\/wp-json\/wp\/v2\/users\/3"}],"replies":[{"embeddable":true,"href":"https:\/\/www.liselotte-andersen.net\/it\/wp-json\/wp\/v2\/comments?post=21078"}],"version-history":[{"count":0,"href":"https:\/\/www.liselotte-andersen.net\/it\/wp-json\/wp\/v2\/posts\/21078\/revisions"}],"wp:featuredmedia":[{"embeddable":true,"href":"https:\/\/www.liselotte-andersen.net\/it\/wp-json\/wp\/v2\/media\/21084"}],"wp:attachment":[{"href":"https:\/\/www.liselotte-andersen.net\/it\/wp-json\/wp\/v2\/media?parent=21078"}],"wp:term":[{"taxonomy":"category","embeddable":true,"href":"https:\/\/www.liselotte-andersen.net\/it\/wp-json\/wp\/v2\/categories?post=21078"},{"taxonomy":"post_tag","embeddable":true,"href":"https:\/\/www.liselotte-andersen.net\/it\/wp-json\/wp\/v2\/tags?post=21078"}],"curies":[{"name":"wp","href":"https:\/\/api.w.org\/{rel}","templated":true}]}}