{"id":16589,"date":"2022-10-30T10:56:07","date_gmt":"2022-10-30T09:56:07","guid":{"rendered":"https:\/\/www.liselotte-andersen.net\/?p=16589"},"modified":"2026-01-26T21:09:30","modified_gmt":"2026-01-26T20:09:30","slug":"31-106-11-22-galerie-du-port-la-ciotat-france","status":"publish","type":"post","link":"https:\/\/www.liselotte-andersen.net\/it\/expositions-ephemeres\/31-106-11-22-galerie-du-port-la-ciotat-france\/","title":{"rendered":"31\/10&gt;6\/11\/22 \u2013 Galerie du Port (La Ciotat \u2013 Francia)"},"content":{"rendered":"<div class=\"xdj266r x11i5rnm xat24cr x1mh8g0r x1vvkbs x126k92a\">\n<div dir=\"auto\">\n<p><img loading=\"lazy\" decoding=\"async\" class=\"alignnone wp-image-16590 size-large\" src=\"https:\/\/www.liselotte-andersen.net\/wp-content\/uploads\/2022\/10\/Affiche-La-Ciotat-731x1024.jpg\" alt=\"\" width=\"731\" height=\"1024\" srcset=\"https:\/\/www.liselotte-andersen.net\/wp-content\/uploads\/2022\/10\/Affiche-La-Ciotat-731x1024.jpg 731w, https:\/\/www.liselotte-andersen.net\/wp-content\/uploads\/2022\/10\/Affiche-La-Ciotat-214x300.jpg 214w, https:\/\/www.liselotte-andersen.net\/wp-content\/uploads\/2022\/10\/Affiche-La-Ciotat-768x1075.jpg 768w, https:\/\/www.liselotte-andersen.net\/wp-content\/uploads\/2022\/10\/Affiche-La-Ciotat-558x781.jpg 558w, https:\/\/www.liselotte-andersen.net\/wp-content\/uploads\/2022\/10\/Affiche-La-Ciotat-700x980.jpg 700w, https:\/\/www.liselotte-andersen.net\/wp-content\/uploads\/2022\/10\/Affiche-La-Ciotat-600x840.jpg 600w, https:\/\/www.liselotte-andersen.net\/wp-content\/uploads\/2022\/10\/Affiche-La-Ciotat.jpg 800w\" sizes=\"auto, (max-width: 731px) 100vw, 731px\" \/><\/p>\n<hr \/>\n<\/div>\n<div dir=\"auto\">Notre exposition en bord de mer <span class=\"x3nfvp2 x1j61x8r x1fcty0u xdj266r xhhsvwb xat24cr xgzva0m xxymvpz xlup9mm x1kky2od\"><img loading=\"lazy\" decoding=\"async\" src=\"https:\/\/static.xx.fbcdn.net\/images\/emoji.php\/v9\/teb\/2\/16\/1f642.png\" alt=\"\ud83d\ude42\" width=\"16\" height=\"16\" \/><\/span><\/div>\n<div dir=\"auto\">C&rsquo;est \u00e0 partir de lundi et pendant une semaine \u00e0 La Galerie du Port de La Ciotat. Les photographies de V\u00e9ronique G\u00e9rard agr\u00e9ment\u00e9es de subtiles techniques mixtes dialoguent avec mes sculptures en bronze toujours avides d&rsquo;interactions&#8230;<\/div>\n<div dir=\"auto\">Au plaisir de vous y croiser au gr\u00e9 d&rsquo;une inspiration et d&rsquo;un moment de partage <span class=\"x3nfvp2 x1j61x8r x1fcty0u xdj266r xhhsvwb xat24cr xgzva0m xxymvpz xlup9mm x1kky2od\"><img loading=\"lazy\" decoding=\"async\" src=\"https:\/\/static.xx.fbcdn.net\/images\/emoji.php\/v9\/teb\/2\/16\/1f642.png\" alt=\"\ud83d\ude42\" width=\"16\" height=\"16\" \/><\/span><\/div>\n<\/div>","protected":false},"excerpt":{"rendered":"<p>La nostra esposizione in riva al mare si terr\u00e0 a partire da luned\u00ec e per una settimana alla Galerie du Port di La Ciotat. Le fotografie di V\u00e9ronique G\u00e9rard, arricchite da sottili tecniche miste, dialogano con le mie sculture in bronze, sempre avide di interazioni... Sar\u00e0 un piacere incontrarvi l\u00ec, tra un'ispirazione e un momento di relax...<\/p>","protected":false},"author":3,"featured_media":16590,"comment_status":"closed","ping_status":"open","sticky":false,"template":"","format":"standard","meta":{"_acf_changed":false,"footnotes":""},"categories":[5],"tags":[],"class_list":["post-16589","post","type-post","status-publish","format-standard","has-post-thumbnail","hentry","category-expositions-ephemeres"],"acf":[],"yoast_head":"<!-- This site is optimized with the Yoast SEO plugin v28.4 - https:\/\/yoast.com\/product\/yoast-seo-wordpress\/ -->\n<title>31\/10&gt;6\/11\/22 - Galerie du Port (La Ciotat - France) - Liselotte Andersen<\/title>\n<meta name=\"robots\" content=\"index, follow, max-snippet:-1, max-image-preview:large, max-video-preview:-1\" \/>\n<link rel=\"canonical\" href=\"https:\/\/www.liselotte-andersen.net\/it\/mostre-temporanee\/31-106-11-22-galerie-du-port-la-ciotat-france\/\" \/>\n<meta property=\"og:locale\" content=\"it_IT\" \/>\n<meta property=\"og:type\" content=\"article\" \/>\n<meta property=\"og:title\" content=\"31\/10&gt;6\/11\/22 - Galerie du Port (La Ciotat - France) - Liselotte Andersen\" \/>\n<meta property=\"og:description\" content=\"Notre exposition en bord de mer C&rsquo;est \u00e0 partir de lundi et pendant une semaine \u00e0 La Galerie du Port de La Ciotat. Les photographies de V\u00e9ronique G\u00e9rard agr\u00e9ment\u00e9es de subtiles techniques mixtes dialoguent avec mes sculptures en bronze toujours avides d&rsquo;interactions&#8230; Au plaisir de vous y croiser au gr\u00e9 d&rsquo;une inspiration et d&rsquo;un moment&hellip;\" \/>\n<meta property=\"og:url\" content=\"https:\/\/www.liselotte-andersen.net\/it\/mostre-temporanee\/31-106-11-22-galerie-du-port-la-ciotat-france\/\" \/>\n<meta property=\"og:site_name\" content=\"Liselotte Andersen\" \/>\n<meta property=\"article:published_time\" content=\"2022-10-30T09:56:07+00:00\" \/>\n<meta property=\"article:modified_time\" content=\"2026-01-26T20:09:30+00:00\" \/>\n<meta property=\"og:image\" content=\"https:\/\/www.liselotte-andersen.net\/wp-content\/uploads\/2022\/10\/Affiche-La-Ciotat.jpg\" \/>\n\t<meta property=\"og:image:width\" content=\"800\" \/>\n\t<meta property=\"og:image:height\" content=\"1120\" \/>\n\t<meta property=\"og:image:type\" content=\"image\/jpeg\" \/>\n<meta name=\"author\" content=\"Liselotte\" \/>\n<meta name=\"twitter:card\" content=\"summary_large_image\" \/>\n<meta name=\"twitter:label1\" content=\"Scritto da\" \/>\n\t<meta name=\"twitter:data1\" content=\"Liselotte\" \/>\n\t<meta name=\"twitter:label2\" content=\"Tempo di lettura stimato\" \/>\n\t<meta name=\"twitter:data2\" content=\"1 minuto\" \/>\n<script type=\"application\/ld+json\" class=\"yoast-schema-graph\">{\"@context\":\"https:\\\/\\\/schema.org\",\"@graph\":[{\"@type\":\"Article\",\"@id\":\"https:\\\/\\\/www.liselotte-andersen.net\\\/en\\\/ephemeral-exhibitions\\\/31-106-11-22-galerie-du-port-la-ciotat-france\\\/#article\",\"isPartOf\":{\"@id\":\"https:\\\/\\\/www.liselotte-andersen.net\\\/en\\\/ephemeral-exhibitions\\\/31-106-11-22-galerie-du-port-la-ciotat-france\\\/\"},\"author\":{\"name\":\"Liselotte\",\"@id\":\"https:\\\/\\\/www.liselotte-andersen.net\\\/#\\\/schema\\\/person\\\/e6287e36a81c443bc328eaa434927efc\"},\"headline\":\"31\\\/10>6\\\/11\\\/22 &#8211; Galerie du Port (La Ciotat &#8211; France)\",\"datePublished\":\"2022-10-30T09:56:07+00:00\",\"dateModified\":\"2026-01-26T20:09:30+00:00\",\"mainEntityOfPage\":{\"@id\":\"https:\\\/\\\/www.liselotte-andersen.net\\\/en\\\/ephemeral-exhibitions\\\/31-106-11-22-galerie-du-port-la-ciotat-france\\\/\"},\"wordCount\":71,\"publisher\":{\"@id\":\"https:\\\/\\\/www.liselotte-andersen.net\\\/#\\\/schema\\\/person\\\/e6287e36a81c443bc328eaa434927efc\"},\"image\":{\"@id\":\"https:\\\/\\\/www.liselotte-andersen.net\\\/en\\\/ephemeral-exhibitions\\\/31-106-11-22-galerie-du-port-la-ciotat-france\\\/#primaryimage\"},\"thumbnailUrl\":\"https:\\\/\\\/www.liselotte-andersen.net\\\/wp-content\\\/uploads\\\/2022\\\/10\\\/Affiche-La-Ciotat.jpg\",\"articleSection\":[\"Expositions \u00e9ph\u00e9m\u00e8res\"],\"inLanguage\":\"it-IT\"},{\"@type\":\"WebPage\",\"@id\":\"https:\\\/\\\/www.liselotte-andersen.net\\\/en\\\/ephemeral-exhibitions\\\/31-106-11-22-galerie-du-port-la-ciotat-france\\\/\",\"url\":\"https:\\\/\\\/www.liselotte-andersen.net\\\/en\\\/ephemeral-exhibitions\\\/31-106-11-22-galerie-du-port-la-ciotat-france\\\/\",\"name\":\"31\\\/10>6\\\/11\\\/22 - Galerie du Port (La Ciotat - France) - Liselotte Andersen\",\"isPartOf\":{\"@id\":\"https:\\\/\\\/www.liselotte-andersen.net\\\/#website\"},\"primaryImageOfPage\":{\"@id\":\"https:\\\/\\\/www.liselotte-andersen.net\\\/en\\\/ephemeral-exhibitions\\\/31-106-11-22-galerie-du-port-la-ciotat-france\\\/#primaryimage\"},\"image\":{\"@id\":\"https:\\\/\\\/www.liselotte-andersen.net\\\/en\\\/ephemeral-exhibitions\\\/31-106-11-22-galerie-du-port-la-ciotat-france\\\/#primaryimage\"},\"thumbnailUrl\":\"https:\\\/\\\/www.liselotte-andersen.net\\\/wp-content\\\/uploads\\\/2022\\\/10\\\/Affiche-La-Ciotat.jpg\",\"datePublished\":\"2022-10-30T09:56:07+00:00\",\"dateModified\":\"2026-01-26T20:09:30+00:00\",\"breadcrumb\":{\"@id\":\"https:\\\/\\\/www.liselotte-andersen.net\\\/en\\\/ephemeral-exhibitions\\\/31-106-11-22-galerie-du-port-la-ciotat-france\\\/#breadcrumb\"},\"inLanguage\":\"it-IT\",\"potentialAction\":[{\"@type\":\"ReadAction\",\"target\":[\"https:\\\/\\\/www.liselotte-andersen.net\\\/en\\\/ephemeral-exhibitions\\\/31-106-11-22-galerie-du-port-la-ciotat-france\\\/\"]}]},{\"@type\":\"ImageObject\",\"inLanguage\":\"it-IT\",\"@id\":\"https:\\\/\\\/www.liselotte-andersen.net\\\/en\\\/ephemeral-exhibitions\\\/31-106-11-22-galerie-du-port-la-ciotat-france\\\/#primaryimage\",\"url\":\"https:\\\/\\\/www.liselotte-andersen.net\\\/wp-content\\\/uploads\\\/2022\\\/10\\\/Affiche-La-Ciotat.jpg\",\"contentUrl\":\"https:\\\/\\\/www.liselotte-andersen.net\\\/wp-content\\\/uploads\\\/2022\\\/10\\\/Affiche-La-Ciotat.jpg\",\"width\":800,\"height\":1120},{\"@type\":\"BreadcrumbList\",\"@id\":\"https:\\\/\\\/www.liselotte-andersen.net\\\/en\\\/ephemeral-exhibitions\\\/31-106-11-22-galerie-du-port-la-ciotat-france\\\/#breadcrumb\",\"itemListElement\":[{\"@type\":\"ListItem\",\"position\":1,\"name\":\"Accueil\",\"item\":\"https:\\\/\\\/www.liselotte-andersen.net\\\/\"},{\"@type\":\"ListItem\",\"position\":2,\"name\":\"31\\\/10>6\\\/11\\\/22 &#8211; Galerie du Port (La Ciotat &#8211; France)\"}]},{\"@type\":\"WebSite\",\"@id\":\"https:\\\/\\\/www.liselotte-andersen.net\\\/#website\",\"url\":\"https:\\\/\\\/www.liselotte-andersen.net\\\/\",\"name\":\"Liselotte Andersen\",\"description\":\"Sculptrice\",\"publisher\":{\"@id\":\"https:\\\/\\\/www.liselotte-andersen.net\\\/#\\\/schema\\\/person\\\/e6287e36a81c443bc328eaa434927efc\"},\"potentialAction\":[{\"@type\":\"SearchAction\",\"target\":{\"@type\":\"EntryPoint\",\"urlTemplate\":\"https:\\\/\\\/www.liselotte-andersen.net\\\/?s={search_term_string}\"},\"query-input\":{\"@type\":\"PropertyValueSpecification\",\"valueRequired\":true,\"valueName\":\"search_term_string\"}}],\"inLanguage\":\"it-IT\"},{\"@type\":[\"Person\",\"Organization\"],\"@id\":\"https:\\\/\\\/www.liselotte-andersen.net\\\/#\\\/schema\\\/person\\\/e6287e36a81c443bc328eaa434927efc\",\"name\":\"Liselotte\",\"image\":{\"@type\":\"ImageObject\",\"inLanguage\":\"it-IT\",\"@id\":\"https:\\\/\\\/www.liselotte-andersen.net\\\/wp-content\\\/uploads\\\/2025\\\/07\\\/Logo-bronze-LA-BR-e1751834958356.png\",\"url\":\"https:\\\/\\\/www.liselotte-andersen.net\\\/wp-content\\\/uploads\\\/2025\\\/07\\\/Logo-bronze-LA-BR-e1751834958356.png\",\"contentUrl\":\"https:\\\/\\\/www.liselotte-andersen.net\\\/wp-content\\\/uploads\\\/2025\\\/07\\\/Logo-bronze-LA-BR-e1751834958356.png\",\"width\":754,\"height\":744,\"caption\":\"Liselotte\"},\"logo\":{\"@id\":\"https:\\\/\\\/www.liselotte-andersen.net\\\/wp-content\\\/uploads\\\/2025\\\/07\\\/Logo-bronze-LA-BR-e1751834958356.png\"},\"sameAs\":[\"http:\\\/\\\/www.liselotte-andersen.net\"]}]}<\/script>\n<!-- \/ Yoast SEO plugin. -->","yoast_head_json":{"title":"31\/10>6\/11\/22 - Galerie du Port (La Ciotat - France) - Liselotte Andersen","robots":{"index":"index","follow":"follow","max-snippet":"max-snippet:-1","max-image-preview":"max-image-preview:large","max-video-preview":"max-video-preview:-1"},"canonical":"https:\/\/www.liselotte-andersen.net\/it\/mostre-temporanee\/31-106-11-22-galerie-du-port-la-ciotat-france\/","og_locale":"it_IT","og_type":"article","og_title":"31\/10>6\/11\/22 - Galerie du Port (La Ciotat - France) - Liselotte Andersen","og_description":"Notre exposition en bord de mer C&rsquo;est \u00e0 partir de lundi et pendant une semaine \u00e0 La Galerie du Port de La Ciotat. Les photographies de V\u00e9ronique G\u00e9rard agr\u00e9ment\u00e9es de subtiles techniques mixtes dialoguent avec mes sculptures en bronze toujours avides d&rsquo;interactions&#8230; Au plaisir de vous y croiser au gr\u00e9 d&rsquo;une inspiration et d&rsquo;un moment&hellip;","og_url":"https:\/\/www.liselotte-andersen.net\/it\/mostre-temporanee\/31-106-11-22-galerie-du-port-la-ciotat-france\/","og_site_name":"Liselotte Andersen","article_published_time":"2022-10-30T09:56:07+00:00","article_modified_time":"2026-01-26T20:09:30+00:00","og_image":[{"width":800,"height":1120,"url":"https:\/\/www.liselotte-andersen.net\/wp-content\/uploads\/2022\/10\/Affiche-La-Ciotat.jpg","type":"image\/jpeg"}],"author":"Liselotte","twitter_card":"summary_large_image","twitter_misc":{"Scritto da":"Liselotte","Tempo di lettura stimato":"1 minuto"},"schema":{"@context":"https:\/\/schema.org","@graph":[{"@type":"Article","@id":"https:\/\/www.liselotte-andersen.net\/en\/ephemeral-exhibitions\/31-106-11-22-galerie-du-port-la-ciotat-france\/#article","isPartOf":{"@id":"https:\/\/www.liselotte-andersen.net\/en\/ephemeral-exhibitions\/31-106-11-22-galerie-du-port-la-ciotat-france\/"},"author":{"name":"Liselotte","@id":"https:\/\/www.liselotte-andersen.net\/#\/schema\/person\/e6287e36a81c443bc328eaa434927efc"},"headline":"31\/10>6\/11\/22 &#8211; Galerie du Port (La Ciotat &#8211; France)","datePublished":"2022-10-30T09:56:07+00:00","dateModified":"2026-01-26T20:09:30+00:00","mainEntityOfPage":{"@id":"https:\/\/www.liselotte-andersen.net\/en\/ephemeral-exhibitions\/31-106-11-22-galerie-du-port-la-ciotat-france\/"},"wordCount":71,"publisher":{"@id":"https:\/\/www.liselotte-andersen.net\/#\/schema\/person\/e6287e36a81c443bc328eaa434927efc"},"image":{"@id":"https:\/\/www.liselotte-andersen.net\/en\/ephemeral-exhibitions\/31-106-11-22-galerie-du-port-la-ciotat-france\/#primaryimage"},"thumbnailUrl":"https:\/\/www.liselotte-andersen.net\/wp-content\/uploads\/2022\/10\/Affiche-La-Ciotat.jpg","articleSection":["Expositions \u00e9ph\u00e9m\u00e8res"],"inLanguage":"it-IT"},{"@type":"WebPage","@id":"https:\/\/www.liselotte-andersen.net\/en\/ephemeral-exhibitions\/31-106-11-22-galerie-du-port-la-ciotat-france\/","url":"https:\/\/www.liselotte-andersen.net\/en\/ephemeral-exhibitions\/31-106-11-22-galerie-du-port-la-ciotat-france\/","name":"31\/10>6\/11\/22 - Galerie du Port (La Ciotat - France) - Liselotte Andersen","isPartOf":{"@id":"https:\/\/www.liselotte-andersen.net\/#website"},"primaryImageOfPage":{"@id":"https:\/\/www.liselotte-andersen.net\/en\/ephemeral-exhibitions\/31-106-11-22-galerie-du-port-la-ciotat-france\/#primaryimage"},"image":{"@id":"https:\/\/www.liselotte-andersen.net\/en\/ephemeral-exhibitions\/31-106-11-22-galerie-du-port-la-ciotat-france\/#primaryimage"},"thumbnailUrl":"https:\/\/www.liselotte-andersen.net\/wp-content\/uploads\/2022\/10\/Affiche-La-Ciotat.jpg","datePublished":"2022-10-30T09:56:07+00:00","dateModified":"2026-01-26T20:09:30+00:00","breadcrumb":{"@id":"https:\/\/www.liselotte-andersen.net\/en\/ephemeral-exhibitions\/31-106-11-22-galerie-du-port-la-ciotat-france\/#breadcrumb"},"inLanguage":"it-IT","potentialAction":[{"@type":"ReadAction","target":["https:\/\/www.liselotte-andersen.net\/en\/ephemeral-exhibitions\/31-106-11-22-galerie-du-port-la-ciotat-france\/"]}]},{"@type":"ImageObject","inLanguage":"it-IT","@id":"https:\/\/www.liselotte-andersen.net\/en\/ephemeral-exhibitions\/31-106-11-22-galerie-du-port-la-ciotat-france\/#primaryimage","url":"https:\/\/www.liselotte-andersen.net\/wp-content\/uploads\/2022\/10\/Affiche-La-Ciotat.jpg","contentUrl":"https:\/\/www.liselotte-andersen.net\/wp-content\/uploads\/2022\/10\/Affiche-La-Ciotat.jpg","width":800,"height":1120},{"@type":"BreadcrumbList","@id":"https:\/\/www.liselotte-andersen.net\/en\/ephemeral-exhibitions\/31-106-11-22-galerie-du-port-la-ciotat-france\/#breadcrumb","itemListElement":[{"@type":"ListItem","position":1,"name":"Accueil","item":"https:\/\/www.liselotte-andersen.net\/"},{"@type":"ListItem","position":2,"name":"31\/10>6\/11\/22 &#8211; Galerie du Port (La Ciotat &#8211; France)"}]},{"@type":"WebSite","@id":"https:\/\/www.liselotte-andersen.net\/#website","url":"https:\/\/www.liselotte-andersen.net\/","name":"Liselotte Andersen","description":"Scultrice","publisher":{"@id":"https:\/\/www.liselotte-andersen.net\/#\/schema\/person\/e6287e36a81c443bc328eaa434927efc"},"potentialAction":[{"@type":"SearchAction","target":{"@type":"EntryPoint","urlTemplate":"https:\/\/www.liselotte-andersen.net\/?s={search_term_string}"},"query-input":{"@type":"PropertyValueSpecification","valueRequired":true,"valueName":"search_term_string"}}],"inLanguage":"it-IT"},{"@type":["Person","Organization"],"@id":"https:\/\/www.liselotte-andersen.net\/#\/schema\/person\/e6287e36a81c443bc328eaa434927efc","name":"Liselotte","image":{"@type":"ImageObject","inLanguage":"it-IT","@id":"https:\/\/www.liselotte-andersen.net\/wp-content\/uploads\/2025\/07\/Logo-bronze-LA-BR-e1751834958356.png","url":"https:\/\/www.liselotte-andersen.net\/wp-content\/uploads\/2025\/07\/Logo-bronze-LA-BR-e1751834958356.png","contentUrl":"https:\/\/www.liselotte-andersen.net\/wp-content\/uploads\/2025\/07\/Logo-bronze-LA-BR-e1751834958356.png","width":754,"height":744,"caption":"Liselotte"},"logo":{"@id":"https:\/\/www.liselotte-andersen.net\/wp-content\/uploads\/2025\/07\/Logo-bronze-LA-BR-e1751834958356.png"},"sameAs":["http:\/\/www.liselotte-andersen.net"]}]}},"_links":{"self":[{"href":"https:\/\/www.liselotte-andersen.net\/it\/wp-json\/wp\/v2\/posts\/16589","targetHints":{"allow":["GET"]}}],"collection":[{"href":"https:\/\/www.liselotte-andersen.net\/it\/wp-json\/wp\/v2\/posts"}],"about":[{"href":"https:\/\/www.liselotte-andersen.net\/it\/wp-json\/wp\/v2\/types\/post"}],"author":[{"embeddable":true,"href":"https:\/\/www.liselotte-andersen.net\/it\/wp-json\/wp\/v2\/users\/3"}],"replies":[{"embeddable":true,"href":"https:\/\/www.liselotte-andersen.net\/it\/wp-json\/wp\/v2\/comments?post=16589"}],"version-history":[{"count":0,"href":"https:\/\/www.liselotte-andersen.net\/it\/wp-json\/wp\/v2\/posts\/16589\/revisions"}],"wp:featuredmedia":[{"embeddable":true,"href":"https:\/\/www.liselotte-andersen.net\/it\/wp-json\/wp\/v2\/media\/16590"}],"wp:attachment":[{"href":"https:\/\/www.liselotte-andersen.net\/it\/wp-json\/wp\/v2\/media?parent=16589"}],"wp:term":[{"taxonomy":"category","embeddable":true,"href":"https:\/\/www.liselotte-andersen.net\/it\/wp-json\/wp\/v2\/categories?post=16589"},{"taxonomy":"post_tag","embeddable":true,"href":"https:\/\/www.liselotte-andersen.net\/it\/wp-json\/wp\/v2\/tags?post=16589"}],"curies":[{"name":"wp","href":"https:\/\/api.w.org\/{rel}","templated":true}]}}