{"id":1577,"date":"2015-01-09T17:45:30","date_gmt":"2015-01-09T16:45:30","guid":{"rendered":"http:\/\/liselotte-andersen.net\/?p=1577"},"modified":"2026-08-04T18:23:58","modified_gmt":"2026-08-04T16:23:58","slug":"et-auparavant","status":"publish","type":"post","link":"https:\/\/www.liselotte-andersen.net\/it\/expositions-ephemeres\/et-auparavant\/","title":{"rendered":"Et auparavant&#8230;"},"content":{"rendered":"<p>Ch\u00e2teau Petit Sonnailler<br \/>\nAurons (13)<br \/>\n28 &amp; 29 novembre 2015<\/p>\n<p>Restaurant Micka\u00ebl Feval<br \/>\n11, Petite rue Saint-Jean<br \/>\nAix-en-Provence (13)<br \/>\ndu 5 oct au 27 nov 2015<\/p>\n<p>361\u00b0<br \/>\nEspace d\u2019Art Contemporain<br \/>\nAix-en-Provence (13)<br \/>\n8 juin au 5 juil 2015<\/p>\n<p>Sm\u2019Art<br \/>\nStand Espace 361\u00b0<br \/>\nParc Jourdan<br \/>\nAix-en-Provence (13)<br \/>\n7-11 mai 2015<\/p>\n<p>SIAC<br \/>\nParc Chanot<br \/>\nMarseille (13)<br \/>\n13-16 mars 2015<\/p>\n<p>H\u00f4tel de ville<br \/>\nSalle Pavillon<br \/>\nAix-en-Provence (13)<br \/>\n3 au 15 novembre 2014<\/p>\n<p>361\u00b0<br \/>\nEspace d\u2019Art Contemporain<br \/>\nAix-en-Provence (13)<br \/>\n30 juin au 20 juil 2014<\/p>\n<p>Domaine de la R\u00e9alti\u00e8re<br \/>\nRians (83)<br \/>\nJanvier-juin 2014<\/p>\n<p>Ch\u00e2teau Revelette<br \/>\nPeinture &amp; sculptures<br \/>\nJouques (13)<br \/>\n7 &amp; 8 d\u00e9cembre 2013<\/p>\n<p>Restaurant Dr\u00f4le d\u2019Endroit<br \/>\nAix-en-Provence (13)<br \/>\n31 ao\u00fbt au 12 octobre 2013<\/p>\n<p>Festival Sculpture en balade<br \/>\nVall\u00e9e d\u2019Aigues (84)<br \/>\n19 au 24 juillet 2013<\/p>\n<p>Galerie \u00ab L\u2019Atelier des Arts \u00bb<br \/>\nIsle-sur-la-Sorgue (84)<br \/>\ndu 2 au 31 juillet 2013<\/p>\n<p>Sm\u2019Art<br \/>\nSalon d\u2019art contemporain<br \/>\nAix-en-Provence (13)<br \/>\ndu 2 au 6 mai 2013<\/p>\n<p>Galerie ArtMiss<br \/>\nParis 3 (75)<br \/>\ndu 3 au 28 avril 2013<\/p>\n<p>Ch\u00e2teau de Trets (13)<br \/>\nCentre culturel<br \/>\ndu 4 f\u00e9vrier au 2 mars 2013<\/p>\n\n\n<figure class=\"wp-block-gallery has-nested-images columns-default is-cropped wp-block-gallery-1 is-layout-flex wp-block-gallery-is-layout-flex\">\n<figure class=\"wp-block-image size-large\"><img loading=\"lazy\" decoding=\"async\" width=\"480\" height=\"679\" data-id=\"485\" src=\"https:\/\/www.liselotte-andersen.net\/wp-content\/uploads\/2016\/02\/noel.jpg\" alt=\"\" class=\"wp-image-485\" srcset=\"https:\/\/www.liselotte-andersen.net\/wp-content\/uploads\/2016\/02\/noel.jpg 480w, https:\/\/www.liselotte-andersen.net\/wp-content\/uploads\/2016\/02\/noel-212x300.jpg 212w\" sizes=\"auto, (max-width: 480px) 100vw, 480px\" \/><\/figure>\n\n\n\n<figure class=\"wp-block-image size-large\"><img loading=\"lazy\" decoding=\"async\" width=\"451\" height=\"640\" data-id=\"911\" src=\"https:\/\/www.liselotte-andersen.net\/wp-content\/uploads\/2015\/02\/Flyer-expo-salle-pavillon-DEF-600px-e1456348972308.jpg\" alt=\"\" class=\"wp-image-911\" srcset=\"https:\/\/www.liselotte-andersen.net\/wp-content\/uploads\/2015\/02\/Flyer-expo-salle-pavillon-DEF-600px-e1456348972308.jpg 451w, https:\/\/www.liselotte-andersen.net\/wp-content\/uploads\/2015\/02\/Flyer-expo-salle-pavillon-DEF-600px-e1456348972308-211x300.jpg 211w\" sizes=\"auto, (max-width: 451px) 100vw, 451px\" \/><\/figure>\n<\/figure>","protected":false},"excerpt":{"rendered":"<p>Ch\u00e2teau Petit Sonnailler Aurons (13) 28 &amp; 29 novembre 2015 Restaurant Micka\u00ebl Feval 11, Petite rue Saint-Jean Aix-en-Provence (13) du 5 oct au 27 nov 2015 361\u00b0 Espace d\u2019Art Contemporain Aix-en-Provence (13) 8 juin au 5 juil 2015 Sm\u2019Art Stand Espace 361\u00b0 Parc Jourdan Aix-en-Provence (13) 7-11 mai 2015 SIAC Parc Chanot Marseille (13) 13-16&hellip;<\/p>","protected":false},"author":3,"featured_media":911,"comment_status":"closed","ping_status":"open","sticky":false,"template":"","format":"standard","meta":{"_acf_changed":false,"footnotes":""},"categories":[5],"tags":[],"class_list":["post-1577","post","type-post","status-publish","format-standard","has-post-thumbnail","hentry","category-expositions-ephemeres"],"acf":[],"yoast_head":"<!-- This site is optimized with the Yoast SEO plugin v28.4 - https:\/\/yoast.com\/product\/yoast-seo-wordpress\/ -->\n<title>Et auparavant... - Liselotte Andersen<\/title>\n<meta name=\"robots\" content=\"index, follow, max-snippet:-1, max-image-preview:large, max-video-preview:-1\" \/>\n<link rel=\"canonical\" href=\"https:\/\/www.liselotte-andersen.net\/it\/mostre-temporanee\/et-auparavant\/\" \/>\n<meta property=\"og:locale\" content=\"it_IT\" \/>\n<meta property=\"og:type\" content=\"article\" \/>\n<meta property=\"og:title\" content=\"Et auparavant... - Liselotte Andersen\" \/>\n<meta property=\"og:description\" content=\"Ch\u00e2teau Petit Sonnailler Aurons (13) 28 &amp; 29 novembre 2015 Restaurant Micka\u00ebl Feval 11, Petite rue Saint-Jean Aix-en-Provence (13) du 5 oct au 27 nov 2015 361\u00b0 Espace d\u2019Art Contemporain Aix-en-Provence (13) 8 juin au 5 juil 2015 Sm\u2019Art Stand Espace 361\u00b0 Parc Jourdan Aix-en-Provence (13) 7-11 mai 2015 SIAC Parc Chanot Marseille (13) 13-16&hellip;\" \/>\n<meta property=\"og:url\" content=\"https:\/\/www.liselotte-andersen.net\/it\/mostre-temporanee\/et-auparavant\/\" \/>\n<meta property=\"og:site_name\" content=\"Liselotte Andersen\" \/>\n<meta property=\"article:published_time\" content=\"2015-01-09T16:45:30+00:00\" \/>\n<meta property=\"article:modified_time\" content=\"2026-08-04T16:23:58+00:00\" \/>\n<meta property=\"og:image\" content=\"https:\/\/www.liselotte-andersen.net\/wp-content\/uploads\/2015\/02\/Flyer-expo-salle-pavillon-DEF-600px-e1456348972308.jpg\" \/>\n\t<meta property=\"og:image:width\" content=\"451\" \/>\n\t<meta property=\"og:image:height\" content=\"640\" \/>\n\t<meta property=\"og:image:type\" content=\"image\/jpeg\" \/>\n<meta name=\"author\" content=\"Liselotte\" \/>\n<meta name=\"twitter:card\" content=\"summary_large_image\" \/>\n<meta name=\"twitter:label1\" content=\"Scritto da\" \/>\n\t<meta name=\"twitter:data1\" content=\"Liselotte\" \/>\n\t<meta name=\"twitter:label2\" content=\"Tempo di lettura stimato\" \/>\n\t<meta name=\"twitter:data2\" content=\"2 minuti\" \/>\n<script type=\"application\/ld+json\" class=\"yoast-schema-graph\">{\"@context\":\"https:\\\/\\\/schema.org\",\"@graph\":[{\"@type\":\"Article\",\"@id\":\"https:\\\/\\\/www.liselotte-andersen.net\\\/expositions-ephemeres\\\/et-auparavant\\\/#article\",\"isPartOf\":{\"@id\":\"https:\\\/\\\/www.liselotte-andersen.net\\\/expositions-ephemeres\\\/et-auparavant\\\/\"},\"author\":{\"name\":\"Liselotte\",\"@id\":\"https:\\\/\\\/www.liselotte-andersen.net\\\/#\\\/schema\\\/person\\\/e6287e36a81c443bc328eaa434927efc\"},\"headline\":\"Et auparavant&#8230;\",\"datePublished\":\"2015-01-09T16:45:30+00:00\",\"dateModified\":\"2026-08-04T16:23:58+00:00\",\"mainEntityOfPage\":{\"@id\":\"https:\\\/\\\/www.liselotte-andersen.net\\\/expositions-ephemeres\\\/et-auparavant\\\/\"},\"wordCount\":135,\"publisher\":{\"@id\":\"https:\\\/\\\/www.liselotte-andersen.net\\\/#\\\/schema\\\/person\\\/e6287e36a81c443bc328eaa434927efc\"},\"image\":{\"@id\":\"https:\\\/\\\/www.liselotte-andersen.net\\\/expositions-ephemeres\\\/et-auparavant\\\/#primaryimage\"},\"thumbnailUrl\":\"https:\\\/\\\/www.liselotte-andersen.net\\\/wp-content\\\/uploads\\\/2015\\\/02\\\/Flyer-expo-salle-pavillon-DEF-600px-e1456348972308.jpg\",\"articleSection\":[\"Expositions \u00e9ph\u00e9m\u00e8res\"],\"inLanguage\":\"it-IT\"},{\"@type\":\"WebPage\",\"@id\":\"https:\\\/\\\/www.liselotte-andersen.net\\\/expositions-ephemeres\\\/et-auparavant\\\/\",\"url\":\"https:\\\/\\\/www.liselotte-andersen.net\\\/expositions-ephemeres\\\/et-auparavant\\\/\",\"name\":\"Et auparavant... - Liselotte Andersen\",\"isPartOf\":{\"@id\":\"https:\\\/\\\/www.liselotte-andersen.net\\\/#website\"},\"primaryImageOfPage\":{\"@id\":\"https:\\\/\\\/www.liselotte-andersen.net\\\/expositions-ephemeres\\\/et-auparavant\\\/#primaryimage\"},\"image\":{\"@id\":\"https:\\\/\\\/www.liselotte-andersen.net\\\/expositions-ephemeres\\\/et-auparavant\\\/#primaryimage\"},\"thumbnailUrl\":\"https:\\\/\\\/www.liselotte-andersen.net\\\/wp-content\\\/uploads\\\/2015\\\/02\\\/Flyer-expo-salle-pavillon-DEF-600px-e1456348972308.jpg\",\"datePublished\":\"2015-01-09T16:45:30+00:00\",\"dateModified\":\"2026-08-04T16:23:58+00:00\",\"breadcrumb\":{\"@id\":\"https:\\\/\\\/www.liselotte-andersen.net\\\/expositions-ephemeres\\\/et-auparavant\\\/#breadcrumb\"},\"inLanguage\":\"it-IT\",\"potentialAction\":[{\"@type\":\"ReadAction\",\"target\":[\"https:\\\/\\\/www.liselotte-andersen.net\\\/expositions-ephemeres\\\/et-auparavant\\\/\"]}]},{\"@type\":\"ImageObject\",\"inLanguage\":\"it-IT\",\"@id\":\"https:\\\/\\\/www.liselotte-andersen.net\\\/expositions-ephemeres\\\/et-auparavant\\\/#primaryimage\",\"url\":\"https:\\\/\\\/www.liselotte-andersen.net\\\/wp-content\\\/uploads\\\/2015\\\/02\\\/Flyer-expo-salle-pavillon-DEF-600px-e1456348972308.jpg\",\"contentUrl\":\"https:\\\/\\\/www.liselotte-andersen.net\\\/wp-content\\\/uploads\\\/2015\\\/02\\\/Flyer-expo-salle-pavillon-DEF-600px-e1456348972308.jpg\",\"width\":451,\"height\":640},{\"@type\":\"BreadcrumbList\",\"@id\":\"https:\\\/\\\/www.liselotte-andersen.net\\\/expositions-ephemeres\\\/et-auparavant\\\/#breadcrumb\",\"itemListElement\":[{\"@type\":\"ListItem\",\"position\":1,\"name\":\"Accueil\",\"item\":\"https:\\\/\\\/www.liselotte-andersen.net\\\/\"},{\"@type\":\"ListItem\",\"position\":2,\"name\":\"Et auparavant&#8230;\"}]},{\"@type\":\"WebSite\",\"@id\":\"https:\\\/\\\/www.liselotte-andersen.net\\\/#website\",\"url\":\"https:\\\/\\\/www.liselotte-andersen.net\\\/\",\"name\":\"Liselotte Andersen\",\"description\":\"Sculptrice\",\"publisher\":{\"@id\":\"https:\\\/\\\/www.liselotte-andersen.net\\\/#\\\/schema\\\/person\\\/e6287e36a81c443bc328eaa434927efc\"},\"potentialAction\":[{\"@type\":\"SearchAction\",\"target\":{\"@type\":\"EntryPoint\",\"urlTemplate\":\"https:\\\/\\\/www.liselotte-andersen.net\\\/?s={search_term_string}\"},\"query-input\":{\"@type\":\"PropertyValueSpecification\",\"valueRequired\":true,\"valueName\":\"search_term_string\"}}],\"inLanguage\":\"it-IT\"},{\"@type\":[\"Person\",\"Organization\"],\"@id\":\"https:\\\/\\\/www.liselotte-andersen.net\\\/#\\\/schema\\\/person\\\/e6287e36a81c443bc328eaa434927efc\",\"name\":\"Liselotte\",\"image\":{\"@type\":\"ImageObject\",\"inLanguage\":\"it-IT\",\"@id\":\"https:\\\/\\\/www.liselotte-andersen.net\\\/wp-content\\\/uploads\\\/2025\\\/07\\\/Logo-bronze-LA-BR-e1751834958356.png\",\"url\":\"https:\\\/\\\/www.liselotte-andersen.net\\\/wp-content\\\/uploads\\\/2025\\\/07\\\/Logo-bronze-LA-BR-e1751834958356.png\",\"contentUrl\":\"https:\\\/\\\/www.liselotte-andersen.net\\\/wp-content\\\/uploads\\\/2025\\\/07\\\/Logo-bronze-LA-BR-e1751834958356.png\",\"width\":754,\"height\":744,\"caption\":\"Liselotte\"},\"logo\":{\"@id\":\"https:\\\/\\\/www.liselotte-andersen.net\\\/wp-content\\\/uploads\\\/2025\\\/07\\\/Logo-bronze-LA-BR-e1751834958356.png\"},\"sameAs\":[\"http:\\\/\\\/www.liselotte-andersen.net\"]}]}<\/script>\n<!-- \/ Yoast SEO plugin. -->","yoast_head_json":{"title":"Et auparavant... - Liselotte Andersen","robots":{"index":"index","follow":"follow","max-snippet":"max-snippet:-1","max-image-preview":"max-image-preview:large","max-video-preview":"max-video-preview:-1"},"canonical":"https:\/\/www.liselotte-andersen.net\/it\/mostre-temporanee\/et-auparavant\/","og_locale":"it_IT","og_type":"article","og_title":"Et auparavant... - Liselotte Andersen","og_description":"Ch\u00e2teau Petit Sonnailler Aurons (13) 28 &amp; 29 novembre 2015 Restaurant Micka\u00ebl Feval 11, Petite rue Saint-Jean Aix-en-Provence (13) du 5 oct au 27 nov 2015 361\u00b0 Espace d\u2019Art Contemporain Aix-en-Provence (13) 8 juin au 5 juil 2015 Sm\u2019Art Stand Espace 361\u00b0 Parc Jourdan Aix-en-Provence (13) 7-11 mai 2015 SIAC Parc Chanot Marseille (13) 13-16&hellip;","og_url":"https:\/\/www.liselotte-andersen.net\/it\/mostre-temporanee\/et-auparavant\/","og_site_name":"Liselotte Andersen","article_published_time":"2015-01-09T16:45:30+00:00","article_modified_time":"2026-08-04T16:23:58+00:00","og_image":[{"width":451,"height":640,"url":"https:\/\/www.liselotte-andersen.net\/wp-content\/uploads\/2015\/02\/Flyer-expo-salle-pavillon-DEF-600px-e1456348972308.jpg","type":"image\/jpeg"}],"author":"Liselotte","twitter_card":"summary_large_image","twitter_misc":{"Scritto da":"Liselotte","Tempo di lettura stimato":"2 minuti"},"schema":{"@context":"https:\/\/schema.org","@graph":[{"@type":"Article","@id":"https:\/\/www.liselotte-andersen.net\/expositions-ephemeres\/et-auparavant\/#article","isPartOf":{"@id":"https:\/\/www.liselotte-andersen.net\/expositions-ephemeres\/et-auparavant\/"},"author":{"name":"Liselotte","@id":"https:\/\/www.liselotte-andersen.net\/#\/schema\/person\/e6287e36a81c443bc328eaa434927efc"},"headline":"Et auparavant&#8230;","datePublished":"2015-01-09T16:45:30+00:00","dateModified":"2026-08-04T16:23:58+00:00","mainEntityOfPage":{"@id":"https:\/\/www.liselotte-andersen.net\/expositions-ephemeres\/et-auparavant\/"},"wordCount":135,"publisher":{"@id":"https:\/\/www.liselotte-andersen.net\/#\/schema\/person\/e6287e36a81c443bc328eaa434927efc"},"image":{"@id":"https:\/\/www.liselotte-andersen.net\/expositions-ephemeres\/et-auparavant\/#primaryimage"},"thumbnailUrl":"https:\/\/www.liselotte-andersen.net\/wp-content\/uploads\/2015\/02\/Flyer-expo-salle-pavillon-DEF-600px-e1456348972308.jpg","articleSection":["Expositions \u00e9ph\u00e9m\u00e8res"],"inLanguage":"it-IT"},{"@type":"WebPage","@id":"https:\/\/www.liselotte-andersen.net\/expositions-ephemeres\/et-auparavant\/","url":"https:\/\/www.liselotte-andersen.net\/expositions-ephemeres\/et-auparavant\/","name":"Et auparavant... - Liselotte Andersen","isPartOf":{"@id":"https:\/\/www.liselotte-andersen.net\/#website"},"primaryImageOfPage":{"@id":"https:\/\/www.liselotte-andersen.net\/expositions-ephemeres\/et-auparavant\/#primaryimage"},"image":{"@id":"https:\/\/www.liselotte-andersen.net\/expositions-ephemeres\/et-auparavant\/#primaryimage"},"thumbnailUrl":"https:\/\/www.liselotte-andersen.net\/wp-content\/uploads\/2015\/02\/Flyer-expo-salle-pavillon-DEF-600px-e1456348972308.jpg","datePublished":"2015-01-09T16:45:30+00:00","dateModified":"2026-08-04T16:23:58+00:00","breadcrumb":{"@id":"https:\/\/www.liselotte-andersen.net\/expositions-ephemeres\/et-auparavant\/#breadcrumb"},"inLanguage":"it-IT","potentialAction":[{"@type":"ReadAction","target":["https:\/\/www.liselotte-andersen.net\/expositions-ephemeres\/et-auparavant\/"]}]},{"@type":"ImageObject","inLanguage":"it-IT","@id":"https:\/\/www.liselotte-andersen.net\/expositions-ephemeres\/et-auparavant\/#primaryimage","url":"https:\/\/www.liselotte-andersen.net\/wp-content\/uploads\/2015\/02\/Flyer-expo-salle-pavillon-DEF-600px-e1456348972308.jpg","contentUrl":"https:\/\/www.liselotte-andersen.net\/wp-content\/uploads\/2015\/02\/Flyer-expo-salle-pavillon-DEF-600px-e1456348972308.jpg","width":451,"height":640},{"@type":"BreadcrumbList","@id":"https:\/\/www.liselotte-andersen.net\/expositions-ephemeres\/et-auparavant\/#breadcrumb","itemListElement":[{"@type":"ListItem","position":1,"name":"Accueil","item":"https:\/\/www.liselotte-andersen.net\/"},{"@type":"ListItem","position":2,"name":"Et auparavant&#8230;"}]},{"@type":"WebSite","@id":"https:\/\/www.liselotte-andersen.net\/#website","url":"https:\/\/www.liselotte-andersen.net\/","name":"Liselotte Andersen","description":"Scultrice","publisher":{"@id":"https:\/\/www.liselotte-andersen.net\/#\/schema\/person\/e6287e36a81c443bc328eaa434927efc"},"potentialAction":[{"@type":"SearchAction","target":{"@type":"EntryPoint","urlTemplate":"https:\/\/www.liselotte-andersen.net\/?s={search_term_string}"},"query-input":{"@type":"PropertyValueSpecification","valueRequired":true,"valueName":"search_term_string"}}],"inLanguage":"it-IT"},{"@type":["Person","Organization"],"@id":"https:\/\/www.liselotte-andersen.net\/#\/schema\/person\/e6287e36a81c443bc328eaa434927efc","name":"Liselotte","image":{"@type":"ImageObject","inLanguage":"it-IT","@id":"https:\/\/www.liselotte-andersen.net\/wp-content\/uploads\/2025\/07\/Logo-bronze-LA-BR-e1751834958356.png","url":"https:\/\/www.liselotte-andersen.net\/wp-content\/uploads\/2025\/07\/Logo-bronze-LA-BR-e1751834958356.png","contentUrl":"https:\/\/www.liselotte-andersen.net\/wp-content\/uploads\/2025\/07\/Logo-bronze-LA-BR-e1751834958356.png","width":754,"height":744,"caption":"Liselotte"},"logo":{"@id":"https:\/\/www.liselotte-andersen.net\/wp-content\/uploads\/2025\/07\/Logo-bronze-LA-BR-e1751834958356.png"},"sameAs":["http:\/\/www.liselotte-andersen.net"]}]}},"_links":{"self":[{"href":"https:\/\/www.liselotte-andersen.net\/it\/wp-json\/wp\/v2\/posts\/1577","targetHints":{"allow":["GET"]}}],"collection":[{"href":"https:\/\/www.liselotte-andersen.net\/it\/wp-json\/wp\/v2\/posts"}],"about":[{"href":"https:\/\/www.liselotte-andersen.net\/it\/wp-json\/wp\/v2\/types\/post"}],"author":[{"embeddable":true,"href":"https:\/\/www.liselotte-andersen.net\/it\/wp-json\/wp\/v2\/users\/3"}],"replies":[{"embeddable":true,"href":"https:\/\/www.liselotte-andersen.net\/it\/wp-json\/wp\/v2\/comments?post=1577"}],"version-history":[{"count":3,"href":"https:\/\/www.liselotte-andersen.net\/it\/wp-json\/wp\/v2\/posts\/1577\/revisions"}],"predecessor-version":[{"id":67723,"href":"https:\/\/www.liselotte-andersen.net\/it\/wp-json\/wp\/v2\/posts\/1577\/revisions\/67723"}],"wp:featuredmedia":[{"embeddable":true,"href":"https:\/\/www.liselotte-andersen.net\/it\/wp-json\/wp\/v2\/media\/911"}],"wp:attachment":[{"href":"https:\/\/www.liselotte-andersen.net\/it\/wp-json\/wp\/v2\/media?parent=1577"}],"wp:term":[{"taxonomy":"category","embeddable":true,"href":"https:\/\/www.liselotte-andersen.net\/it\/wp-json\/wp\/v2\/categories?post=1577"},{"taxonomy":"post_tag","embeddable":true,"href":"https:\/\/www.liselotte-andersen.net\/it\/wp-json\/wp\/v2\/tags?post=1577"}],"curies":[{"name":"wp","href":"https:\/\/api.w.org\/{rel}","templated":true}]}}