{"id":15546,"date":"2022-09-22T18:50:17","date_gmt":"2022-09-22T17:50:17","guid":{"rendered":"https:\/\/www.liselotte-andersen.net\/?p=15546"},"modified":"2026-01-28T14:49:27","modified_gmt":"2026-01-28T13:49:27","slug":"12-25-9-22-galerie-de-la-prevote-aix-en-provence-france","status":"publish","type":"post","link":"https:\/\/www.liselotte-andersen.net\/it\/expositions-ephemeres\/12-25-9-22-galerie-de-la-prevote-aix-en-provence-france\/","title":{"rendered":"12 &gt; 25\/9\/22 \u2013 Galerie de la Pr\u00e9v\u00f4t\u00e9 (Aix-en-Provence, Francia)"},"content":{"rendered":"<figure class=\"wp-block-image size-large\"><img loading=\"lazy\" decoding=\"async\" width=\"683\" height=\"1024\" src=\"https:\/\/www.liselotte-andersen.net\/wp-content\/uploads\/2022\/09\/Affiche-Galerie-prevote-2022-digital-683x1024.jpg\" alt=\"\" class=\"wp-image-15547\" srcset=\"https:\/\/www.liselotte-andersen.net\/wp-content\/uploads\/2022\/09\/Affiche-Galerie-prevote-2022-digital-683x1024.jpg 683w, https:\/\/www.liselotte-andersen.net\/wp-content\/uploads\/2022\/09\/Affiche-Galerie-prevote-2022-digital-200x300.jpg 200w, https:\/\/www.liselotte-andersen.net\/wp-content\/uploads\/2022\/09\/Affiche-Galerie-prevote-2022-digital-768x1152.jpg 768w, https:\/\/www.liselotte-andersen.net\/wp-content\/uploads\/2022\/09\/Affiche-Galerie-prevote-2022-digital-1024x1536.jpg 1024w, https:\/\/www.liselotte-andersen.net\/wp-content\/uploads\/2022\/09\/Affiche-Galerie-prevote-2022-digital-1116x1674.jpg 1116w, https:\/\/www.liselotte-andersen.net\/wp-content\/uploads\/2022\/09\/Affiche-Galerie-prevote-2022-digital-806x1209.jpg 806w, https:\/\/www.liselotte-andersen.net\/wp-content\/uploads\/2022\/09\/Affiche-Galerie-prevote-2022-digital-558x837.jpg 558w, https:\/\/www.liselotte-andersen.net\/wp-content\/uploads\/2022\/09\/Affiche-Galerie-prevote-2022-digital-700x1050.jpg 700w, https:\/\/www.liselotte-andersen.net\/wp-content\/uploads\/2022\/09\/Affiche-Galerie-prevote-2022-digital-600x900.jpg 600w, https:\/\/www.liselotte-andersen.net\/wp-content\/uploads\/2022\/09\/Affiche-Galerie-prevote-2022-digital.jpg 1200w\" sizes=\"auto, (max-width: 683px) 100vw, 683px\" \/><\/figure>\n\n\n\n<p class=\"wp-block-paragraph\">L\u2019Espace 361\u00b0 vous donne rendez-vous deux fois par an dans cette galerie comprenant deux grandes salles et qui est agr\u00e9ment\u00e9e d\u2019un patio verdoyant, contexte id\u00e9al pour la mise en sc\u00e8ne de sculptures.<\/p>\n\n\n\n<p class=\"wp-block-paragraph\">Je pr\u00e9sente une s\u00e9lection de mes bronzes aux c\u00f4t\u00e9s de 3 artistes :<\/p>\n\n\n\n<ul class=\"wp-block-list\">\n<li>Yves C\u00e9laire, Sculptures bronze<\/li>\n\n\n\n<li>Jo\u00eblle Grimo, Technique mixte<\/li>\n\n\n\n<li>Godda, peinture<\/li>\n<\/ul>\n\n\n\n<p class=\"wp-block-paragraph\">Vous \u00eates les bienvenus de 10h \u00e0 19h tous les jours<\/p>\n\n\n\n<p class=\"wp-block-paragraph\">Place des Martyrs de la r\u00e9sistance (pr\u00e9s de la Cath\u00e9drale) \u2013 Aix-en-Provence<\/p>","protected":false},"excerpt":{"rendered":"<p>L\u2019Espace 361\u00b0 vi d\u00e0 appuntamento due volte all'anno in questa galleria composta da due grandi sale e arricchita da un patio verdeggiante, contesto ideale per la messa in scena di sculture. Presento una selezione dei miei bronzi insieme ad altri 3 artisti: Siete i benvenuti dalle 10:00 alle 19:00 tutti i...<\/p>","protected":false},"author":3,"featured_media":15547,"comment_status":"closed","ping_status":"open","sticky":false,"template":"","format":"standard","meta":{"_acf_changed":false,"footnotes":""},"categories":[5],"tags":[],"class_list":["post-15546","post","type-post","status-publish","format-standard","has-post-thumbnail","hentry","category-expositions-ephemeres"],"acf":[],"yoast_head":"<!-- This site is optimized with the Yoast SEO plugin v28.4 - https:\/\/yoast.com\/product\/yoast-seo-wordpress\/ -->\n<title>12 &gt; 25\/9\/22 - Galerie de la Pr\u00e9v\u00f4t\u00e9 (Aix-en-Provence, France) - Liselotte Andersen<\/title>\n<meta name=\"robots\" content=\"index, follow, max-snippet:-1, max-image-preview:large, max-video-preview:-1\" \/>\n<link rel=\"canonical\" href=\"https:\/\/www.liselotte-andersen.net\/it\/mostre-temporanee\/12-25-9-22-galerie-de-la-prevote-aix-en-provence-france\/\" \/>\n<meta property=\"og:locale\" content=\"it_IT\" \/>\n<meta property=\"og:type\" content=\"article\" \/>\n<meta property=\"og:title\" content=\"12 &gt; 25\/9\/22 - Galerie de la Pr\u00e9v\u00f4t\u00e9 (Aix-en-Provence, France) - Liselotte Andersen\" \/>\n<meta property=\"og:description\" content=\"L\u2019Espace 361\u00b0 vous donne rendez-vous deux fois par an dans cette galerie comprenant deux grandes salles et qui est agr\u00e9ment\u00e9e d\u2019un patio verdoyant, contexte id\u00e9al pour la mise en sc\u00e8ne de sculptures. Je pr\u00e9sente une s\u00e9lection de mes bronzes aux c\u00f4t\u00e9s de 3 artistes : Vous \u00eates les bienvenus de 10h \u00e0 19h tous les&hellip;\" \/>\n<meta property=\"og:url\" content=\"https:\/\/www.liselotte-andersen.net\/it\/mostre-temporanee\/12-25-9-22-galerie-de-la-prevote-aix-en-provence-france\/\" \/>\n<meta property=\"og:site_name\" content=\"Liselotte Andersen\" \/>\n<meta property=\"article:published_time\" content=\"2022-09-22T17:50:17+00:00\" \/>\n<meta property=\"article:modified_time\" content=\"2026-01-28T13:49:27+00:00\" \/>\n<meta property=\"og:image\" content=\"https:\/\/www.liselotte-andersen.net\/wp-content\/uploads\/2022\/09\/Affiche-Galerie-prevote-2022-digital.jpg\" \/>\n\t<meta property=\"og:image:width\" content=\"1200\" \/>\n\t<meta property=\"og:image:height\" content=\"1800\" \/>\n\t<meta property=\"og:image:type\" content=\"image\/jpeg\" \/>\n<meta name=\"author\" content=\"Liselotte\" \/>\n<meta name=\"twitter:card\" content=\"summary_large_image\" \/>\n<meta name=\"twitter:label1\" content=\"Scritto da\" \/>\n\t<meta name=\"twitter:data1\" content=\"Liselotte\" \/>\n\t<meta name=\"twitter:label2\" content=\"Tempo di lettura stimato\" \/>\n\t<meta name=\"twitter:data2\" content=\"1 minuto\" \/>\n<script type=\"application\/ld+json\" class=\"yoast-schema-graph\">{\"@context\":\"https:\\\/\\\/schema.org\",\"@graph\":[{\"@type\":\"Article\",\"@id\":\"https:\\\/\\\/www.liselotte-andersen.net\\\/en\\\/ephemeral-exhibitions\\\/12-25-9-22-galerie-de-la-prevote-aix-en-provence-france\\\/#article\",\"isPartOf\":{\"@id\":\"https:\\\/\\\/www.liselotte-andersen.net\\\/en\\\/ephemeral-exhibitions\\\/12-25-9-22-galerie-de-la-prevote-aix-en-provence-france\\\/\"},\"author\":{\"name\":\"Liselotte\",\"@id\":\"https:\\\/\\\/www.liselotte-andersen.net\\\/#\\\/schema\\\/person\\\/e6287e36a81c443bc328eaa434927efc\"},\"headline\":\"12 > 25\\\/9\\\/22 &#8211; Galerie de la Pr\u00e9v\u00f4t\u00e9 (Aix-en-Provence, France)\",\"datePublished\":\"2022-09-22T17:50:17+00:00\",\"dateModified\":\"2026-01-28T13:49:27+00:00\",\"mainEntityOfPage\":{\"@id\":\"https:\\\/\\\/www.liselotte-andersen.net\\\/en\\\/ephemeral-exhibitions\\\/12-25-9-22-galerie-de-la-prevote-aix-en-provence-france\\\/\"},\"wordCount\":97,\"publisher\":{\"@id\":\"https:\\\/\\\/www.liselotte-andersen.net\\\/#\\\/schema\\\/person\\\/e6287e36a81c443bc328eaa434927efc\"},\"image\":{\"@id\":\"https:\\\/\\\/www.liselotte-andersen.net\\\/en\\\/ephemeral-exhibitions\\\/12-25-9-22-galerie-de-la-prevote-aix-en-provence-france\\\/#primaryimage\"},\"thumbnailUrl\":\"https:\\\/\\\/www.liselotte-andersen.net\\\/wp-content\\\/uploads\\\/2022\\\/09\\\/Affiche-Galerie-prevote-2022-digital.jpg\",\"articleSection\":[\"Expositions \u00e9ph\u00e9m\u00e8res\"],\"inLanguage\":\"it-IT\"},{\"@type\":\"WebPage\",\"@id\":\"https:\\\/\\\/www.liselotte-andersen.net\\\/en\\\/ephemeral-exhibitions\\\/12-25-9-22-galerie-de-la-prevote-aix-en-provence-france\\\/\",\"url\":\"https:\\\/\\\/www.liselotte-andersen.net\\\/en\\\/ephemeral-exhibitions\\\/12-25-9-22-galerie-de-la-prevote-aix-en-provence-france\\\/\",\"name\":\"12 > 25\\\/9\\\/22 - Galerie de la Pr\u00e9v\u00f4t\u00e9 (Aix-en-Provence, France) - Liselotte Andersen\",\"isPartOf\":{\"@id\":\"https:\\\/\\\/www.liselotte-andersen.net\\\/#website\"},\"primaryImageOfPage\":{\"@id\":\"https:\\\/\\\/www.liselotte-andersen.net\\\/en\\\/ephemeral-exhibitions\\\/12-25-9-22-galerie-de-la-prevote-aix-en-provence-france\\\/#primaryimage\"},\"image\":{\"@id\":\"https:\\\/\\\/www.liselotte-andersen.net\\\/en\\\/ephemeral-exhibitions\\\/12-25-9-22-galerie-de-la-prevote-aix-en-provence-france\\\/#primaryimage\"},\"thumbnailUrl\":\"https:\\\/\\\/www.liselotte-andersen.net\\\/wp-content\\\/uploads\\\/2022\\\/09\\\/Affiche-Galerie-prevote-2022-digital.jpg\",\"datePublished\":\"2022-09-22T17:50:17+00:00\",\"dateModified\":\"2026-01-28T13:49:27+00:00\",\"breadcrumb\":{\"@id\":\"https:\\\/\\\/www.liselotte-andersen.net\\\/en\\\/ephemeral-exhibitions\\\/12-25-9-22-galerie-de-la-prevote-aix-en-provence-france\\\/#breadcrumb\"},\"inLanguage\":\"it-IT\",\"potentialAction\":[{\"@type\":\"ReadAction\",\"target\":[\"https:\\\/\\\/www.liselotte-andersen.net\\\/en\\\/ephemeral-exhibitions\\\/12-25-9-22-galerie-de-la-prevote-aix-en-provence-france\\\/\"]}]},{\"@type\":\"ImageObject\",\"inLanguage\":\"it-IT\",\"@id\":\"https:\\\/\\\/www.liselotte-andersen.net\\\/en\\\/ephemeral-exhibitions\\\/12-25-9-22-galerie-de-la-prevote-aix-en-provence-france\\\/#primaryimage\",\"url\":\"https:\\\/\\\/www.liselotte-andersen.net\\\/wp-content\\\/uploads\\\/2022\\\/09\\\/Affiche-Galerie-prevote-2022-digital.jpg\",\"contentUrl\":\"https:\\\/\\\/www.liselotte-andersen.net\\\/wp-content\\\/uploads\\\/2022\\\/09\\\/Affiche-Galerie-prevote-2022-digital.jpg\",\"width\":1200,\"height\":1800},{\"@type\":\"BreadcrumbList\",\"@id\":\"https:\\\/\\\/www.liselotte-andersen.net\\\/en\\\/ephemeral-exhibitions\\\/12-25-9-22-galerie-de-la-prevote-aix-en-provence-france\\\/#breadcrumb\",\"itemListElement\":[{\"@type\":\"ListItem\",\"position\":1,\"name\":\"Accueil\",\"item\":\"https:\\\/\\\/www.liselotte-andersen.net\\\/\"},{\"@type\":\"ListItem\",\"position\":2,\"name\":\"12 > 25\\\/9\\\/22 &#8211; Galerie de la Pr\u00e9v\u00f4t\u00e9 (Aix-en-Provence, France)\"}]},{\"@type\":\"WebSite\",\"@id\":\"https:\\\/\\\/www.liselotte-andersen.net\\\/#website\",\"url\":\"https:\\\/\\\/www.liselotte-andersen.net\\\/\",\"name\":\"Liselotte Andersen\",\"description\":\"Sculptrice\",\"publisher\":{\"@id\":\"https:\\\/\\\/www.liselotte-andersen.net\\\/#\\\/schema\\\/person\\\/e6287e36a81c443bc328eaa434927efc\"},\"potentialAction\":[{\"@type\":\"SearchAction\",\"target\":{\"@type\":\"EntryPoint\",\"urlTemplate\":\"https:\\\/\\\/www.liselotte-andersen.net\\\/?s={search_term_string}\"},\"query-input\":{\"@type\":\"PropertyValueSpecification\",\"valueRequired\":true,\"valueName\":\"search_term_string\"}}],\"inLanguage\":\"it-IT\"},{\"@type\":[\"Person\",\"Organization\"],\"@id\":\"https:\\\/\\\/www.liselotte-andersen.net\\\/#\\\/schema\\\/person\\\/e6287e36a81c443bc328eaa434927efc\",\"name\":\"Liselotte\",\"image\":{\"@type\":\"ImageObject\",\"inLanguage\":\"it-IT\",\"@id\":\"https:\\\/\\\/www.liselotte-andersen.net\\\/wp-content\\\/uploads\\\/2025\\\/07\\\/Logo-bronze-LA-BR-e1751834958356.png\",\"url\":\"https:\\\/\\\/www.liselotte-andersen.net\\\/wp-content\\\/uploads\\\/2025\\\/07\\\/Logo-bronze-LA-BR-e1751834958356.png\",\"contentUrl\":\"https:\\\/\\\/www.liselotte-andersen.net\\\/wp-content\\\/uploads\\\/2025\\\/07\\\/Logo-bronze-LA-BR-e1751834958356.png\",\"width\":754,\"height\":744,\"caption\":\"Liselotte\"},\"logo\":{\"@id\":\"https:\\\/\\\/www.liselotte-andersen.net\\\/wp-content\\\/uploads\\\/2025\\\/07\\\/Logo-bronze-LA-BR-e1751834958356.png\"},\"sameAs\":[\"http:\\\/\\\/www.liselotte-andersen.net\"]}]}<\/script>\n<!-- \/ Yoast SEO plugin. -->","yoast_head_json":{"title":"12 > 25\/9\/22 - Galerie de la Pr\u00e9v\u00f4t\u00e9 (Aix-en-Provence, France) - Liselotte Andersen","robots":{"index":"index","follow":"follow","max-snippet":"max-snippet:-1","max-image-preview":"max-image-preview:large","max-video-preview":"max-video-preview:-1"},"canonical":"https:\/\/www.liselotte-andersen.net\/it\/mostre-temporanee\/12-25-9-22-galerie-de-la-prevote-aix-en-provence-france\/","og_locale":"it_IT","og_type":"article","og_title":"12 > 25\/9\/22 - Galerie de la Pr\u00e9v\u00f4t\u00e9 (Aix-en-Provence, France) - Liselotte Andersen","og_description":"L\u2019Espace 361\u00b0 vous donne rendez-vous deux fois par an dans cette galerie comprenant deux grandes salles et qui est agr\u00e9ment\u00e9e d\u2019un patio verdoyant, contexte id\u00e9al pour la mise en sc\u00e8ne de sculptures. Je pr\u00e9sente une s\u00e9lection de mes bronzes aux c\u00f4t\u00e9s de 3 artistes : Vous \u00eates les bienvenus de 10h \u00e0 19h tous les&hellip;","og_url":"https:\/\/www.liselotte-andersen.net\/it\/mostre-temporanee\/12-25-9-22-galerie-de-la-prevote-aix-en-provence-france\/","og_site_name":"Liselotte Andersen","article_published_time":"2022-09-22T17:50:17+00:00","article_modified_time":"2026-01-28T13:49:27+00:00","og_image":[{"width":1200,"height":1800,"url":"https:\/\/www.liselotte-andersen.net\/wp-content\/uploads\/2022\/09\/Affiche-Galerie-prevote-2022-digital.jpg","type":"image\/jpeg"}],"author":"Liselotte","twitter_card":"summary_large_image","twitter_misc":{"Scritto da":"Liselotte","Tempo di lettura stimato":"1 minuto"},"schema":{"@context":"https:\/\/schema.org","@graph":[{"@type":"Article","@id":"https:\/\/www.liselotte-andersen.net\/en\/ephemeral-exhibitions\/12-25-9-22-galerie-de-la-prevote-aix-en-provence-france\/#article","isPartOf":{"@id":"https:\/\/www.liselotte-andersen.net\/en\/ephemeral-exhibitions\/12-25-9-22-galerie-de-la-prevote-aix-en-provence-france\/"},"author":{"name":"Liselotte","@id":"https:\/\/www.liselotte-andersen.net\/#\/schema\/person\/e6287e36a81c443bc328eaa434927efc"},"headline":"12 > 25\/9\/22 &#8211; Galerie de la Pr\u00e9v\u00f4t\u00e9 (Aix-en-Provence, France)","datePublished":"2022-09-22T17:50:17+00:00","dateModified":"2026-01-28T13:49:27+00:00","mainEntityOfPage":{"@id":"https:\/\/www.liselotte-andersen.net\/en\/ephemeral-exhibitions\/12-25-9-22-galerie-de-la-prevote-aix-en-provence-france\/"},"wordCount":97,"publisher":{"@id":"https:\/\/www.liselotte-andersen.net\/#\/schema\/person\/e6287e36a81c443bc328eaa434927efc"},"image":{"@id":"https:\/\/www.liselotte-andersen.net\/en\/ephemeral-exhibitions\/12-25-9-22-galerie-de-la-prevote-aix-en-provence-france\/#primaryimage"},"thumbnailUrl":"https:\/\/www.liselotte-andersen.net\/wp-content\/uploads\/2022\/09\/Affiche-Galerie-prevote-2022-digital.jpg","articleSection":["Expositions \u00e9ph\u00e9m\u00e8res"],"inLanguage":"it-IT"},{"@type":"WebPage","@id":"https:\/\/www.liselotte-andersen.net\/en\/ephemeral-exhibitions\/12-25-9-22-galerie-de-la-prevote-aix-en-provence-france\/","url":"https:\/\/www.liselotte-andersen.net\/en\/ephemeral-exhibitions\/12-25-9-22-galerie-de-la-prevote-aix-en-provence-france\/","name":"12 > 25\/9\/22 - Galerie de la Pr\u00e9v\u00f4t\u00e9 (Aix-en-Provence, France) - Liselotte Andersen","isPartOf":{"@id":"https:\/\/www.liselotte-andersen.net\/#website"},"primaryImageOfPage":{"@id":"https:\/\/www.liselotte-andersen.net\/en\/ephemeral-exhibitions\/12-25-9-22-galerie-de-la-prevote-aix-en-provence-france\/#primaryimage"},"image":{"@id":"https:\/\/www.liselotte-andersen.net\/en\/ephemeral-exhibitions\/12-25-9-22-galerie-de-la-prevote-aix-en-provence-france\/#primaryimage"},"thumbnailUrl":"https:\/\/www.liselotte-andersen.net\/wp-content\/uploads\/2022\/09\/Affiche-Galerie-prevote-2022-digital.jpg","datePublished":"2022-09-22T17:50:17+00:00","dateModified":"2026-01-28T13:49:27+00:00","breadcrumb":{"@id":"https:\/\/www.liselotte-andersen.net\/en\/ephemeral-exhibitions\/12-25-9-22-galerie-de-la-prevote-aix-en-provence-france\/#breadcrumb"},"inLanguage":"it-IT","potentialAction":[{"@type":"ReadAction","target":["https:\/\/www.liselotte-andersen.net\/en\/ephemeral-exhibitions\/12-25-9-22-galerie-de-la-prevote-aix-en-provence-france\/"]}]},{"@type":"ImageObject","inLanguage":"it-IT","@id":"https:\/\/www.liselotte-andersen.net\/en\/ephemeral-exhibitions\/12-25-9-22-galerie-de-la-prevote-aix-en-provence-france\/#primaryimage","url":"https:\/\/www.liselotte-andersen.net\/wp-content\/uploads\/2022\/09\/Affiche-Galerie-prevote-2022-digital.jpg","contentUrl":"https:\/\/www.liselotte-andersen.net\/wp-content\/uploads\/2022\/09\/Affiche-Galerie-prevote-2022-digital.jpg","width":1200,"height":1800},{"@type":"BreadcrumbList","@id":"https:\/\/www.liselotte-andersen.net\/en\/ephemeral-exhibitions\/12-25-9-22-galerie-de-la-prevote-aix-en-provence-france\/#breadcrumb","itemListElement":[{"@type":"ListItem","position":1,"name":"Accueil","item":"https:\/\/www.liselotte-andersen.net\/"},{"@type":"ListItem","position":2,"name":"12 > 25\/9\/22 &#8211; Galerie de la Pr\u00e9v\u00f4t\u00e9 (Aix-en-Provence, France)"}]},{"@type":"WebSite","@id":"https:\/\/www.liselotte-andersen.net\/#website","url":"https:\/\/www.liselotte-andersen.net\/","name":"Liselotte Andersen","description":"Scultrice","publisher":{"@id":"https:\/\/www.liselotte-andersen.net\/#\/schema\/person\/e6287e36a81c443bc328eaa434927efc"},"potentialAction":[{"@type":"SearchAction","target":{"@type":"EntryPoint","urlTemplate":"https:\/\/www.liselotte-andersen.net\/?s={search_term_string}"},"query-input":{"@type":"PropertyValueSpecification","valueRequired":true,"valueName":"search_term_string"}}],"inLanguage":"it-IT"},{"@type":["Person","Organization"],"@id":"https:\/\/www.liselotte-andersen.net\/#\/schema\/person\/e6287e36a81c443bc328eaa434927efc","name":"Liselotte","image":{"@type":"ImageObject","inLanguage":"it-IT","@id":"https:\/\/www.liselotte-andersen.net\/wp-content\/uploads\/2025\/07\/Logo-bronze-LA-BR-e1751834958356.png","url":"https:\/\/www.liselotte-andersen.net\/wp-content\/uploads\/2025\/07\/Logo-bronze-LA-BR-e1751834958356.png","contentUrl":"https:\/\/www.liselotte-andersen.net\/wp-content\/uploads\/2025\/07\/Logo-bronze-LA-BR-e1751834958356.png","width":754,"height":744,"caption":"Liselotte"},"logo":{"@id":"https:\/\/www.liselotte-andersen.net\/wp-content\/uploads\/2025\/07\/Logo-bronze-LA-BR-e1751834958356.png"},"sameAs":["http:\/\/www.liselotte-andersen.net"]}]}},"_links":{"self":[{"href":"https:\/\/www.liselotte-andersen.net\/it\/wp-json\/wp\/v2\/posts\/15546","targetHints":{"allow":["GET"]}}],"collection":[{"href":"https:\/\/www.liselotte-andersen.net\/it\/wp-json\/wp\/v2\/posts"}],"about":[{"href":"https:\/\/www.liselotte-andersen.net\/it\/wp-json\/wp\/v2\/types\/post"}],"author":[{"embeddable":true,"href":"https:\/\/www.liselotte-andersen.net\/it\/wp-json\/wp\/v2\/users\/3"}],"replies":[{"embeddable":true,"href":"https:\/\/www.liselotte-andersen.net\/it\/wp-json\/wp\/v2\/comments?post=15546"}],"version-history":[{"count":0,"href":"https:\/\/www.liselotte-andersen.net\/it\/wp-json\/wp\/v2\/posts\/15546\/revisions"}],"wp:featuredmedia":[{"embeddable":true,"href":"https:\/\/www.liselotte-andersen.net\/it\/wp-json\/wp\/v2\/media\/15547"}],"wp:attachment":[{"href":"https:\/\/www.liselotte-andersen.net\/it\/wp-json\/wp\/v2\/media?parent=15546"}],"wp:term":[{"taxonomy":"category","embeddable":true,"href":"https:\/\/www.liselotte-andersen.net\/it\/wp-json\/wp\/v2\/categories?post=15546"},{"taxonomy":"post_tag","embeddable":true,"href":"https:\/\/www.liselotte-andersen.net\/it\/wp-json\/wp\/v2\/tags?post=15546"}],"curies":[{"name":"wp","href":"https:\/\/api.w.org\/{rel}","templated":true}]}}