{"id":1421,"date":"2018-05-16T20:39:16","date_gmt":"2018-05-16T19:39:16","guid":{"rendered":"http:\/\/liselotte-andersen.net\/?p=1421"},"modified":"2026-01-26T21:31:01","modified_gmt":"2026-01-26T20:31:01","slug":"expo4art-la-halle-aux-blancs-manteaux-paris","status":"publish","type":"post","link":"https:\/\/www.liselotte-andersen.net\/it\/expositions-ephemeres\/expo4art-la-halle-aux-blancs-manteaux-paris\/","title":{"rendered":"Expo4Art La Halle aux Blancs Manteaux (Paris) &#8211; 2018"},"content":{"rendered":"<p><img loading=\"lazy\" decoding=\"async\" class=\"alignnone size-medium wp-image-1422\" src=\"https:\/\/www.liselotte-andersen.net\/wp-content\/uploads\/2018\/05\/Expo4Art-300x114.png\" alt=\"\" width=\"300\" height=\"114\" srcset=\"https:\/\/www.liselotte-andersen.net\/wp-content\/uploads\/2018\/05\/Expo4Art-300x114.png 300w, https:\/\/www.liselotte-andersen.net\/wp-content\/uploads\/2018\/05\/Expo4Art-1024x390.png 1024w, https:\/\/www.liselotte-andersen.net\/wp-content\/uploads\/2018\/05\/Expo4Art-768x292.png 768w, https:\/\/www.liselotte-andersen.net\/wp-content\/uploads\/2018\/05\/Expo4Art-806x307.png 806w, https:\/\/www.liselotte-andersen.net\/wp-content\/uploads\/2018\/05\/Expo4Art-558x212.png 558w, https:\/\/www.liselotte-andersen.net\/wp-content\/uploads\/2018\/05\/Expo4Art-700x266.png 700w, https:\/\/www.liselotte-andersen.net\/wp-content\/uploads\/2018\/05\/Expo4Art-600x228.png 600w, https:\/\/www.liselotte-andersen.net\/wp-content\/uploads\/2018\/05\/Expo4Art.png 1104w\" sizes=\"auto, (max-width: 300px) 100vw, 300px\" \/><\/p>\n<p>L\u2019Espace 361\u00b0 est \u00e0 Paris dans le marais \u00e0 l\u2019Espace des Blancs Manteaux en mai 2018.<\/p>\n<p>Avec les peintures de Malagarty et de Christiane Dumas, les photographies de Philip R<span class=\"text_exposed_show\">ichard, les sculptures bois d\u2019Agnes K et Vincent Poyen, les sculptures terre de Fran\u00e7oise Mousseau et les bronzes de Liselotte Andersen.\u00a0<\/span><\/p>","protected":false},"excerpt":{"rendered":"<p>L\u2019Espace 361\u00b0 est \u00e0 Paris dans le marais \u00e0 l\u2019Espace des Blancs Manteaux en mai 2018. Avec les peintures de Malagarty et de Christiane Dumas, les photographies de Philip Richard, les sculptures bois d\u2019Agnes K et Vincent Poyen, les sculptures terre de Fran\u00e7oise Mousseau et les bronzes de Liselotte Andersen.\u00a0<\/p>","protected":false},"author":3,"featured_media":1422,"comment_status":"closed","ping_status":"open","sticky":false,"template":"","format":"standard","meta":{"_acf_changed":false,"footnotes":""},"categories":[5],"tags":[],"class_list":["post-1421","post","type-post","status-publish","format-standard","has-post-thumbnail","hentry","category-expositions-ephemeres"],"acf":[],"yoast_head":"<!-- This site is optimized with the Yoast SEO plugin v28.4 - https:\/\/yoast.com\/product\/yoast-seo-wordpress\/ -->\n<title>Expo4Art La Halle aux Blancs Manteaux (Paris) - 2018 - Liselotte Andersen<\/title>\n<meta name=\"robots\" content=\"index, follow, max-snippet:-1, max-image-preview:large, max-video-preview:-1\" \/>\n<link rel=\"canonical\" href=\"https:\/\/www.liselotte-andersen.net\/it\/mostre-temporanee\/expo4art-la-halle-aux-blancs-manteaux-paris\/\" \/>\n<meta property=\"og:locale\" content=\"it_IT\" \/>\n<meta property=\"og:type\" content=\"article\" \/>\n<meta property=\"og:title\" content=\"Expo4Art La Halle aux Blancs Manteaux (Paris) - 2018 - Liselotte Andersen\" \/>\n<meta property=\"og:description\" content=\"L\u2019Espace 361\u00b0 est \u00e0 Paris dans le marais \u00e0 l\u2019Espace des Blancs Manteaux en mai 2018. Avec les peintures de Malagarty et de Christiane Dumas, les photographies de Philip Richard, les sculptures bois d\u2019Agnes K et Vincent Poyen, les sculptures terre de Fran\u00e7oise Mousseau et les bronzes de Liselotte Andersen.\u00a0\" \/>\n<meta property=\"og:url\" content=\"https:\/\/www.liselotte-andersen.net\/it\/mostre-temporanee\/expo4art-la-halle-aux-blancs-manteaux-paris\/\" \/>\n<meta property=\"og:site_name\" content=\"Liselotte Andersen\" \/>\n<meta property=\"article:published_time\" content=\"2018-05-16T19:39:16+00:00\" \/>\n<meta property=\"article:modified_time\" content=\"2026-01-26T20:31:01+00:00\" \/>\n<meta property=\"og:image\" content=\"https:\/\/www.liselotte-andersen.net\/wp-content\/uploads\/2018\/05\/Expo4Art.png\" \/>\n\t<meta property=\"og:image:width\" content=\"1104\" \/>\n\t<meta property=\"og:image:height\" content=\"420\" \/>\n\t<meta property=\"og:image:type\" content=\"image\/png\" \/>\n<meta name=\"author\" content=\"Liselotte\" \/>\n<meta name=\"twitter:card\" content=\"summary_large_image\" \/>\n<meta name=\"twitter:label1\" content=\"Scritto da\" \/>\n\t<meta name=\"twitter:data1\" content=\"Liselotte\" \/>\n<script type=\"application\/ld+json\" class=\"yoast-schema-graph\">{\"@context\":\"https:\\\/\\\/schema.org\",\"@graph\":[{\"@type\":\"Article\",\"@id\":\"https:\\\/\\\/www.liselotte-andersen.net\\\/en\\\/ephemeral-exhibitions\\\/expo4art-la-halle-aux-blancs-manteaux-paris\\\/#article\",\"isPartOf\":{\"@id\":\"https:\\\/\\\/www.liselotte-andersen.net\\\/en\\\/ephemeral-exhibitions\\\/expo4art-la-halle-aux-blancs-manteaux-paris\\\/\"},\"author\":{\"name\":\"Liselotte\",\"@id\":\"https:\\\/\\\/www.liselotte-andersen.net\\\/#\\\/schema\\\/person\\\/e6287e36a81c443bc328eaa434927efc\"},\"headline\":\"Expo4Art La Halle aux Blancs Manteaux (Paris) &#8211; 2018\",\"datePublished\":\"2018-05-16T19:39:16+00:00\",\"dateModified\":\"2026-01-26T20:31:01+00:00\",\"mainEntityOfPage\":{\"@id\":\"https:\\\/\\\/www.liselotte-andersen.net\\\/en\\\/ephemeral-exhibitions\\\/expo4art-la-halle-aux-blancs-manteaux-paris\\\/\"},\"wordCount\":59,\"publisher\":{\"@id\":\"https:\\\/\\\/www.liselotte-andersen.net\\\/#\\\/schema\\\/person\\\/e6287e36a81c443bc328eaa434927efc\"},\"image\":{\"@id\":\"https:\\\/\\\/www.liselotte-andersen.net\\\/en\\\/ephemeral-exhibitions\\\/expo4art-la-halle-aux-blancs-manteaux-paris\\\/#primaryimage\"},\"thumbnailUrl\":\"https:\\\/\\\/www.liselotte-andersen.net\\\/wp-content\\\/uploads\\\/2018\\\/05\\\/Expo4Art.png\",\"articleSection\":[\"Expositions \u00e9ph\u00e9m\u00e8res\"],\"inLanguage\":\"it-IT\"},{\"@type\":\"WebPage\",\"@id\":\"https:\\\/\\\/www.liselotte-andersen.net\\\/en\\\/ephemeral-exhibitions\\\/expo4art-la-halle-aux-blancs-manteaux-paris\\\/\",\"url\":\"https:\\\/\\\/www.liselotte-andersen.net\\\/en\\\/ephemeral-exhibitions\\\/expo4art-la-halle-aux-blancs-manteaux-paris\\\/\",\"name\":\"Expo4Art La Halle aux Blancs Manteaux (Paris) - 2018 - Liselotte Andersen\",\"isPartOf\":{\"@id\":\"https:\\\/\\\/www.liselotte-andersen.net\\\/#website\"},\"primaryImageOfPage\":{\"@id\":\"https:\\\/\\\/www.liselotte-andersen.net\\\/en\\\/ephemeral-exhibitions\\\/expo4art-la-halle-aux-blancs-manteaux-paris\\\/#primaryimage\"},\"image\":{\"@id\":\"https:\\\/\\\/www.liselotte-andersen.net\\\/en\\\/ephemeral-exhibitions\\\/expo4art-la-halle-aux-blancs-manteaux-paris\\\/#primaryimage\"},\"thumbnailUrl\":\"https:\\\/\\\/www.liselotte-andersen.net\\\/wp-content\\\/uploads\\\/2018\\\/05\\\/Expo4Art.png\",\"datePublished\":\"2018-05-16T19:39:16+00:00\",\"dateModified\":\"2026-01-26T20:31:01+00:00\",\"breadcrumb\":{\"@id\":\"https:\\\/\\\/www.liselotte-andersen.net\\\/en\\\/ephemeral-exhibitions\\\/expo4art-la-halle-aux-blancs-manteaux-paris\\\/#breadcrumb\"},\"inLanguage\":\"it-IT\",\"potentialAction\":[{\"@type\":\"ReadAction\",\"target\":[\"https:\\\/\\\/www.liselotte-andersen.net\\\/en\\\/ephemeral-exhibitions\\\/expo4art-la-halle-aux-blancs-manteaux-paris\\\/\"]}]},{\"@type\":\"ImageObject\",\"inLanguage\":\"it-IT\",\"@id\":\"https:\\\/\\\/www.liselotte-andersen.net\\\/en\\\/ephemeral-exhibitions\\\/expo4art-la-halle-aux-blancs-manteaux-paris\\\/#primaryimage\",\"url\":\"https:\\\/\\\/www.liselotte-andersen.net\\\/wp-content\\\/uploads\\\/2018\\\/05\\\/Expo4Art.png\",\"contentUrl\":\"https:\\\/\\\/www.liselotte-andersen.net\\\/wp-content\\\/uploads\\\/2018\\\/05\\\/Expo4Art.png\",\"width\":1104,\"height\":420},{\"@type\":\"BreadcrumbList\",\"@id\":\"https:\\\/\\\/www.liselotte-andersen.net\\\/en\\\/ephemeral-exhibitions\\\/expo4art-la-halle-aux-blancs-manteaux-paris\\\/#breadcrumb\",\"itemListElement\":[{\"@type\":\"ListItem\",\"position\":1,\"name\":\"Accueil\",\"item\":\"https:\\\/\\\/www.liselotte-andersen.net\\\/\"},{\"@type\":\"ListItem\",\"position\":2,\"name\":\"Expo4Art La Halle aux Blancs Manteaux (Paris) &#8211; 2018\"}]},{\"@type\":\"WebSite\",\"@id\":\"https:\\\/\\\/www.liselotte-andersen.net\\\/#website\",\"url\":\"https:\\\/\\\/www.liselotte-andersen.net\\\/\",\"name\":\"Liselotte Andersen\",\"description\":\"Sculptrice\",\"publisher\":{\"@id\":\"https:\\\/\\\/www.liselotte-andersen.net\\\/#\\\/schema\\\/person\\\/e6287e36a81c443bc328eaa434927efc\"},\"potentialAction\":[{\"@type\":\"SearchAction\",\"target\":{\"@type\":\"EntryPoint\",\"urlTemplate\":\"https:\\\/\\\/www.liselotte-andersen.net\\\/?s={search_term_string}\"},\"query-input\":{\"@type\":\"PropertyValueSpecification\",\"valueRequired\":true,\"valueName\":\"search_term_string\"}}],\"inLanguage\":\"it-IT\"},{\"@type\":[\"Person\",\"Organization\"],\"@id\":\"https:\\\/\\\/www.liselotte-andersen.net\\\/#\\\/schema\\\/person\\\/e6287e36a81c443bc328eaa434927efc\",\"name\":\"Liselotte\",\"image\":{\"@type\":\"ImageObject\",\"inLanguage\":\"it-IT\",\"@id\":\"https:\\\/\\\/www.liselotte-andersen.net\\\/wp-content\\\/uploads\\\/2025\\\/07\\\/Logo-bronze-LA-BR-e1751834958356.png\",\"url\":\"https:\\\/\\\/www.liselotte-andersen.net\\\/wp-content\\\/uploads\\\/2025\\\/07\\\/Logo-bronze-LA-BR-e1751834958356.png\",\"contentUrl\":\"https:\\\/\\\/www.liselotte-andersen.net\\\/wp-content\\\/uploads\\\/2025\\\/07\\\/Logo-bronze-LA-BR-e1751834958356.png\",\"width\":754,\"height\":744,\"caption\":\"Liselotte\"},\"logo\":{\"@id\":\"https:\\\/\\\/www.liselotte-andersen.net\\\/wp-content\\\/uploads\\\/2025\\\/07\\\/Logo-bronze-LA-BR-e1751834958356.png\"},\"sameAs\":[\"http:\\\/\\\/www.liselotte-andersen.net\"]}]}<\/script>\n<!-- \/ Yoast SEO plugin. -->","yoast_head_json":{"title":"Expo4Art La Halle aux Blancs Manteaux (Paris) - 2018 - Liselotte Andersen","robots":{"index":"index","follow":"follow","max-snippet":"max-snippet:-1","max-image-preview":"max-image-preview:large","max-video-preview":"max-video-preview:-1"},"canonical":"https:\/\/www.liselotte-andersen.net\/it\/mostre-temporanee\/expo4art-la-halle-aux-blancs-manteaux-paris\/","og_locale":"it_IT","og_type":"article","og_title":"Expo4Art La Halle aux Blancs Manteaux (Paris) - 2018 - Liselotte Andersen","og_description":"L\u2019Espace 361\u00b0 est \u00e0 Paris dans le marais \u00e0 l\u2019Espace des Blancs Manteaux en mai 2018. Avec les peintures de Malagarty et de Christiane Dumas, les photographies de Philip Richard, les sculptures bois d\u2019Agnes K et Vincent Poyen, les sculptures terre de Fran\u00e7oise Mousseau et les bronzes de Liselotte Andersen.\u00a0","og_url":"https:\/\/www.liselotte-andersen.net\/it\/mostre-temporanee\/expo4art-la-halle-aux-blancs-manteaux-paris\/","og_site_name":"Liselotte Andersen","article_published_time":"2018-05-16T19:39:16+00:00","article_modified_time":"2026-01-26T20:31:01+00:00","og_image":[{"width":1104,"height":420,"url":"https:\/\/www.liselotte-andersen.net\/wp-content\/uploads\/2018\/05\/Expo4Art.png","type":"image\/png"}],"author":"Liselotte","twitter_card":"summary_large_image","twitter_misc":{"Scritto da":"Liselotte"},"schema":{"@context":"https:\/\/schema.org","@graph":[{"@type":"Article","@id":"https:\/\/www.liselotte-andersen.net\/en\/ephemeral-exhibitions\/expo4art-la-halle-aux-blancs-manteaux-paris\/#article","isPartOf":{"@id":"https:\/\/www.liselotte-andersen.net\/en\/ephemeral-exhibitions\/expo4art-la-halle-aux-blancs-manteaux-paris\/"},"author":{"name":"Liselotte","@id":"https:\/\/www.liselotte-andersen.net\/#\/schema\/person\/e6287e36a81c443bc328eaa434927efc"},"headline":"Expo4Art La Halle aux Blancs Manteaux (Paris) &#8211; 2018","datePublished":"2018-05-16T19:39:16+00:00","dateModified":"2026-01-26T20:31:01+00:00","mainEntityOfPage":{"@id":"https:\/\/www.liselotte-andersen.net\/en\/ephemeral-exhibitions\/expo4art-la-halle-aux-blancs-manteaux-paris\/"},"wordCount":59,"publisher":{"@id":"https:\/\/www.liselotte-andersen.net\/#\/schema\/person\/e6287e36a81c443bc328eaa434927efc"},"image":{"@id":"https:\/\/www.liselotte-andersen.net\/en\/ephemeral-exhibitions\/expo4art-la-halle-aux-blancs-manteaux-paris\/#primaryimage"},"thumbnailUrl":"https:\/\/www.liselotte-andersen.net\/wp-content\/uploads\/2018\/05\/Expo4Art.png","articleSection":["Expositions \u00e9ph\u00e9m\u00e8res"],"inLanguage":"it-IT"},{"@type":"WebPage","@id":"https:\/\/www.liselotte-andersen.net\/en\/ephemeral-exhibitions\/expo4art-la-halle-aux-blancs-manteaux-paris\/","url":"https:\/\/www.liselotte-andersen.net\/en\/ephemeral-exhibitions\/expo4art-la-halle-aux-blancs-manteaux-paris\/","name":"Expo4Art La Halle aux Blancs Manteaux (Paris) - 2018 - Liselotte Andersen","isPartOf":{"@id":"https:\/\/www.liselotte-andersen.net\/#website"},"primaryImageOfPage":{"@id":"https:\/\/www.liselotte-andersen.net\/en\/ephemeral-exhibitions\/expo4art-la-halle-aux-blancs-manteaux-paris\/#primaryimage"},"image":{"@id":"https:\/\/www.liselotte-andersen.net\/en\/ephemeral-exhibitions\/expo4art-la-halle-aux-blancs-manteaux-paris\/#primaryimage"},"thumbnailUrl":"https:\/\/www.liselotte-andersen.net\/wp-content\/uploads\/2018\/05\/Expo4Art.png","datePublished":"2018-05-16T19:39:16+00:00","dateModified":"2026-01-26T20:31:01+00:00","breadcrumb":{"@id":"https:\/\/www.liselotte-andersen.net\/en\/ephemeral-exhibitions\/expo4art-la-halle-aux-blancs-manteaux-paris\/#breadcrumb"},"inLanguage":"it-IT","potentialAction":[{"@type":"ReadAction","target":["https:\/\/www.liselotte-andersen.net\/en\/ephemeral-exhibitions\/expo4art-la-halle-aux-blancs-manteaux-paris\/"]}]},{"@type":"ImageObject","inLanguage":"it-IT","@id":"https:\/\/www.liselotte-andersen.net\/en\/ephemeral-exhibitions\/expo4art-la-halle-aux-blancs-manteaux-paris\/#primaryimage","url":"https:\/\/www.liselotte-andersen.net\/wp-content\/uploads\/2018\/05\/Expo4Art.png","contentUrl":"https:\/\/www.liselotte-andersen.net\/wp-content\/uploads\/2018\/05\/Expo4Art.png","width":1104,"height":420},{"@type":"BreadcrumbList","@id":"https:\/\/www.liselotte-andersen.net\/en\/ephemeral-exhibitions\/expo4art-la-halle-aux-blancs-manteaux-paris\/#breadcrumb","itemListElement":[{"@type":"ListItem","position":1,"name":"Accueil","item":"https:\/\/www.liselotte-andersen.net\/"},{"@type":"ListItem","position":2,"name":"Expo4Art La Halle aux Blancs Manteaux (Paris) &#8211; 2018"}]},{"@type":"WebSite","@id":"https:\/\/www.liselotte-andersen.net\/#website","url":"https:\/\/www.liselotte-andersen.net\/","name":"Liselotte Andersen","description":"Scultrice","publisher":{"@id":"https:\/\/www.liselotte-andersen.net\/#\/schema\/person\/e6287e36a81c443bc328eaa434927efc"},"potentialAction":[{"@type":"SearchAction","target":{"@type":"EntryPoint","urlTemplate":"https:\/\/www.liselotte-andersen.net\/?s={search_term_string}"},"query-input":{"@type":"PropertyValueSpecification","valueRequired":true,"valueName":"search_term_string"}}],"inLanguage":"it-IT"},{"@type":["Person","Organization"],"@id":"https:\/\/www.liselotte-andersen.net\/#\/schema\/person\/e6287e36a81c443bc328eaa434927efc","name":"Liselotte","image":{"@type":"ImageObject","inLanguage":"it-IT","@id":"https:\/\/www.liselotte-andersen.net\/wp-content\/uploads\/2025\/07\/Logo-bronze-LA-BR-e1751834958356.png","url":"https:\/\/www.liselotte-andersen.net\/wp-content\/uploads\/2025\/07\/Logo-bronze-LA-BR-e1751834958356.png","contentUrl":"https:\/\/www.liselotte-andersen.net\/wp-content\/uploads\/2025\/07\/Logo-bronze-LA-BR-e1751834958356.png","width":754,"height":744,"caption":"Liselotte"},"logo":{"@id":"https:\/\/www.liselotte-andersen.net\/wp-content\/uploads\/2025\/07\/Logo-bronze-LA-BR-e1751834958356.png"},"sameAs":["http:\/\/www.liselotte-andersen.net"]}]}},"_links":{"self":[{"href":"https:\/\/www.liselotte-andersen.net\/it\/wp-json\/wp\/v2\/posts\/1421","targetHints":{"allow":["GET"]}}],"collection":[{"href":"https:\/\/www.liselotte-andersen.net\/it\/wp-json\/wp\/v2\/posts"}],"about":[{"href":"https:\/\/www.liselotte-andersen.net\/it\/wp-json\/wp\/v2\/types\/post"}],"author":[{"embeddable":true,"href":"https:\/\/www.liselotte-andersen.net\/it\/wp-json\/wp\/v2\/users\/3"}],"replies":[{"embeddable":true,"href":"https:\/\/www.liselotte-andersen.net\/it\/wp-json\/wp\/v2\/comments?post=1421"}],"version-history":[{"count":0,"href":"https:\/\/www.liselotte-andersen.net\/it\/wp-json\/wp\/v2\/posts\/1421\/revisions"}],"wp:featuredmedia":[{"embeddable":true,"href":"https:\/\/www.liselotte-andersen.net\/it\/wp-json\/wp\/v2\/media\/1422"}],"wp:attachment":[{"href":"https:\/\/www.liselotte-andersen.net\/it\/wp-json\/wp\/v2\/media?parent=1421"}],"wp:term":[{"taxonomy":"category","embeddable":true,"href":"https:\/\/www.liselotte-andersen.net\/it\/wp-json\/wp\/v2\/categories?post=1421"},{"taxonomy":"post_tag","embeddable":true,"href":"https:\/\/www.liselotte-andersen.net\/it\/wp-json\/wp\/v2\/tags?post=1421"}],"curies":[{"name":"wp","href":"https:\/\/api.w.org\/{rel}","templated":true}]}}