{"id":1416,"date":"2018-04-17T18:01:39","date_gmt":"2018-04-17T17:01:39","guid":{"rendered":"http:\/\/liselotte-andersen.net\/?p=1416"},"modified":"2026-01-26T21:31:01","modified_gmt":"2026-01-26T20:31:01","slug":"361-espace-dart-contemporain-6","status":"publish","type":"post","link":"https:\/\/www.liselotte-andersen.net\/it\/expositions-ephemeres\/361-espace-dart-contemporain-6\/","title":{"rendered":"361\u00b0 &#8211; Espace d&rsquo;Art Contemporain (Aix-en-Provence) &#8211; 2018"},"content":{"rendered":"<p><img loading=\"lazy\" decoding=\"async\" class=\"alignnone size-full wp-image-3791\" src=\"https:\/\/www.liselotte-andersen.net\/wp-content\/uploads\/2020\/11\/Flyer-NBesnainou-LHeurtebise-CRegord-LAndersen.jpg\" alt=\"\" width=\"600\" height=\"600\" srcset=\"https:\/\/www.liselotte-andersen.net\/wp-content\/uploads\/2020\/11\/Flyer-NBesnainou-LHeurtebise-CRegord-LAndersen.jpg 600w, https:\/\/www.liselotte-andersen.net\/wp-content\/uploads\/2020\/11\/Flyer-NBesnainou-LHeurtebise-CRegord-LAndersen-300x300.jpg 300w, https:\/\/www.liselotte-andersen.net\/wp-content\/uploads\/2020\/11\/Flyer-NBesnainou-LHeurtebise-CRegord-LAndersen-150x150.jpg 150w, https:\/\/www.liselotte-andersen.net\/wp-content\/uploads\/2020\/11\/Flyer-NBesnainou-LHeurtebise-CRegord-LAndersen-468x468.jpg 468w, https:\/\/www.liselotte-andersen.net\/wp-content\/uploads\/2020\/11\/Flyer-NBesnainou-LHeurtebise-CRegord-LAndersen-558x558.jpg 558w, https:\/\/www.liselotte-andersen.net\/wp-content\/uploads\/2020\/11\/Flyer-NBesnainou-LHeurtebise-CRegord-LAndersen-120x120.jpg 120w\" sizes=\"auto, (max-width: 600px) 100vw, 600px\" \/><\/p>\n<p>&nbsp;<\/p>\n<p class=\"m_-6947966313207731675m_-6896538912640079111gmail-MsoBodyText\"><span style=\"font-size: small;\">Les deux sculptrices, Liselotte Andersen et Nicole Besnainou nous proposent leurs formes \u00e9lanc\u00e9es. Leur travail de la terre reste fid\u00e8le aux couleurs brutes, brique et grise avec quelques bleus et rouges profonds pour Liselotte.<\/span><\/p>\n<p><span style=\"font-size: small;\">Deux peintres, Chrystel Regord et Laurens Heurtebise, nous plongent dans des ambiances rupestres pour l\u2019une, c\u00e9lestes et vibratoires pour l\u2019autre. Couche apr\u00e8s couche, l\u2019\u0153uvre tout en int\u00e9riorit\u00e9 de ces peintres se\u00a0<span class=\"il\">d<\/span>\u00e9voile, avec ses couleurs primaires pour Chrystel et ses teintes intenses pour Laurens. <\/span><\/p>\n<p>&nbsp;<\/p>","protected":false},"excerpt":{"rendered":"<p>&nbsp; Les deux sculptrices, Liselotte Andersen et Nicole Besnainou nous proposent leurs formes \u00e9lanc\u00e9es. Leur travail de la terre reste fid\u00e8le aux couleurs brutes, brique et grise avec quelques bleus et rouges profonds pour Liselotte. Deux peintres, Chrystel Regord et Laurens Heurtebise, nous plongent dans des ambiances rupestres pour l\u2019une, c\u00e9lestes et vibratoires pour l\u2019autre.&hellip;<\/p>","protected":false},"author":3,"featured_media":1417,"comment_status":"closed","ping_status":"open","sticky":false,"template":"","format":"standard","meta":{"_acf_changed":false,"footnotes":""},"categories":[5],"tags":[],"class_list":["post-1416","post","type-post","status-publish","format-standard","has-post-thumbnail","hentry","category-expositions-ephemeres"],"acf":[],"yoast_head":"<!-- This site is optimized with the Yoast SEO plugin v28.4 - https:\/\/yoast.com\/product\/yoast-seo-wordpress\/ -->\n<title>361\u00b0 - Espace d&#039;Art Contemporain (Aix-en-Provence) - 2018 - Liselotte Andersen<\/title>\n<meta name=\"robots\" content=\"index, follow, max-snippet:-1, max-image-preview:large, max-video-preview:-1\" \/>\n<link rel=\"canonical\" href=\"https:\/\/www.liselotte-andersen.net\/it\/mostre-temporanee\/361-espace-dart-contemporain-6\/\" \/>\n<meta property=\"og:locale\" content=\"it_IT\" \/>\n<meta property=\"og:type\" content=\"article\" \/>\n<meta property=\"og:title\" content=\"361\u00b0 - Espace d&#039;Art Contemporain (Aix-en-Provence) - 2018 - Liselotte Andersen\" \/>\n<meta property=\"og:description\" content=\"&nbsp; Les deux sculptrices, Liselotte Andersen et Nicole Besnainou nous proposent leurs formes \u00e9lanc\u00e9es. Leur travail de la terre reste fid\u00e8le aux couleurs brutes, brique et grise avec quelques bleus et rouges profonds pour Liselotte. Deux peintres, Chrystel Regord et Laurens Heurtebise, nous plongent dans des ambiances rupestres pour l\u2019une, c\u00e9lestes et vibratoires pour l\u2019autre.&hellip;\" \/>\n<meta property=\"og:url\" content=\"https:\/\/www.liselotte-andersen.net\/it\/mostre-temporanee\/361-espace-dart-contemporain-6\/\" \/>\n<meta property=\"og:site_name\" content=\"Liselotte Andersen\" \/>\n<meta property=\"article:published_time\" content=\"2018-04-17T17:01:39+00:00\" \/>\n<meta property=\"article:modified_time\" content=\"2026-01-26T20:31:01+00:00\" \/>\n<meta property=\"og:image\" content=\"https:\/\/www.liselotte-andersen.net\/wp-content\/uploads\/2018\/04\/Flyer-NBesnainou-LHeurtebise-CRegord-LAndersen.jpg\" \/>\n\t<meta property=\"og:image:width\" content=\"600\" \/>\n\t<meta property=\"og:image:height\" content=\"600\" \/>\n\t<meta property=\"og:image:type\" content=\"image\/jpeg\" \/>\n<meta name=\"author\" content=\"Liselotte\" \/>\n<meta name=\"twitter:card\" content=\"summary_large_image\" \/>\n<meta name=\"twitter:label1\" content=\"Scritto da\" \/>\n\t<meta name=\"twitter:data1\" content=\"Liselotte\" \/>\n<script type=\"application\/ld+json\" class=\"yoast-schema-graph\">{\"@context\":\"https:\\\/\\\/schema.org\",\"@graph\":[{\"@type\":\"Article\",\"@id\":\"https:\\\/\\\/www.liselotte-andersen.net\\\/en\\\/ephemeral-exhibitions\\\/361-espace-dart-contemporain-6\\\/#article\",\"isPartOf\":{\"@id\":\"https:\\\/\\\/www.liselotte-andersen.net\\\/en\\\/ephemeral-exhibitions\\\/361-espace-dart-contemporain-6\\\/\"},\"author\":{\"name\":\"Liselotte\",\"@id\":\"https:\\\/\\\/www.liselotte-andersen.net\\\/#\\\/schema\\\/person\\\/e6287e36a81c443bc328eaa434927efc\"},\"headline\":\"361\u00b0 &#8211; Espace d&rsquo;Art Contemporain (Aix-en-Provence) &#8211; 2018\",\"datePublished\":\"2018-04-17T17:01:39+00:00\",\"dateModified\":\"2026-01-26T20:31:01+00:00\",\"mainEntityOfPage\":{\"@id\":\"https:\\\/\\\/www.liselotte-andersen.net\\\/en\\\/ephemeral-exhibitions\\\/361-espace-dart-contemporain-6\\\/\"},\"wordCount\":96,\"publisher\":{\"@id\":\"https:\\\/\\\/www.liselotte-andersen.net\\\/#\\\/schema\\\/person\\\/e6287e36a81c443bc328eaa434927efc\"},\"image\":{\"@id\":\"https:\\\/\\\/www.liselotte-andersen.net\\\/en\\\/ephemeral-exhibitions\\\/361-espace-dart-contemporain-6\\\/#primaryimage\"},\"thumbnailUrl\":\"https:\\\/\\\/www.liselotte-andersen.net\\\/wp-content\\\/uploads\\\/2018\\\/04\\\/Flyer-NBesnainou-LHeurtebise-CRegord-LAndersen.jpg\",\"articleSection\":[\"Expositions \u00e9ph\u00e9m\u00e8res\"],\"inLanguage\":\"it-IT\"},{\"@type\":\"WebPage\",\"@id\":\"https:\\\/\\\/www.liselotte-andersen.net\\\/en\\\/ephemeral-exhibitions\\\/361-espace-dart-contemporain-6\\\/\",\"url\":\"https:\\\/\\\/www.liselotte-andersen.net\\\/en\\\/ephemeral-exhibitions\\\/361-espace-dart-contemporain-6\\\/\",\"name\":\"361\u00b0 - Espace d'Art Contemporain (Aix-en-Provence) - 2018 - Liselotte Andersen\",\"isPartOf\":{\"@id\":\"https:\\\/\\\/www.liselotte-andersen.net\\\/#website\"},\"primaryImageOfPage\":{\"@id\":\"https:\\\/\\\/www.liselotte-andersen.net\\\/en\\\/ephemeral-exhibitions\\\/361-espace-dart-contemporain-6\\\/#primaryimage\"},\"image\":{\"@id\":\"https:\\\/\\\/www.liselotte-andersen.net\\\/en\\\/ephemeral-exhibitions\\\/361-espace-dart-contemporain-6\\\/#primaryimage\"},\"thumbnailUrl\":\"https:\\\/\\\/www.liselotte-andersen.net\\\/wp-content\\\/uploads\\\/2018\\\/04\\\/Flyer-NBesnainou-LHeurtebise-CRegord-LAndersen.jpg\",\"datePublished\":\"2018-04-17T17:01:39+00:00\",\"dateModified\":\"2026-01-26T20:31:01+00:00\",\"breadcrumb\":{\"@id\":\"https:\\\/\\\/www.liselotte-andersen.net\\\/en\\\/ephemeral-exhibitions\\\/361-espace-dart-contemporain-6\\\/#breadcrumb\"},\"inLanguage\":\"it-IT\",\"potentialAction\":[{\"@type\":\"ReadAction\",\"target\":[\"https:\\\/\\\/www.liselotte-andersen.net\\\/en\\\/ephemeral-exhibitions\\\/361-espace-dart-contemporain-6\\\/\"]}]},{\"@type\":\"ImageObject\",\"inLanguage\":\"it-IT\",\"@id\":\"https:\\\/\\\/www.liselotte-andersen.net\\\/en\\\/ephemeral-exhibitions\\\/361-espace-dart-contemporain-6\\\/#primaryimage\",\"url\":\"https:\\\/\\\/www.liselotte-andersen.net\\\/wp-content\\\/uploads\\\/2018\\\/04\\\/Flyer-NBesnainou-LHeurtebise-CRegord-LAndersen.jpg\",\"contentUrl\":\"https:\\\/\\\/www.liselotte-andersen.net\\\/wp-content\\\/uploads\\\/2018\\\/04\\\/Flyer-NBesnainou-LHeurtebise-CRegord-LAndersen.jpg\",\"width\":600,\"height\":600},{\"@type\":\"BreadcrumbList\",\"@id\":\"https:\\\/\\\/www.liselotte-andersen.net\\\/en\\\/ephemeral-exhibitions\\\/361-espace-dart-contemporain-6\\\/#breadcrumb\",\"itemListElement\":[{\"@type\":\"ListItem\",\"position\":1,\"name\":\"Accueil\",\"item\":\"https:\\\/\\\/www.liselotte-andersen.net\\\/\"},{\"@type\":\"ListItem\",\"position\":2,\"name\":\"361\u00b0 &#8211; Espace d&rsquo;Art Contemporain (Aix-en-Provence) &#8211; 2018\"}]},{\"@type\":\"WebSite\",\"@id\":\"https:\\\/\\\/www.liselotte-andersen.net\\\/#website\",\"url\":\"https:\\\/\\\/www.liselotte-andersen.net\\\/\",\"name\":\"Liselotte Andersen\",\"description\":\"Sculptrice\",\"publisher\":{\"@id\":\"https:\\\/\\\/www.liselotte-andersen.net\\\/#\\\/schema\\\/person\\\/e6287e36a81c443bc328eaa434927efc\"},\"potentialAction\":[{\"@type\":\"SearchAction\",\"target\":{\"@type\":\"EntryPoint\",\"urlTemplate\":\"https:\\\/\\\/www.liselotte-andersen.net\\\/?s={search_term_string}\"},\"query-input\":{\"@type\":\"PropertyValueSpecification\",\"valueRequired\":true,\"valueName\":\"search_term_string\"}}],\"inLanguage\":\"it-IT\"},{\"@type\":[\"Person\",\"Organization\"],\"@id\":\"https:\\\/\\\/www.liselotte-andersen.net\\\/#\\\/schema\\\/person\\\/e6287e36a81c443bc328eaa434927efc\",\"name\":\"Liselotte\",\"image\":{\"@type\":\"ImageObject\",\"inLanguage\":\"it-IT\",\"@id\":\"https:\\\/\\\/www.liselotte-andersen.net\\\/wp-content\\\/uploads\\\/2025\\\/07\\\/Logo-bronze-LA-BR-e1751834958356.png\",\"url\":\"https:\\\/\\\/www.liselotte-andersen.net\\\/wp-content\\\/uploads\\\/2025\\\/07\\\/Logo-bronze-LA-BR-e1751834958356.png\",\"contentUrl\":\"https:\\\/\\\/www.liselotte-andersen.net\\\/wp-content\\\/uploads\\\/2025\\\/07\\\/Logo-bronze-LA-BR-e1751834958356.png\",\"width\":754,\"height\":744,\"caption\":\"Liselotte\"},\"logo\":{\"@id\":\"https:\\\/\\\/www.liselotte-andersen.net\\\/wp-content\\\/uploads\\\/2025\\\/07\\\/Logo-bronze-LA-BR-e1751834958356.png\"},\"sameAs\":[\"http:\\\/\\\/www.liselotte-andersen.net\"]}]}<\/script>\n<!-- \/ Yoast SEO plugin. -->","yoast_head_json":{"title":"361\u00b0 - Espace d'Art Contemporain (Aix-en-Provence) - 2018 - Liselotte Andersen","robots":{"index":"index","follow":"follow","max-snippet":"max-snippet:-1","max-image-preview":"max-image-preview:large","max-video-preview":"max-video-preview:-1"},"canonical":"https:\/\/www.liselotte-andersen.net\/it\/mostre-temporanee\/361-espace-dart-contemporain-6\/","og_locale":"it_IT","og_type":"article","og_title":"361\u00b0 - Espace d'Art Contemporain (Aix-en-Provence) - 2018 - Liselotte Andersen","og_description":"&nbsp; Les deux sculptrices, Liselotte Andersen et Nicole Besnainou nous proposent leurs formes \u00e9lanc\u00e9es. Leur travail de la terre reste fid\u00e8le aux couleurs brutes, brique et grise avec quelques bleus et rouges profonds pour Liselotte. Deux peintres, Chrystel Regord et Laurens Heurtebise, nous plongent dans des ambiances rupestres pour l\u2019une, c\u00e9lestes et vibratoires pour l\u2019autre.&hellip;","og_url":"https:\/\/www.liselotte-andersen.net\/it\/mostre-temporanee\/361-espace-dart-contemporain-6\/","og_site_name":"Liselotte Andersen","article_published_time":"2018-04-17T17:01:39+00:00","article_modified_time":"2026-01-26T20:31:01+00:00","og_image":[{"width":600,"height":600,"url":"https:\/\/www.liselotte-andersen.net\/wp-content\/uploads\/2018\/04\/Flyer-NBesnainou-LHeurtebise-CRegord-LAndersen.jpg","type":"image\/jpeg"}],"author":"Liselotte","twitter_card":"summary_large_image","twitter_misc":{"Scritto da":"Liselotte"},"schema":{"@context":"https:\/\/schema.org","@graph":[{"@type":"Article","@id":"https:\/\/www.liselotte-andersen.net\/en\/ephemeral-exhibitions\/361-espace-dart-contemporain-6\/#article","isPartOf":{"@id":"https:\/\/www.liselotte-andersen.net\/en\/ephemeral-exhibitions\/361-espace-dart-contemporain-6\/"},"author":{"name":"Liselotte","@id":"https:\/\/www.liselotte-andersen.net\/#\/schema\/person\/e6287e36a81c443bc328eaa434927efc"},"headline":"361\u00b0 &#8211; Espace d&rsquo;Art Contemporain (Aix-en-Provence) &#8211; 2018","datePublished":"2018-04-17T17:01:39+00:00","dateModified":"2026-01-26T20:31:01+00:00","mainEntityOfPage":{"@id":"https:\/\/www.liselotte-andersen.net\/en\/ephemeral-exhibitions\/361-espace-dart-contemporain-6\/"},"wordCount":96,"publisher":{"@id":"https:\/\/www.liselotte-andersen.net\/#\/schema\/person\/e6287e36a81c443bc328eaa434927efc"},"image":{"@id":"https:\/\/www.liselotte-andersen.net\/en\/ephemeral-exhibitions\/361-espace-dart-contemporain-6\/#primaryimage"},"thumbnailUrl":"https:\/\/www.liselotte-andersen.net\/wp-content\/uploads\/2018\/04\/Flyer-NBesnainou-LHeurtebise-CRegord-LAndersen.jpg","articleSection":["Expositions \u00e9ph\u00e9m\u00e8res"],"inLanguage":"it-IT"},{"@type":"WebPage","@id":"https:\/\/www.liselotte-andersen.net\/en\/ephemeral-exhibitions\/361-espace-dart-contemporain-6\/","url":"https:\/\/www.liselotte-andersen.net\/en\/ephemeral-exhibitions\/361-espace-dart-contemporain-6\/","name":"361\u00b0 - Espace d'Art Contemporain (Aix-en-Provence) - 2018 - Liselotte Andersen","isPartOf":{"@id":"https:\/\/www.liselotte-andersen.net\/#website"},"primaryImageOfPage":{"@id":"https:\/\/www.liselotte-andersen.net\/en\/ephemeral-exhibitions\/361-espace-dart-contemporain-6\/#primaryimage"},"image":{"@id":"https:\/\/www.liselotte-andersen.net\/en\/ephemeral-exhibitions\/361-espace-dart-contemporain-6\/#primaryimage"},"thumbnailUrl":"https:\/\/www.liselotte-andersen.net\/wp-content\/uploads\/2018\/04\/Flyer-NBesnainou-LHeurtebise-CRegord-LAndersen.jpg","datePublished":"2018-04-17T17:01:39+00:00","dateModified":"2026-01-26T20:31:01+00:00","breadcrumb":{"@id":"https:\/\/www.liselotte-andersen.net\/en\/ephemeral-exhibitions\/361-espace-dart-contemporain-6\/#breadcrumb"},"inLanguage":"it-IT","potentialAction":[{"@type":"ReadAction","target":["https:\/\/www.liselotte-andersen.net\/en\/ephemeral-exhibitions\/361-espace-dart-contemporain-6\/"]}]},{"@type":"ImageObject","inLanguage":"it-IT","@id":"https:\/\/www.liselotte-andersen.net\/en\/ephemeral-exhibitions\/361-espace-dart-contemporain-6\/#primaryimage","url":"https:\/\/www.liselotte-andersen.net\/wp-content\/uploads\/2018\/04\/Flyer-NBesnainou-LHeurtebise-CRegord-LAndersen.jpg","contentUrl":"https:\/\/www.liselotte-andersen.net\/wp-content\/uploads\/2018\/04\/Flyer-NBesnainou-LHeurtebise-CRegord-LAndersen.jpg","width":600,"height":600},{"@type":"BreadcrumbList","@id":"https:\/\/www.liselotte-andersen.net\/en\/ephemeral-exhibitions\/361-espace-dart-contemporain-6\/#breadcrumb","itemListElement":[{"@type":"ListItem","position":1,"name":"Accueil","item":"https:\/\/www.liselotte-andersen.net\/"},{"@type":"ListItem","position":2,"name":"361\u00b0 &#8211; Espace d&rsquo;Art Contemporain (Aix-en-Provence) &#8211; 2018"}]},{"@type":"WebSite","@id":"https:\/\/www.liselotte-andersen.net\/#website","url":"https:\/\/www.liselotte-andersen.net\/","name":"Liselotte Andersen","description":"Scultrice","publisher":{"@id":"https:\/\/www.liselotte-andersen.net\/#\/schema\/person\/e6287e36a81c443bc328eaa434927efc"},"potentialAction":[{"@type":"SearchAction","target":{"@type":"EntryPoint","urlTemplate":"https:\/\/www.liselotte-andersen.net\/?s={search_term_string}"},"query-input":{"@type":"PropertyValueSpecification","valueRequired":true,"valueName":"search_term_string"}}],"inLanguage":"it-IT"},{"@type":["Person","Organization"],"@id":"https:\/\/www.liselotte-andersen.net\/#\/schema\/person\/e6287e36a81c443bc328eaa434927efc","name":"Liselotte","image":{"@type":"ImageObject","inLanguage":"it-IT","@id":"https:\/\/www.liselotte-andersen.net\/wp-content\/uploads\/2025\/07\/Logo-bronze-LA-BR-e1751834958356.png","url":"https:\/\/www.liselotte-andersen.net\/wp-content\/uploads\/2025\/07\/Logo-bronze-LA-BR-e1751834958356.png","contentUrl":"https:\/\/www.liselotte-andersen.net\/wp-content\/uploads\/2025\/07\/Logo-bronze-LA-BR-e1751834958356.png","width":754,"height":744,"caption":"Liselotte"},"logo":{"@id":"https:\/\/www.liselotte-andersen.net\/wp-content\/uploads\/2025\/07\/Logo-bronze-LA-BR-e1751834958356.png"},"sameAs":["http:\/\/www.liselotte-andersen.net"]}]}},"_links":{"self":[{"href":"https:\/\/www.liselotte-andersen.net\/it\/wp-json\/wp\/v2\/posts\/1416","targetHints":{"allow":["GET"]}}],"collection":[{"href":"https:\/\/www.liselotte-andersen.net\/it\/wp-json\/wp\/v2\/posts"}],"about":[{"href":"https:\/\/www.liselotte-andersen.net\/it\/wp-json\/wp\/v2\/types\/post"}],"author":[{"embeddable":true,"href":"https:\/\/www.liselotte-andersen.net\/it\/wp-json\/wp\/v2\/users\/3"}],"replies":[{"embeddable":true,"href":"https:\/\/www.liselotte-andersen.net\/it\/wp-json\/wp\/v2\/comments?post=1416"}],"version-history":[{"count":0,"href":"https:\/\/www.liselotte-andersen.net\/it\/wp-json\/wp\/v2\/posts\/1416\/revisions"}],"wp:featuredmedia":[{"embeddable":true,"href":"https:\/\/www.liselotte-andersen.net\/it\/wp-json\/wp\/v2\/media\/1417"}],"wp:attachment":[{"href":"https:\/\/www.liselotte-andersen.net\/it\/wp-json\/wp\/v2\/media?parent=1416"}],"wp:term":[{"taxonomy":"category","embeddable":true,"href":"https:\/\/www.liselotte-andersen.net\/it\/wp-json\/wp\/v2\/categories?post=1416"},{"taxonomy":"post_tag","embeddable":true,"href":"https:\/\/www.liselotte-andersen.net\/it\/wp-json\/wp\/v2\/tags?post=1416"}],"curies":[{"name":"wp","href":"https:\/\/api.w.org\/{rel}","templated":true}]}}