{"id":11100,"date":"2022-03-12T16:07:06","date_gmt":"2022-03-12T15:07:06","guid":{"rendered":"https:\/\/www.liselotte-andersen.net\/?p=11100"},"modified":"2026-01-26T21:29:10","modified_gmt":"2026-01-26T20:29:10","slug":"11-24-03-2022-galerie-les-amis-des-arts-aix-en-provence-france","status":"publish","type":"post","link":"https:\/\/www.liselotte-andersen.net\/it\/expositions-ephemeres\/11-24-03-2022-galerie-les-amis-des-arts-aix-en-provence-france\/","title":{"rendered":"11 &gt; 24\/03\/2022 \u2013 Galerie Les Amis des Arts (Aix-en-Provence \u2013 Francia)"},"content":{"rendered":"<div class=\"gmail_default\"><span style=\"color: #000000; font-size: large;\"><b><img loading=\"lazy\" decoding=\"async\" class=\"alignnone size-full wp-image-11108\" src=\"https:\/\/www.liselotte-andersen.net\/wp-content\/uploads\/2022\/03\/Gal-Les-amis-des-Arts-2.jpg\" alt=\"\" width=\"800\" height=\"600\" srcset=\"https:\/\/www.liselotte-andersen.net\/wp-content\/uploads\/2022\/03\/Gal-Les-amis-des-Arts-2.jpg 800w, https:\/\/www.liselotte-andersen.net\/wp-content\/uploads\/2022\/03\/Gal-Les-amis-des-Arts-2-300x225.jpg 300w, https:\/\/www.liselotte-andersen.net\/wp-content\/uploads\/2022\/03\/Gal-Les-amis-des-Arts-2-768x576.jpg 768w, https:\/\/www.liselotte-andersen.net\/wp-content\/uploads\/2022\/03\/Gal-Les-amis-des-Arts-2-558x419.jpg 558w, https:\/\/www.liselotte-andersen.net\/wp-content\/uploads\/2022\/03\/Gal-Les-amis-des-Arts-2-700x525.jpg 700w\" sizes=\"auto, (max-width: 800px) 100vw, 800px\" \/>Galerie Les Amis des Arts<\/b><\/span><\/div>\n<div class=\"gmail_default\">\n<div class=\"gmail_default\"><span style=\"color: #000000;\">Liselotte Andersen, Sculptrice bronze &amp; V\u00e9ronique G\u00e9rard, Photographe plasticienne<\/span><\/div>\n<div class=\"gmail_default\"><\/div>\n<\/div>\n<div class=\"gmail_default\"><span style=\"color: #000000;\">Du 11 au 24 mars 2022<\/span><\/div>\n<div class=\"gmail_default\"><span style=\"color: #000000;\">26 cours Mirabeau, Aix-en-Provence<\/span><\/div>\n<div class=\"gmail_default\"><span style=\"color: #000000;\">Entr\u00e9e libre, tous les jours de 10h \u00e0 19h<\/span><\/div>\n<div class=\"gmail_default\"><span style=\"color: #000000;\">\u00a0<\/span><\/div>\n<div class=\"gmail_default\"><span id=\"m_-526792529829746325gmail-m_-5330994385543240148gmail-docs-internal-guid-f60e347d-7fff-5869-dfa1-7c6613047239\">Liselotte Andersen s&rsquo;inspire de la question du vivre ensemble dans le respect de l\u2019autre. Les lignes \u00e9pur\u00e9es de ses sculptures construisent un mouvement o\u00f9 le plein et le creux s\u2019harmonisent. Explorant les attitudes et les interactions humaines, l&rsquo;artiste questionne la notion de dualit\u00e9 et de compl\u00e9mentarit\u00e9. La sculpture est pour elle un \u201cchemin formidable vers soi et vers l\u2019autre\u201d. <\/span><\/div>\n<div class=\"gmail_default\"><\/div>\n<div class=\"gmail_default\">V\u00e9ronique G\u00e9rard est inspir\u00e9e par les arbres, elle sillonne le massif des Maures vers la conqu\u00eate a\u00e9rienne de la v\u00e9g\u00e9tation. Elle r\u00e9alise ainsi des images miroir, tel que Rorschach l&rsquo;exp\u00e9rimentait en peinture, et la magie de la fusion lui offre une nature cosmique. Les arbres sortis de leur contexte terrestre symbolisent les poumons de la terre, leur part active dans l&rsquo;univers, leur contribution \u00e0 l&rsquo;\u00e9quilibre du grand tout.<\/div>","protected":false},"excerpt":{"rendered":"<p>Galerie Les Amis des Arts Liselotte Andersen, Scultrice in bronzo &amp; V\u00e9ronique G\u00e9rard, Fotografa plasticista Dal 11 al 24 marzo 2022 26 cours Mirabeau, Aix-en-Provence Ingresso libero, tutti i giorni dalle 10:00 alle 19:00 Liselotte Andersen trae ispirazione dal tema del vivere insieme nel rispetto dell'altro. Le linee pulite delle sue sculture costruiscono...<\/p>","protected":false},"author":3,"featured_media":11103,"comment_status":"closed","ping_status":"open","sticky":false,"template":"","format":"standard","meta":{"_acf_changed":false,"footnotes":""},"categories":[5],"tags":[],"class_list":["post-11100","post","type-post","status-publish","format-standard","has-post-thumbnail","hentry","category-expositions-ephemeres"],"acf":[],"yoast_head":"<!-- This site is optimized with the Yoast SEO plugin v28.4 - https:\/\/yoast.com\/product\/yoast-seo-wordpress\/ -->\n<title>11 &gt; 24\/03\/2022 - Galerie Les AMis des Arts (Aix-en-Provence - France) - Liselotte Andersen<\/title>\n<meta name=\"robots\" content=\"index, follow, max-snippet:-1, max-image-preview:large, max-video-preview:-1\" \/>\n<link rel=\"canonical\" href=\"https:\/\/www.liselotte-andersen.net\/it\/mostre-temporanee\/11-24-03-2022-galerie-les-amis-des-arts-aix-en-provence-france\/\" \/>\n<meta property=\"og:locale\" content=\"it_IT\" \/>\n<meta property=\"og:type\" content=\"article\" \/>\n<meta property=\"og:title\" content=\"11 &gt; 24\/03\/2022 - Galerie Les AMis des Arts (Aix-en-Provence - France) - Liselotte Andersen\" \/>\n<meta property=\"og:description\" content=\"Galerie Les Amis des Arts Liselotte Andersen, Sculptrice bronze &amp; V\u00e9ronique G\u00e9rard, Photographe plasticienne Du 11 au 24 mars 2022 26 cours Mirabeau, Aix-en-Provence Entr\u00e9e libre, tous les jours de 10h \u00e0 19h \u00a0 Liselotte Andersen s&rsquo;inspire de la question du vivre ensemble dans le respect de l\u2019autre. Les lignes \u00e9pur\u00e9es de ses sculptures construisent&hellip;\" \/>\n<meta property=\"og:url\" content=\"https:\/\/www.liselotte-andersen.net\/it\/mostre-temporanee\/11-24-03-2022-galerie-les-amis-des-arts-aix-en-provence-france\/\" \/>\n<meta property=\"og:site_name\" content=\"Liselotte Andersen\" \/>\n<meta property=\"article:published_time\" content=\"2022-03-12T15:07:06+00:00\" \/>\n<meta property=\"article:modified_time\" content=\"2026-01-26T20:29:10+00:00\" \/>\n<meta property=\"og:image\" content=\"https:\/\/www.liselotte-andersen.net\/wp-content\/uploads\/2022\/03\/Affiche-Galerie-Les-Amis-des-Arts-V3.jpg\" \/>\n\t<meta property=\"og:image:width\" content=\"800\" \/>\n\t<meta property=\"og:image:height\" content=\"1200\" \/>\n\t<meta property=\"og:image:type\" content=\"image\/jpeg\" \/>\n<meta name=\"author\" content=\"Liselotte\" \/>\n<meta name=\"twitter:card\" content=\"summary_large_image\" \/>\n<meta name=\"twitter:label1\" content=\"Scritto da\" \/>\n\t<meta name=\"twitter:data1\" content=\"Liselotte\" \/>\n\t<meta name=\"twitter:label2\" content=\"Tempo di lettura stimato\" \/>\n\t<meta name=\"twitter:data2\" content=\"1 minuto\" \/>\n<script type=\"application\/ld+json\" class=\"yoast-schema-graph\">{\"@context\":\"https:\\\/\\\/schema.org\",\"@graph\":[{\"@type\":\"Article\",\"@id\":\"https:\\\/\\\/www.liselotte-andersen.net\\\/en\\\/ephemeral-exhibitions\\\/11-24-03-2022-galerie-les-amis-des-arts-aix-en-provence-france\\\/#article\",\"isPartOf\":{\"@id\":\"https:\\\/\\\/www.liselotte-andersen.net\\\/en\\\/ephemeral-exhibitions\\\/11-24-03-2022-galerie-les-amis-des-arts-aix-en-provence-france\\\/\"},\"author\":{\"name\":\"Liselotte\",\"@id\":\"https:\\\/\\\/www.liselotte-andersen.net\\\/#\\\/schema\\\/person\\\/e6287e36a81c443bc328eaa434927efc\"},\"headline\":\"11 > 24\\\/03\\\/2022 &#8211; Galerie Les AMis des Arts (Aix-en-Provence &#8211; France)\",\"datePublished\":\"2022-03-12T15:07:06+00:00\",\"dateModified\":\"2026-01-26T20:29:10+00:00\",\"mainEntityOfPage\":{\"@id\":\"https:\\\/\\\/www.liselotte-andersen.net\\\/en\\\/ephemeral-exhibitions\\\/11-24-03-2022-galerie-les-amis-des-arts-aix-en-provence-france\\\/\"},\"wordCount\":185,\"publisher\":{\"@id\":\"https:\\\/\\\/www.liselotte-andersen.net\\\/#\\\/schema\\\/person\\\/e6287e36a81c443bc328eaa434927efc\"},\"image\":{\"@id\":\"https:\\\/\\\/www.liselotte-andersen.net\\\/en\\\/ephemeral-exhibitions\\\/11-24-03-2022-galerie-les-amis-des-arts-aix-en-provence-france\\\/#primaryimage\"},\"thumbnailUrl\":\"https:\\\/\\\/www.liselotte-andersen.net\\\/wp-content\\\/uploads\\\/2022\\\/03\\\/Affiche-Galerie-Les-Amis-des-Arts-V3.jpg\",\"articleSection\":[\"Expositions \u00e9ph\u00e9m\u00e8res\"],\"inLanguage\":\"it-IT\"},{\"@type\":\"WebPage\",\"@id\":\"https:\\\/\\\/www.liselotte-andersen.net\\\/en\\\/ephemeral-exhibitions\\\/11-24-03-2022-galerie-les-amis-des-arts-aix-en-provence-france\\\/\",\"url\":\"https:\\\/\\\/www.liselotte-andersen.net\\\/en\\\/ephemeral-exhibitions\\\/11-24-03-2022-galerie-les-amis-des-arts-aix-en-provence-france\\\/\",\"name\":\"11 > 24\\\/03\\\/2022 - Galerie Les AMis des Arts (Aix-en-Provence - France) - Liselotte Andersen\",\"isPartOf\":{\"@id\":\"https:\\\/\\\/www.liselotte-andersen.net\\\/#website\"},\"primaryImageOfPage\":{\"@id\":\"https:\\\/\\\/www.liselotte-andersen.net\\\/en\\\/ephemeral-exhibitions\\\/11-24-03-2022-galerie-les-amis-des-arts-aix-en-provence-france\\\/#primaryimage\"},\"image\":{\"@id\":\"https:\\\/\\\/www.liselotte-andersen.net\\\/en\\\/ephemeral-exhibitions\\\/11-24-03-2022-galerie-les-amis-des-arts-aix-en-provence-france\\\/#primaryimage\"},\"thumbnailUrl\":\"https:\\\/\\\/www.liselotte-andersen.net\\\/wp-content\\\/uploads\\\/2022\\\/03\\\/Affiche-Galerie-Les-Amis-des-Arts-V3.jpg\",\"datePublished\":\"2022-03-12T15:07:06+00:00\",\"dateModified\":\"2026-01-26T20:29:10+00:00\",\"breadcrumb\":{\"@id\":\"https:\\\/\\\/www.liselotte-andersen.net\\\/en\\\/ephemeral-exhibitions\\\/11-24-03-2022-galerie-les-amis-des-arts-aix-en-provence-france\\\/#breadcrumb\"},\"inLanguage\":\"it-IT\",\"potentialAction\":[{\"@type\":\"ReadAction\",\"target\":[\"https:\\\/\\\/www.liselotte-andersen.net\\\/en\\\/ephemeral-exhibitions\\\/11-24-03-2022-galerie-les-amis-des-arts-aix-en-provence-france\\\/\"]}]},{\"@type\":\"ImageObject\",\"inLanguage\":\"it-IT\",\"@id\":\"https:\\\/\\\/www.liselotte-andersen.net\\\/en\\\/ephemeral-exhibitions\\\/11-24-03-2022-galerie-les-amis-des-arts-aix-en-provence-france\\\/#primaryimage\",\"url\":\"https:\\\/\\\/www.liselotte-andersen.net\\\/wp-content\\\/uploads\\\/2022\\\/03\\\/Affiche-Galerie-Les-Amis-des-Arts-V3.jpg\",\"contentUrl\":\"https:\\\/\\\/www.liselotte-andersen.net\\\/wp-content\\\/uploads\\\/2022\\\/03\\\/Affiche-Galerie-Les-Amis-des-Arts-V3.jpg\",\"width\":800,\"height\":1200},{\"@type\":\"BreadcrumbList\",\"@id\":\"https:\\\/\\\/www.liselotte-andersen.net\\\/en\\\/ephemeral-exhibitions\\\/11-24-03-2022-galerie-les-amis-des-arts-aix-en-provence-france\\\/#breadcrumb\",\"itemListElement\":[{\"@type\":\"ListItem\",\"position\":1,\"name\":\"Accueil\",\"item\":\"https:\\\/\\\/www.liselotte-andersen.net\\\/\"},{\"@type\":\"ListItem\",\"position\":2,\"name\":\"11 > 24\\\/03\\\/2022 &#8211; Galerie Les AMis des Arts (Aix-en-Provence &#8211; France)\"}]},{\"@type\":\"WebSite\",\"@id\":\"https:\\\/\\\/www.liselotte-andersen.net\\\/#website\",\"url\":\"https:\\\/\\\/www.liselotte-andersen.net\\\/\",\"name\":\"Liselotte Andersen\",\"description\":\"Sculptrice\",\"publisher\":{\"@id\":\"https:\\\/\\\/www.liselotte-andersen.net\\\/#\\\/schema\\\/person\\\/e6287e36a81c443bc328eaa434927efc\"},\"potentialAction\":[{\"@type\":\"SearchAction\",\"target\":{\"@type\":\"EntryPoint\",\"urlTemplate\":\"https:\\\/\\\/www.liselotte-andersen.net\\\/?s={search_term_string}\"},\"query-input\":{\"@type\":\"PropertyValueSpecification\",\"valueRequired\":true,\"valueName\":\"search_term_string\"}}],\"inLanguage\":\"it-IT\"},{\"@type\":[\"Person\",\"Organization\"],\"@id\":\"https:\\\/\\\/www.liselotte-andersen.net\\\/#\\\/schema\\\/person\\\/e6287e36a81c443bc328eaa434927efc\",\"name\":\"Liselotte\",\"image\":{\"@type\":\"ImageObject\",\"inLanguage\":\"it-IT\",\"@id\":\"https:\\\/\\\/www.liselotte-andersen.net\\\/wp-content\\\/uploads\\\/2025\\\/07\\\/Logo-bronze-LA-BR-e1751834958356.png\",\"url\":\"https:\\\/\\\/www.liselotte-andersen.net\\\/wp-content\\\/uploads\\\/2025\\\/07\\\/Logo-bronze-LA-BR-e1751834958356.png\",\"contentUrl\":\"https:\\\/\\\/www.liselotte-andersen.net\\\/wp-content\\\/uploads\\\/2025\\\/07\\\/Logo-bronze-LA-BR-e1751834958356.png\",\"width\":754,\"height\":744,\"caption\":\"Liselotte\"},\"logo\":{\"@id\":\"https:\\\/\\\/www.liselotte-andersen.net\\\/wp-content\\\/uploads\\\/2025\\\/07\\\/Logo-bronze-LA-BR-e1751834958356.png\"},\"sameAs\":[\"http:\\\/\\\/www.liselotte-andersen.net\"]}]}<\/script>\n<!-- \/ Yoast SEO plugin. -->","yoast_head_json":{"title":"11 > 24\/03\/2022 - Galerie Les AMis des Arts (Aix-en-Provence - France) - Liselotte Andersen","robots":{"index":"index","follow":"follow","max-snippet":"max-snippet:-1","max-image-preview":"max-image-preview:large","max-video-preview":"max-video-preview:-1"},"canonical":"https:\/\/www.liselotte-andersen.net\/it\/mostre-temporanee\/11-24-03-2022-galerie-les-amis-des-arts-aix-en-provence-france\/","og_locale":"it_IT","og_type":"article","og_title":"11 > 24\/03\/2022 - Galerie Les AMis des Arts (Aix-en-Provence - France) - Liselotte Andersen","og_description":"Galerie Les Amis des Arts Liselotte Andersen, Sculptrice bronze &amp; V\u00e9ronique G\u00e9rard, Photographe plasticienne Du 11 au 24 mars 2022 26 cours Mirabeau, Aix-en-Provence Entr\u00e9e libre, tous les jours de 10h \u00e0 19h \u00a0 Liselotte Andersen s&rsquo;inspire de la question du vivre ensemble dans le respect de l\u2019autre. Les lignes \u00e9pur\u00e9es de ses sculptures construisent&hellip;","og_url":"https:\/\/www.liselotte-andersen.net\/it\/mostre-temporanee\/11-24-03-2022-galerie-les-amis-des-arts-aix-en-provence-france\/","og_site_name":"Liselotte Andersen","article_published_time":"2022-03-12T15:07:06+00:00","article_modified_time":"2026-01-26T20:29:10+00:00","og_image":[{"width":800,"height":1200,"url":"https:\/\/www.liselotte-andersen.net\/wp-content\/uploads\/2022\/03\/Affiche-Galerie-Les-Amis-des-Arts-V3.jpg","type":"image\/jpeg"}],"author":"Liselotte","twitter_card":"summary_large_image","twitter_misc":{"Scritto da":"Liselotte","Tempo di lettura stimato":"1 minuto"},"schema":{"@context":"https:\/\/schema.org","@graph":[{"@type":"Article","@id":"https:\/\/www.liselotte-andersen.net\/en\/ephemeral-exhibitions\/11-24-03-2022-galerie-les-amis-des-arts-aix-en-provence-france\/#article","isPartOf":{"@id":"https:\/\/www.liselotte-andersen.net\/en\/ephemeral-exhibitions\/11-24-03-2022-galerie-les-amis-des-arts-aix-en-provence-france\/"},"author":{"name":"Liselotte","@id":"https:\/\/www.liselotte-andersen.net\/#\/schema\/person\/e6287e36a81c443bc328eaa434927efc"},"headline":"11 > 24\/03\/2022 &#8211; Galerie Les AMis des Arts (Aix-en-Provence &#8211; France)","datePublished":"2022-03-12T15:07:06+00:00","dateModified":"2026-01-26T20:29:10+00:00","mainEntityOfPage":{"@id":"https:\/\/www.liselotte-andersen.net\/en\/ephemeral-exhibitions\/11-24-03-2022-galerie-les-amis-des-arts-aix-en-provence-france\/"},"wordCount":185,"publisher":{"@id":"https:\/\/www.liselotte-andersen.net\/#\/schema\/person\/e6287e36a81c443bc328eaa434927efc"},"image":{"@id":"https:\/\/www.liselotte-andersen.net\/en\/ephemeral-exhibitions\/11-24-03-2022-galerie-les-amis-des-arts-aix-en-provence-france\/#primaryimage"},"thumbnailUrl":"https:\/\/www.liselotte-andersen.net\/wp-content\/uploads\/2022\/03\/Affiche-Galerie-Les-Amis-des-Arts-V3.jpg","articleSection":["Expositions \u00e9ph\u00e9m\u00e8res"],"inLanguage":"it-IT"},{"@type":"WebPage","@id":"https:\/\/www.liselotte-andersen.net\/en\/ephemeral-exhibitions\/11-24-03-2022-galerie-les-amis-des-arts-aix-en-provence-france\/","url":"https:\/\/www.liselotte-andersen.net\/en\/ephemeral-exhibitions\/11-24-03-2022-galerie-les-amis-des-arts-aix-en-provence-france\/","name":"11 > 24\/03\/2022 - Galerie Les AMis des Arts (Aix-en-Provence - France) - Liselotte Andersen","isPartOf":{"@id":"https:\/\/www.liselotte-andersen.net\/#website"},"primaryImageOfPage":{"@id":"https:\/\/www.liselotte-andersen.net\/en\/ephemeral-exhibitions\/11-24-03-2022-galerie-les-amis-des-arts-aix-en-provence-france\/#primaryimage"},"image":{"@id":"https:\/\/www.liselotte-andersen.net\/en\/ephemeral-exhibitions\/11-24-03-2022-galerie-les-amis-des-arts-aix-en-provence-france\/#primaryimage"},"thumbnailUrl":"https:\/\/www.liselotte-andersen.net\/wp-content\/uploads\/2022\/03\/Affiche-Galerie-Les-Amis-des-Arts-V3.jpg","datePublished":"2022-03-12T15:07:06+00:00","dateModified":"2026-01-26T20:29:10+00:00","breadcrumb":{"@id":"https:\/\/www.liselotte-andersen.net\/en\/ephemeral-exhibitions\/11-24-03-2022-galerie-les-amis-des-arts-aix-en-provence-france\/#breadcrumb"},"inLanguage":"it-IT","potentialAction":[{"@type":"ReadAction","target":["https:\/\/www.liselotte-andersen.net\/en\/ephemeral-exhibitions\/11-24-03-2022-galerie-les-amis-des-arts-aix-en-provence-france\/"]}]},{"@type":"ImageObject","inLanguage":"it-IT","@id":"https:\/\/www.liselotte-andersen.net\/en\/ephemeral-exhibitions\/11-24-03-2022-galerie-les-amis-des-arts-aix-en-provence-france\/#primaryimage","url":"https:\/\/www.liselotte-andersen.net\/wp-content\/uploads\/2022\/03\/Affiche-Galerie-Les-Amis-des-Arts-V3.jpg","contentUrl":"https:\/\/www.liselotte-andersen.net\/wp-content\/uploads\/2022\/03\/Affiche-Galerie-Les-Amis-des-Arts-V3.jpg","width":800,"height":1200},{"@type":"BreadcrumbList","@id":"https:\/\/www.liselotte-andersen.net\/en\/ephemeral-exhibitions\/11-24-03-2022-galerie-les-amis-des-arts-aix-en-provence-france\/#breadcrumb","itemListElement":[{"@type":"ListItem","position":1,"name":"Accueil","item":"https:\/\/www.liselotte-andersen.net\/"},{"@type":"ListItem","position":2,"name":"11 > 24\/03\/2022 &#8211; Galerie Les AMis des Arts (Aix-en-Provence &#8211; France)"}]},{"@type":"WebSite","@id":"https:\/\/www.liselotte-andersen.net\/#website","url":"https:\/\/www.liselotte-andersen.net\/","name":"Liselotte Andersen","description":"Scultrice","publisher":{"@id":"https:\/\/www.liselotte-andersen.net\/#\/schema\/person\/e6287e36a81c443bc328eaa434927efc"},"potentialAction":[{"@type":"SearchAction","target":{"@type":"EntryPoint","urlTemplate":"https:\/\/www.liselotte-andersen.net\/?s={search_term_string}"},"query-input":{"@type":"PropertyValueSpecification","valueRequired":true,"valueName":"search_term_string"}}],"inLanguage":"it-IT"},{"@type":["Person","Organization"],"@id":"https:\/\/www.liselotte-andersen.net\/#\/schema\/person\/e6287e36a81c443bc328eaa434927efc","name":"Liselotte","image":{"@type":"ImageObject","inLanguage":"it-IT","@id":"https:\/\/www.liselotte-andersen.net\/wp-content\/uploads\/2025\/07\/Logo-bronze-LA-BR-e1751834958356.png","url":"https:\/\/www.liselotte-andersen.net\/wp-content\/uploads\/2025\/07\/Logo-bronze-LA-BR-e1751834958356.png","contentUrl":"https:\/\/www.liselotte-andersen.net\/wp-content\/uploads\/2025\/07\/Logo-bronze-LA-BR-e1751834958356.png","width":754,"height":744,"caption":"Liselotte"},"logo":{"@id":"https:\/\/www.liselotte-andersen.net\/wp-content\/uploads\/2025\/07\/Logo-bronze-LA-BR-e1751834958356.png"},"sameAs":["http:\/\/www.liselotte-andersen.net"]}]}},"_links":{"self":[{"href":"https:\/\/www.liselotte-andersen.net\/it\/wp-json\/wp\/v2\/posts\/11100","targetHints":{"allow":["GET"]}}],"collection":[{"href":"https:\/\/www.liselotte-andersen.net\/it\/wp-json\/wp\/v2\/posts"}],"about":[{"href":"https:\/\/www.liselotte-andersen.net\/it\/wp-json\/wp\/v2\/types\/post"}],"author":[{"embeddable":true,"href":"https:\/\/www.liselotte-andersen.net\/it\/wp-json\/wp\/v2\/users\/3"}],"replies":[{"embeddable":true,"href":"https:\/\/www.liselotte-andersen.net\/it\/wp-json\/wp\/v2\/comments?post=11100"}],"version-history":[{"count":0,"href":"https:\/\/www.liselotte-andersen.net\/it\/wp-json\/wp\/v2\/posts\/11100\/revisions"}],"wp:featuredmedia":[{"embeddable":true,"href":"https:\/\/www.liselotte-andersen.net\/it\/wp-json\/wp\/v2\/media\/11103"}],"wp:attachment":[{"href":"https:\/\/www.liselotte-andersen.net\/it\/wp-json\/wp\/v2\/media?parent=11100"}],"wp:term":[{"taxonomy":"category","embeddable":true,"href":"https:\/\/www.liselotte-andersen.net\/it\/wp-json\/wp\/v2\/categories?post=11100"},{"taxonomy":"post_tag","embeddable":true,"href":"https:\/\/www.liselotte-andersen.net\/it\/wp-json\/wp\/v2\/tags?post=11100"}],"curies":[{"name":"wp","href":"https:\/\/api.w.org\/{rel}","templated":true}]}}