{"id":10161,"date":"2022-01-12T17:13:18","date_gmt":"2022-01-12T16:13:18","guid":{"rendered":"https:\/\/www.liselotte-andersen.net\/?p=10161"},"modified":"2026-01-26T21:29:10","modified_gmt":"2026-01-26T20:29:10","slug":"1620-02-2022-grand-palais-ephemere-paris-france","status":"publish","type":"post","link":"https:\/\/www.liselotte-andersen.net\/it\/expositions-ephemeres\/1620-02-2022-grand-palais-ephemere-paris-france\/","title":{"rendered":"16&gt;20\/02\/2022 \u2013 Grand Palais Eph\u00e9m\u00e8re (Parigi \u2013 Francia)"},"content":{"rendered":"<p>Tr\u00e8s heureuse d&rsquo;avoir \u00e9t\u00e9 retenue parmi la s\u00e9lection des artistes qui exposeront dans le cadre d&rsquo;ART CAPITAL 2022 avec ma sculpture \u00ab\u00a0Over the Moon\u00a0\u00bb (Bronze &#8211; 190 cm).<\/p>\n<hr \/>\n<p class=\"mb-3 text-l font-light\"><img loading=\"lazy\" decoding=\"async\" class=\"alignnone size-full wp-image-10164\" src=\"https:\/\/www.liselotte-andersen.net\/wp-content\/uploads\/2022\/01\/Visuel-Grand-palais.jpg\" alt=\"\" width=\"800\" height=\"800\" srcset=\"https:\/\/www.liselotte-andersen.net\/wp-content\/uploads\/2022\/01\/Visuel-Grand-palais.jpg 800w, https:\/\/www.liselotte-andersen.net\/wp-content\/uploads\/2022\/01\/Visuel-Grand-palais-300x300.jpg 300w, https:\/\/www.liselotte-andersen.net\/wp-content\/uploads\/2022\/01\/Visuel-Grand-palais-150x150.jpg 150w, https:\/\/www.liselotte-andersen.net\/wp-content\/uploads\/2022\/01\/Visuel-Grand-palais-768x768.jpg 768w, https:\/\/www.liselotte-andersen.net\/wp-content\/uploads\/2022\/01\/Visuel-Grand-palais-468x468.jpg 468w, https:\/\/www.liselotte-andersen.net\/wp-content\/uploads\/2022\/01\/Visuel-Grand-palais-558x558.jpg 558w, https:\/\/www.liselotte-andersen.net\/wp-content\/uploads\/2022\/01\/Visuel-Grand-palais-700x700.jpg 700w, https:\/\/www.liselotte-andersen.net\/wp-content\/uploads\/2022\/01\/Visuel-Grand-palais-120x120.jpg 120w\" sizes=\"auto, (max-width: 800px) 100vw, 800px\" \/><\/p>\n<hr \/>\n<p class=\"mb-3 font-light\">Libre, tol\u00e9rant, solidaire, didactique, dynamique, ouvert, cet \u00e9v\u00e9nement unique en son genre offre une vitrine exceptionnelle et la plus compl\u00e8te possible de la production artistique d&rsquo;aujourd&rsquo;hui. <span class=\"font-bold\">4 Salons embl\u00e9matiques<\/span>\u00a0proposent aux visiteurs qu&rsquo;ils soient acteurs du monde de l&rsquo;art, galeristes, collectionneurs, professionnels ou grand public un parcours dans l&rsquo;art d&rsquo;aujourd&rsquo;hui, une rencontre avec les Artistes et leurs cr\u00e9ations, une promenade au c\u0153ur m\u00eame de la cr\u00e9ation actuelle.<\/p>\n<p class=\"mb-3 font-light\">2000 Peintres, sculpteurs, graveurs, plasticiens, photographes, architectes, de tous horizons, de toutes tendances, talents confirm\u00e9s comme talent en devenir se retrouvent chaque ann\u00e9e dans la nef du Grand Palais <span class=\"font-bold\">et en 2022 : au Grand Palais \u00c9ph\u00e9m\u00e8re.<\/span><\/p>\n<p>Je serai sur le Salon des Artistes Fran\u00e7ais avec ma sculpture \u00ab\u00a0Over the Moon\u00a0\u00bb (bronze &#8211; 190 cm).<\/p>\n<p><strong>Pour r\u00e9server votre billet et acc\u00e9der \u00e0 toutes les informations pratiques<\/strong> : <a href=\"https:\/\/www.artcapital.fr\/?fbclid=IwAR1Dy-mcVwnVKSJSdzjT5w44z7k-BY25J0VNesGK4kWfBWo1ro9lzkqjxds\">ART CAPITAL<\/a><\/p>","protected":false},"excerpt":{"rendered":"<p>Molto felice di essere stata scelta tra la selezione degli artisti che esporranno nell'ambito di ART CAPITAL 2022 con la mia scultura \u00abOver the Moon\u00bb (Bronzo \u2013 190 cm). Libero, tollerante, solidale, didattico, dinamico, aperto, questo evento unico nel suo genere offre una vetrina eccezionale e la pi\u00f9 completa possibile della produzione artistica odierna. 4\u2026<\/p>","protected":false},"author":3,"featured_media":10162,"comment_status":"closed","ping_status":"open","sticky":false,"template":"","format":"standard","meta":{"_acf_changed":false,"footnotes":""},"categories":[5],"tags":[],"class_list":["post-10161","post","type-post","status-publish","format-standard","has-post-thumbnail","hentry","category-expositions-ephemeres"],"acf":[],"yoast_head":"<!-- This site is optimized with the Yoast SEO plugin v28.4 - https:\/\/yoast.com\/product\/yoast-seo-wordpress\/ -->\n<title>16&gt;20\/02\/2022 - Grand Palais Eph\u00e9m\u00e8re (Paris - France) - Liselotte Andersen<\/title>\n<meta name=\"robots\" content=\"index, follow, max-snippet:-1, max-image-preview:large, max-video-preview:-1\" \/>\n<link rel=\"canonical\" href=\"https:\/\/www.liselotte-andersen.net\/it\/mostre-temporanee\/1620-02-2022-grand-palais-ephemere-paris-france\/\" \/>\n<meta property=\"og:locale\" content=\"it_IT\" \/>\n<meta property=\"og:type\" content=\"article\" \/>\n<meta property=\"og:title\" content=\"16&gt;20\/02\/2022 - Grand Palais Eph\u00e9m\u00e8re (Paris - France) - Liselotte Andersen\" \/>\n<meta property=\"og:description\" content=\"Tr\u00e8s heureuse d&rsquo;avoir \u00e9t\u00e9 retenue parmi la s\u00e9lection des artistes qui exposeront dans le cadre d&rsquo;ART CAPITAL 2022 avec ma sculpture \u00ab\u00a0Over the Moon\u00a0\u00bb (Bronze &#8211; 190 cm). Libre, tol\u00e9rant, solidaire, didactique, dynamique, ouvert, cet \u00e9v\u00e9nement unique en son genre offre une vitrine exceptionnelle et la plus compl\u00e8te possible de la production artistique d&rsquo;aujourd&rsquo;hui. 4&hellip;\" \/>\n<meta property=\"og:url\" content=\"https:\/\/www.liselotte-andersen.net\/it\/mostre-temporanee\/1620-02-2022-grand-palais-ephemere-paris-france\/\" \/>\n<meta property=\"og:site_name\" content=\"Liselotte Andersen\" \/>\n<meta property=\"article:published_time\" content=\"2022-01-12T16:13:18+00:00\" \/>\n<meta property=\"article:modified_time\" content=\"2026-01-26T20:29:10+00:00\" \/>\n<meta property=\"og:image\" content=\"https:\/\/www.liselotte-andersen.net\/wp-content\/uploads\/2022\/01\/Art-capital.jpg\" \/>\n\t<meta property=\"og:image:width\" content=\"2048\" \/>\n\t<meta property=\"og:image:height\" content=\"1425\" \/>\n\t<meta property=\"og:image:type\" content=\"image\/jpeg\" \/>\n<meta name=\"author\" content=\"Liselotte\" \/>\n<meta name=\"twitter:card\" content=\"summary_large_image\" \/>\n<meta name=\"twitter:label1\" content=\"Scritto da\" \/>\n\t<meta name=\"twitter:data1\" content=\"Liselotte\" \/>\n\t<meta name=\"twitter:label2\" content=\"Tempo di lettura stimato\" \/>\n\t<meta name=\"twitter:data2\" content=\"1 minuto\" \/>\n<script type=\"application\/ld+json\" class=\"yoast-schema-graph\">{\"@context\":\"https:\\\/\\\/schema.org\",\"@graph\":[{\"@type\":\"Article\",\"@id\":\"https:\\\/\\\/www.liselotte-andersen.net\\\/en\\\/ephemeral-exhibitions\\\/1620-02-2022-grand-palais-ephemere-paris-france\\\/#article\",\"isPartOf\":{\"@id\":\"https:\\\/\\\/www.liselotte-andersen.net\\\/en\\\/ephemeral-exhibitions\\\/1620-02-2022-grand-palais-ephemere-paris-france\\\/\"},\"author\":{\"name\":\"Liselotte\",\"@id\":\"https:\\\/\\\/www.liselotte-andersen.net\\\/#\\\/schema\\\/person\\\/e6287e36a81c443bc328eaa434927efc\"},\"headline\":\"16>20\\\/02\\\/2022 &#8211; Grand Palais Eph\u00e9m\u00e8re (Paris &#8211; France)\",\"datePublished\":\"2022-01-12T16:13:18+00:00\",\"dateModified\":\"2026-01-26T20:29:10+00:00\",\"mainEntityOfPage\":{\"@id\":\"https:\\\/\\\/www.liselotte-andersen.net\\\/en\\\/ephemeral-exhibitions\\\/1620-02-2022-grand-palais-ephemere-paris-france\\\/\"},\"wordCount\":190,\"publisher\":{\"@id\":\"https:\\\/\\\/www.liselotte-andersen.net\\\/#\\\/schema\\\/person\\\/e6287e36a81c443bc328eaa434927efc\"},\"image\":{\"@id\":\"https:\\\/\\\/www.liselotte-andersen.net\\\/en\\\/ephemeral-exhibitions\\\/1620-02-2022-grand-palais-ephemere-paris-france\\\/#primaryimage\"},\"thumbnailUrl\":\"https:\\\/\\\/www.liselotte-andersen.net\\\/wp-content\\\/uploads\\\/2022\\\/01\\\/Art-capital.jpg\",\"articleSection\":[\"Expositions \u00e9ph\u00e9m\u00e8res\"],\"inLanguage\":\"it-IT\"},{\"@type\":\"WebPage\",\"@id\":\"https:\\\/\\\/www.liselotte-andersen.net\\\/en\\\/ephemeral-exhibitions\\\/1620-02-2022-grand-palais-ephemere-paris-france\\\/\",\"url\":\"https:\\\/\\\/www.liselotte-andersen.net\\\/en\\\/ephemeral-exhibitions\\\/1620-02-2022-grand-palais-ephemere-paris-france\\\/\",\"name\":\"16>20\\\/02\\\/2022 - Grand Palais Eph\u00e9m\u00e8re (Paris - France) - Liselotte Andersen\",\"isPartOf\":{\"@id\":\"https:\\\/\\\/www.liselotte-andersen.net\\\/#website\"},\"primaryImageOfPage\":{\"@id\":\"https:\\\/\\\/www.liselotte-andersen.net\\\/en\\\/ephemeral-exhibitions\\\/1620-02-2022-grand-palais-ephemere-paris-france\\\/#primaryimage\"},\"image\":{\"@id\":\"https:\\\/\\\/www.liselotte-andersen.net\\\/en\\\/ephemeral-exhibitions\\\/1620-02-2022-grand-palais-ephemere-paris-france\\\/#primaryimage\"},\"thumbnailUrl\":\"https:\\\/\\\/www.liselotte-andersen.net\\\/wp-content\\\/uploads\\\/2022\\\/01\\\/Art-capital.jpg\",\"datePublished\":\"2022-01-12T16:13:18+00:00\",\"dateModified\":\"2026-01-26T20:29:10+00:00\",\"breadcrumb\":{\"@id\":\"https:\\\/\\\/www.liselotte-andersen.net\\\/en\\\/ephemeral-exhibitions\\\/1620-02-2022-grand-palais-ephemere-paris-france\\\/#breadcrumb\"},\"inLanguage\":\"it-IT\",\"potentialAction\":[{\"@type\":\"ReadAction\",\"target\":[\"https:\\\/\\\/www.liselotte-andersen.net\\\/en\\\/ephemeral-exhibitions\\\/1620-02-2022-grand-palais-ephemere-paris-france\\\/\"]}]},{\"@type\":\"ImageObject\",\"inLanguage\":\"it-IT\",\"@id\":\"https:\\\/\\\/www.liselotte-andersen.net\\\/en\\\/ephemeral-exhibitions\\\/1620-02-2022-grand-palais-ephemere-paris-france\\\/#primaryimage\",\"url\":\"https:\\\/\\\/www.liselotte-andersen.net\\\/wp-content\\\/uploads\\\/2022\\\/01\\\/Art-capital.jpg\",\"contentUrl\":\"https:\\\/\\\/www.liselotte-andersen.net\\\/wp-content\\\/uploads\\\/2022\\\/01\\\/Art-capital.jpg\",\"width\":2048,\"height\":1425},{\"@type\":\"BreadcrumbList\",\"@id\":\"https:\\\/\\\/www.liselotte-andersen.net\\\/en\\\/ephemeral-exhibitions\\\/1620-02-2022-grand-palais-ephemere-paris-france\\\/#breadcrumb\",\"itemListElement\":[{\"@type\":\"ListItem\",\"position\":1,\"name\":\"Accueil\",\"item\":\"https:\\\/\\\/www.liselotte-andersen.net\\\/\"},{\"@type\":\"ListItem\",\"position\":2,\"name\":\"16>20\\\/02\\\/2022 &#8211; Grand Palais Eph\u00e9m\u00e8re (Paris &#8211; France)\"}]},{\"@type\":\"WebSite\",\"@id\":\"https:\\\/\\\/www.liselotte-andersen.net\\\/#website\",\"url\":\"https:\\\/\\\/www.liselotte-andersen.net\\\/\",\"name\":\"Liselotte Andersen\",\"description\":\"Sculptrice\",\"publisher\":{\"@id\":\"https:\\\/\\\/www.liselotte-andersen.net\\\/#\\\/schema\\\/person\\\/e6287e36a81c443bc328eaa434927efc\"},\"potentialAction\":[{\"@type\":\"SearchAction\",\"target\":{\"@type\":\"EntryPoint\",\"urlTemplate\":\"https:\\\/\\\/www.liselotte-andersen.net\\\/?s={search_term_string}\"},\"query-input\":{\"@type\":\"PropertyValueSpecification\",\"valueRequired\":true,\"valueName\":\"search_term_string\"}}],\"inLanguage\":\"it-IT\"},{\"@type\":[\"Person\",\"Organization\"],\"@id\":\"https:\\\/\\\/www.liselotte-andersen.net\\\/#\\\/schema\\\/person\\\/e6287e36a81c443bc328eaa434927efc\",\"name\":\"Liselotte\",\"image\":{\"@type\":\"ImageObject\",\"inLanguage\":\"it-IT\",\"@id\":\"https:\\\/\\\/www.liselotte-andersen.net\\\/wp-content\\\/uploads\\\/2025\\\/07\\\/Logo-bronze-LA-BR-e1751834958356.png\",\"url\":\"https:\\\/\\\/www.liselotte-andersen.net\\\/wp-content\\\/uploads\\\/2025\\\/07\\\/Logo-bronze-LA-BR-e1751834958356.png\",\"contentUrl\":\"https:\\\/\\\/www.liselotte-andersen.net\\\/wp-content\\\/uploads\\\/2025\\\/07\\\/Logo-bronze-LA-BR-e1751834958356.png\",\"width\":754,\"height\":744,\"caption\":\"Liselotte\"},\"logo\":{\"@id\":\"https:\\\/\\\/www.liselotte-andersen.net\\\/wp-content\\\/uploads\\\/2025\\\/07\\\/Logo-bronze-LA-BR-e1751834958356.png\"},\"sameAs\":[\"http:\\\/\\\/www.liselotte-andersen.net\"]}]}<\/script>\n<!-- \/ Yoast SEO plugin. -->","yoast_head_json":{"title":"16>20\/02\/2022 - Grand Palais Eph\u00e9m\u00e8re (Paris - France) - Liselotte Andersen","robots":{"index":"index","follow":"follow","max-snippet":"max-snippet:-1","max-image-preview":"max-image-preview:large","max-video-preview":"max-video-preview:-1"},"canonical":"https:\/\/www.liselotte-andersen.net\/it\/mostre-temporanee\/1620-02-2022-grand-palais-ephemere-paris-france\/","og_locale":"it_IT","og_type":"article","og_title":"16>20\/02\/2022 - Grand Palais Eph\u00e9m\u00e8re (Paris - France) - Liselotte Andersen","og_description":"Tr\u00e8s heureuse d&rsquo;avoir \u00e9t\u00e9 retenue parmi la s\u00e9lection des artistes qui exposeront dans le cadre d&rsquo;ART CAPITAL 2022 avec ma sculpture \u00ab\u00a0Over the Moon\u00a0\u00bb (Bronze &#8211; 190 cm). Libre, tol\u00e9rant, solidaire, didactique, dynamique, ouvert, cet \u00e9v\u00e9nement unique en son genre offre une vitrine exceptionnelle et la plus compl\u00e8te possible de la production artistique d&rsquo;aujourd&rsquo;hui. 4&hellip;","og_url":"https:\/\/www.liselotte-andersen.net\/it\/mostre-temporanee\/1620-02-2022-grand-palais-ephemere-paris-france\/","og_site_name":"Liselotte Andersen","article_published_time":"2022-01-12T16:13:18+00:00","article_modified_time":"2026-01-26T20:29:10+00:00","og_image":[{"width":2048,"height":1425,"url":"https:\/\/www.liselotte-andersen.net\/wp-content\/uploads\/2022\/01\/Art-capital.jpg","type":"image\/jpeg"}],"author":"Liselotte","twitter_card":"summary_large_image","twitter_misc":{"Scritto da":"Liselotte","Tempo di lettura stimato":"1 minuto"},"schema":{"@context":"https:\/\/schema.org","@graph":[{"@type":"Article","@id":"https:\/\/www.liselotte-andersen.net\/en\/ephemeral-exhibitions\/1620-02-2022-grand-palais-ephemere-paris-france\/#article","isPartOf":{"@id":"https:\/\/www.liselotte-andersen.net\/en\/ephemeral-exhibitions\/1620-02-2022-grand-palais-ephemere-paris-france\/"},"author":{"name":"Liselotte","@id":"https:\/\/www.liselotte-andersen.net\/#\/schema\/person\/e6287e36a81c443bc328eaa434927efc"},"headline":"16>20\/02\/2022 &#8211; Grand Palais Eph\u00e9m\u00e8re (Paris &#8211; France)","datePublished":"2022-01-12T16:13:18+00:00","dateModified":"2026-01-26T20:29:10+00:00","mainEntityOfPage":{"@id":"https:\/\/www.liselotte-andersen.net\/en\/ephemeral-exhibitions\/1620-02-2022-grand-palais-ephemere-paris-france\/"},"wordCount":190,"publisher":{"@id":"https:\/\/www.liselotte-andersen.net\/#\/schema\/person\/e6287e36a81c443bc328eaa434927efc"},"image":{"@id":"https:\/\/www.liselotte-andersen.net\/en\/ephemeral-exhibitions\/1620-02-2022-grand-palais-ephemere-paris-france\/#primaryimage"},"thumbnailUrl":"https:\/\/www.liselotte-andersen.net\/wp-content\/uploads\/2022\/01\/Art-capital.jpg","articleSection":["Expositions \u00e9ph\u00e9m\u00e8res"],"inLanguage":"it-IT"},{"@type":"WebPage","@id":"https:\/\/www.liselotte-andersen.net\/en\/ephemeral-exhibitions\/1620-02-2022-grand-palais-ephemere-paris-france\/","url":"https:\/\/www.liselotte-andersen.net\/en\/ephemeral-exhibitions\/1620-02-2022-grand-palais-ephemere-paris-france\/","name":"16>20\/02\/2022 - Grand Palais Eph\u00e9m\u00e8re (Paris - France) - Liselotte Andersen","isPartOf":{"@id":"https:\/\/www.liselotte-andersen.net\/#website"},"primaryImageOfPage":{"@id":"https:\/\/www.liselotte-andersen.net\/en\/ephemeral-exhibitions\/1620-02-2022-grand-palais-ephemere-paris-france\/#primaryimage"},"image":{"@id":"https:\/\/www.liselotte-andersen.net\/en\/ephemeral-exhibitions\/1620-02-2022-grand-palais-ephemere-paris-france\/#primaryimage"},"thumbnailUrl":"https:\/\/www.liselotte-andersen.net\/wp-content\/uploads\/2022\/01\/Art-capital.jpg","datePublished":"2022-01-12T16:13:18+00:00","dateModified":"2026-01-26T20:29:10+00:00","breadcrumb":{"@id":"https:\/\/www.liselotte-andersen.net\/en\/ephemeral-exhibitions\/1620-02-2022-grand-palais-ephemere-paris-france\/#breadcrumb"},"inLanguage":"it-IT","potentialAction":[{"@type":"ReadAction","target":["https:\/\/www.liselotte-andersen.net\/en\/ephemeral-exhibitions\/1620-02-2022-grand-palais-ephemere-paris-france\/"]}]},{"@type":"ImageObject","inLanguage":"it-IT","@id":"https:\/\/www.liselotte-andersen.net\/en\/ephemeral-exhibitions\/1620-02-2022-grand-palais-ephemere-paris-france\/#primaryimage","url":"https:\/\/www.liselotte-andersen.net\/wp-content\/uploads\/2022\/01\/Art-capital.jpg","contentUrl":"https:\/\/www.liselotte-andersen.net\/wp-content\/uploads\/2022\/01\/Art-capital.jpg","width":2048,"height":1425},{"@type":"BreadcrumbList","@id":"https:\/\/www.liselotte-andersen.net\/en\/ephemeral-exhibitions\/1620-02-2022-grand-palais-ephemere-paris-france\/#breadcrumb","itemListElement":[{"@type":"ListItem","position":1,"name":"Accueil","item":"https:\/\/www.liselotte-andersen.net\/"},{"@type":"ListItem","position":2,"name":"16>20\/02\/2022 &#8211; Grand Palais Eph\u00e9m\u00e8re (Paris &#8211; France)"}]},{"@type":"WebSite","@id":"https:\/\/www.liselotte-andersen.net\/#website","url":"https:\/\/www.liselotte-andersen.net\/","name":"Liselotte Andersen","description":"Scultrice","publisher":{"@id":"https:\/\/www.liselotte-andersen.net\/#\/schema\/person\/e6287e36a81c443bc328eaa434927efc"},"potentialAction":[{"@type":"SearchAction","target":{"@type":"EntryPoint","urlTemplate":"https:\/\/www.liselotte-andersen.net\/?s={search_term_string}"},"query-input":{"@type":"PropertyValueSpecification","valueRequired":true,"valueName":"search_term_string"}}],"inLanguage":"it-IT"},{"@type":["Person","Organization"],"@id":"https:\/\/www.liselotte-andersen.net\/#\/schema\/person\/e6287e36a81c443bc328eaa434927efc","name":"Liselotte","image":{"@type":"ImageObject","inLanguage":"it-IT","@id":"https:\/\/www.liselotte-andersen.net\/wp-content\/uploads\/2025\/07\/Logo-bronze-LA-BR-e1751834958356.png","url":"https:\/\/www.liselotte-andersen.net\/wp-content\/uploads\/2025\/07\/Logo-bronze-LA-BR-e1751834958356.png","contentUrl":"https:\/\/www.liselotte-andersen.net\/wp-content\/uploads\/2025\/07\/Logo-bronze-LA-BR-e1751834958356.png","width":754,"height":744,"caption":"Liselotte"},"logo":{"@id":"https:\/\/www.liselotte-andersen.net\/wp-content\/uploads\/2025\/07\/Logo-bronze-LA-BR-e1751834958356.png"},"sameAs":["http:\/\/www.liselotte-andersen.net"]}]}},"_links":{"self":[{"href":"https:\/\/www.liselotte-andersen.net\/it\/wp-json\/wp\/v2\/posts\/10161","targetHints":{"allow":["GET"]}}],"collection":[{"href":"https:\/\/www.liselotte-andersen.net\/it\/wp-json\/wp\/v2\/posts"}],"about":[{"href":"https:\/\/www.liselotte-andersen.net\/it\/wp-json\/wp\/v2\/types\/post"}],"author":[{"embeddable":true,"href":"https:\/\/www.liselotte-andersen.net\/it\/wp-json\/wp\/v2\/users\/3"}],"replies":[{"embeddable":true,"href":"https:\/\/www.liselotte-andersen.net\/it\/wp-json\/wp\/v2\/comments?post=10161"}],"version-history":[{"count":0,"href":"https:\/\/www.liselotte-andersen.net\/it\/wp-json\/wp\/v2\/posts\/10161\/revisions"}],"wp:featuredmedia":[{"embeddable":true,"href":"https:\/\/www.liselotte-andersen.net\/it\/wp-json\/wp\/v2\/media\/10162"}],"wp:attachment":[{"href":"https:\/\/www.liselotte-andersen.net\/it\/wp-json\/wp\/v2\/media?parent=10161"}],"wp:term":[{"taxonomy":"category","embeddable":true,"href":"https:\/\/www.liselotte-andersen.net\/it\/wp-json\/wp\/v2\/categories?post=10161"},{"taxonomy":"post_tag","embeddable":true,"href":"https:\/\/www.liselotte-andersen.net\/it\/wp-json\/wp\/v2\/tags?post=10161"}],"curies":[{"name":"wp","href":"https:\/\/api.w.org\/{rel}","templated":true}]}}