{"id":1,"date":"2015-11-28T11:08:06","date_gmt":"2015-11-28T10:08:06","guid":{"rendered":"http:\/\/liselotte-andersen.net\/?p=1"},"modified":"2026-08-04T18:25:56","modified_gmt":"2026-08-04T16:25:56","slug":"chateau-petit-sonnailler","status":"publish","type":"post","link":"https:\/\/www.liselotte-andersen.net\/it\/expositions-ephemeres\/chateau-petit-sonnailler\/","title":{"rendered":"Ch\u00e2teau Petit Sonnailler"},"content":{"rendered":"<figure class=\"wp-block-image\"><img loading=\"lazy\" decoding=\"async\" width=\"480\" height=\"679\" src=\"https:\/\/www.liselotte-andersen.net\/wp-content\/uploads\/2016\/02\/noel.jpg\" alt=\"noel\" class=\"wp-image-485\" srcset=\"https:\/\/www.liselotte-andersen.net\/wp-content\/uploads\/2016\/02\/noel.jpg 480w, https:\/\/www.liselotte-andersen.net\/wp-content\/uploads\/2016\/02\/noel-212x300.jpg 212w\" sizes=\"auto, (max-width: 480px) 100vw, 480px\" \/><\/figure>\n\n\n\n<p class=\"wp-block-paragraph\"><\/p>\n\n\n\n<p class=\"wp-block-paragraph\">J\u2019ai le plaisir de vous inviter au March\u00e9 de No\u00ebl du Ch\u00e2teau Petit Sonnailler<br>Art contemporain et Artisanat au Ch\u00e2teau (13121 Aurons).<br>Avec dans les salles du Ch\u00e2teau, les artistes:<br>Muriel M &#8211; Sculpteur, Chantal Pommier &#8211; Photographe, Isabelle Dal-Pos &#8211; Peintre, Sergio &#8211; Cr\u00e9ation de meubles en cartons, David Coquet \u2013 Sculpteur et moi&#8230;<\/p>\n\n\n\n<p class=\"wp-block-paragraph\">Vous trouverez \u00e9galement le March\u00e9 Artisanal traditionnel de No\u00ebl dans la cour du Ch\u00e2teau avec son artisanat de no\u00ebl, lampes, bijoux, sacs, \u00e9charpes\u2026 et la famille Brulat vous fera d\u00e9couvrir ses vins rouges, Ros\u00e9s, Blancs appellation AOC Coteaux d\u2019Aix en Provence qui ont re\u00e7u cette ann\u00e9e encore 3 m\u00e9dailles d\u2019or et \u00e9galement une s\u00e9lection dans le Guide Hachette des vins.<\/p>\n\n\n\n<p class=\"wp-block-paragraph\">Vernissage le vendredi 27 novembre de 19h \u00e0 21h30<br>Animation musicale propos\u00e9e par le groupe Pop\/folk\/Rock \u2018HUNKY DORY\u2019<\/p>","protected":false},"excerpt":{"rendered":"<p>J\u2019ai le plaisir de vous inviter au March\u00e9 de No\u00ebl du Ch\u00e2teau Petit SonnaillerArt contemporain et Artisanat au Ch\u00e2teau (13121 Aurons).Avec dans les salles du Ch\u00e2teau, les artistes:Muriel M &#8211; Sculpteur, Chantal Pommier &#8211; Photographe, Isabelle Dal-Pos &#8211; Peintre, Sergio &#8211; Cr\u00e9ation de meubles en cartons, David Coquet \u2013 Sculpteur et moi&#8230; Vous trouverez \u00e9galement&hellip;<\/p>","protected":false},"author":3,"featured_media":485,"comment_status":"closed","ping_status":"open","sticky":false,"template":"","format":"standard","meta":{"_acf_changed":false,"footnotes":""},"categories":[5],"tags":[],"class_list":["post-1","post","type-post","status-publish","format-standard","has-post-thumbnail","hentry","category-expositions-ephemeres"],"acf":[],"yoast_head":"<!-- This site is optimized with the Yoast SEO plugin v28.4 - https:\/\/yoast.com\/product\/yoast-seo-wordpress\/ -->\n<title>Ch\u00e2teau Petit Sonnailler - Liselotte Andersen<\/title>\n<meta name=\"robots\" content=\"index, follow, max-snippet:-1, max-image-preview:large, max-video-preview:-1\" \/>\n<link rel=\"canonical\" href=\"https:\/\/www.liselotte-andersen.net\/it\/mostre-temporanee\/chateau-petit-sonnailler\/\" \/>\n<meta property=\"og:locale\" content=\"it_IT\" \/>\n<meta property=\"og:type\" content=\"article\" \/>\n<meta property=\"og:title\" content=\"Ch\u00e2teau Petit Sonnailler - Liselotte Andersen\" \/>\n<meta property=\"og:description\" content=\"J\u2019ai le plaisir de vous inviter au March\u00e9 de No\u00ebl du Ch\u00e2teau Petit SonnaillerArt contemporain et Artisanat au Ch\u00e2teau (13121 Aurons).Avec dans les salles du Ch\u00e2teau, les artistes:Muriel M &#8211; Sculpteur, Chantal Pommier &#8211; Photographe, Isabelle Dal-Pos &#8211; Peintre, Sergio &#8211; Cr\u00e9ation de meubles en cartons, David Coquet \u2013 Sculpteur et moi&#8230; Vous trouverez \u00e9galement&hellip;\" \/>\n<meta property=\"og:url\" content=\"https:\/\/www.liselotte-andersen.net\/it\/mostre-temporanee\/chateau-petit-sonnailler\/\" \/>\n<meta property=\"og:site_name\" content=\"Liselotte Andersen\" \/>\n<meta property=\"article:published_time\" content=\"2015-11-28T10:08:06+00:00\" \/>\n<meta property=\"article:modified_time\" content=\"2026-08-04T16:25:56+00:00\" \/>\n<meta property=\"og:image\" content=\"https:\/\/www.liselotte-andersen.net\/wp-content\/uploads\/2016\/02\/noel.jpg\" \/>\n\t<meta property=\"og:image:width\" content=\"480\" \/>\n\t<meta property=\"og:image:height\" content=\"679\" \/>\n\t<meta property=\"og:image:type\" content=\"image\/jpeg\" \/>\n<meta name=\"author\" content=\"Liselotte\" \/>\n<meta name=\"twitter:card\" content=\"summary_large_image\" \/>\n<meta name=\"twitter:label1\" content=\"Scritto da\" \/>\n\t<meta name=\"twitter:data1\" content=\"Liselotte\" \/>\n\t<meta name=\"twitter:label2\" content=\"Tempo di lettura stimato\" \/>\n\t<meta name=\"twitter:data2\" content=\"2 minuti\" \/>\n<script type=\"application\/ld+json\" class=\"yoast-schema-graph\">{\"@context\":\"https:\\\/\\\/schema.org\",\"@graph\":[{\"@type\":\"Article\",\"@id\":\"https:\\\/\\\/www.liselotte-andersen.net\\\/expositions-ephemeres\\\/chateau-petit-sonnailler\\\/#article\",\"isPartOf\":{\"@id\":\"https:\\\/\\\/www.liselotte-andersen.net\\\/expositions-ephemeres\\\/chateau-petit-sonnailler\\\/\"},\"author\":{\"name\":\"Liselotte\",\"@id\":\"https:\\\/\\\/www.liselotte-andersen.net\\\/#\\\/schema\\\/person\\\/e6287e36a81c443bc328eaa434927efc\"},\"headline\":\"Ch\u00e2teau Petit Sonnailler\",\"datePublished\":\"2015-11-28T10:08:06+00:00\",\"dateModified\":\"2026-08-04T16:25:56+00:00\",\"mainEntityOfPage\":{\"@id\":\"https:\\\/\\\/www.liselotte-andersen.net\\\/expositions-ephemeres\\\/chateau-petit-sonnailler\\\/\"},\"wordCount\":151,\"publisher\":{\"@id\":\"https:\\\/\\\/www.liselotte-andersen.net\\\/#\\\/schema\\\/person\\\/e6287e36a81c443bc328eaa434927efc\"},\"image\":{\"@id\":\"https:\\\/\\\/www.liselotte-andersen.net\\\/expositions-ephemeres\\\/chateau-petit-sonnailler\\\/#primaryimage\"},\"thumbnailUrl\":\"https:\\\/\\\/www.liselotte-andersen.net\\\/wp-content\\\/uploads\\\/2016\\\/02\\\/noel.jpg\",\"articleSection\":[\"Expositions \u00e9ph\u00e9m\u00e8res\"],\"inLanguage\":\"it-IT\"},{\"@type\":\"WebPage\",\"@id\":\"https:\\\/\\\/www.liselotte-andersen.net\\\/expositions-ephemeres\\\/chateau-petit-sonnailler\\\/\",\"url\":\"https:\\\/\\\/www.liselotte-andersen.net\\\/expositions-ephemeres\\\/chateau-petit-sonnailler\\\/\",\"name\":\"Ch\u00e2teau Petit Sonnailler - Liselotte Andersen\",\"isPartOf\":{\"@id\":\"https:\\\/\\\/www.liselotte-andersen.net\\\/#website\"},\"primaryImageOfPage\":{\"@id\":\"https:\\\/\\\/www.liselotte-andersen.net\\\/expositions-ephemeres\\\/chateau-petit-sonnailler\\\/#primaryimage\"},\"image\":{\"@id\":\"https:\\\/\\\/www.liselotte-andersen.net\\\/expositions-ephemeres\\\/chateau-petit-sonnailler\\\/#primaryimage\"},\"thumbnailUrl\":\"https:\\\/\\\/www.liselotte-andersen.net\\\/wp-content\\\/uploads\\\/2016\\\/02\\\/noel.jpg\",\"datePublished\":\"2015-11-28T10:08:06+00:00\",\"dateModified\":\"2026-08-04T16:25:56+00:00\",\"breadcrumb\":{\"@id\":\"https:\\\/\\\/www.liselotte-andersen.net\\\/expositions-ephemeres\\\/chateau-petit-sonnailler\\\/#breadcrumb\"},\"inLanguage\":\"it-IT\",\"potentialAction\":[{\"@type\":\"ReadAction\",\"target\":[\"https:\\\/\\\/www.liselotte-andersen.net\\\/expositions-ephemeres\\\/chateau-petit-sonnailler\\\/\"]}]},{\"@type\":\"ImageObject\",\"inLanguage\":\"it-IT\",\"@id\":\"https:\\\/\\\/www.liselotte-andersen.net\\\/expositions-ephemeres\\\/chateau-petit-sonnailler\\\/#primaryimage\",\"url\":\"https:\\\/\\\/www.liselotte-andersen.net\\\/wp-content\\\/uploads\\\/2016\\\/02\\\/noel.jpg\",\"contentUrl\":\"https:\\\/\\\/www.liselotte-andersen.net\\\/wp-content\\\/uploads\\\/2016\\\/02\\\/noel.jpg\",\"width\":480,\"height\":679},{\"@type\":\"BreadcrumbList\",\"@id\":\"https:\\\/\\\/www.liselotte-andersen.net\\\/expositions-ephemeres\\\/chateau-petit-sonnailler\\\/#breadcrumb\",\"itemListElement\":[{\"@type\":\"ListItem\",\"position\":1,\"name\":\"Accueil\",\"item\":\"https:\\\/\\\/www.liselotte-andersen.net\\\/\"},{\"@type\":\"ListItem\",\"position\":2,\"name\":\"Ch\u00e2teau Petit Sonnailler\"}]},{\"@type\":\"WebSite\",\"@id\":\"https:\\\/\\\/www.liselotte-andersen.net\\\/#website\",\"url\":\"https:\\\/\\\/www.liselotte-andersen.net\\\/\",\"name\":\"Liselotte Andersen\",\"description\":\"Sculptrice\",\"publisher\":{\"@id\":\"https:\\\/\\\/www.liselotte-andersen.net\\\/#\\\/schema\\\/person\\\/e6287e36a81c443bc328eaa434927efc\"},\"potentialAction\":[{\"@type\":\"SearchAction\",\"target\":{\"@type\":\"EntryPoint\",\"urlTemplate\":\"https:\\\/\\\/www.liselotte-andersen.net\\\/?s={search_term_string}\"},\"query-input\":{\"@type\":\"PropertyValueSpecification\",\"valueRequired\":true,\"valueName\":\"search_term_string\"}}],\"inLanguage\":\"it-IT\"},{\"@type\":[\"Person\",\"Organization\"],\"@id\":\"https:\\\/\\\/www.liselotte-andersen.net\\\/#\\\/schema\\\/person\\\/e6287e36a81c443bc328eaa434927efc\",\"name\":\"Liselotte\",\"image\":{\"@type\":\"ImageObject\",\"inLanguage\":\"it-IT\",\"@id\":\"https:\\\/\\\/www.liselotte-andersen.net\\\/wp-content\\\/uploads\\\/2025\\\/07\\\/Logo-bronze-LA-BR-e1751834958356.png\",\"url\":\"https:\\\/\\\/www.liselotte-andersen.net\\\/wp-content\\\/uploads\\\/2025\\\/07\\\/Logo-bronze-LA-BR-e1751834958356.png\",\"contentUrl\":\"https:\\\/\\\/www.liselotte-andersen.net\\\/wp-content\\\/uploads\\\/2025\\\/07\\\/Logo-bronze-LA-BR-e1751834958356.png\",\"width\":754,\"height\":744,\"caption\":\"Liselotte\"},\"logo\":{\"@id\":\"https:\\\/\\\/www.liselotte-andersen.net\\\/wp-content\\\/uploads\\\/2025\\\/07\\\/Logo-bronze-LA-BR-e1751834958356.png\"},\"sameAs\":[\"http:\\\/\\\/www.liselotte-andersen.net\"]}]}<\/script>\n<!-- \/ Yoast SEO plugin. -->","yoast_head_json":{"title":"Ch\u00e2teau Petit Sonnailler - Liselotte Andersen","robots":{"index":"index","follow":"follow","max-snippet":"max-snippet:-1","max-image-preview":"max-image-preview:large","max-video-preview":"max-video-preview:-1"},"canonical":"https:\/\/www.liselotte-andersen.net\/it\/mostre-temporanee\/chateau-petit-sonnailler\/","og_locale":"it_IT","og_type":"article","og_title":"Ch\u00e2teau Petit Sonnailler - Liselotte Andersen","og_description":"J\u2019ai le plaisir de vous inviter au March\u00e9 de No\u00ebl du Ch\u00e2teau Petit SonnaillerArt contemporain et Artisanat au Ch\u00e2teau (13121 Aurons).Avec dans les salles du Ch\u00e2teau, les artistes:Muriel M &#8211; Sculpteur, Chantal Pommier &#8211; Photographe, Isabelle Dal-Pos &#8211; Peintre, Sergio &#8211; Cr\u00e9ation de meubles en cartons, David Coquet \u2013 Sculpteur et moi&#8230; Vous trouverez \u00e9galement&hellip;","og_url":"https:\/\/www.liselotte-andersen.net\/it\/mostre-temporanee\/chateau-petit-sonnailler\/","og_site_name":"Liselotte Andersen","article_published_time":"2015-11-28T10:08:06+00:00","article_modified_time":"2026-08-04T16:25:56+00:00","og_image":[{"width":480,"height":679,"url":"https:\/\/www.liselotte-andersen.net\/wp-content\/uploads\/2016\/02\/noel.jpg","type":"image\/jpeg"}],"author":"Liselotte","twitter_card":"summary_large_image","twitter_misc":{"Scritto da":"Liselotte","Tempo di lettura stimato":"2 minuti"},"schema":{"@context":"https:\/\/schema.org","@graph":[{"@type":"Article","@id":"https:\/\/www.liselotte-andersen.net\/expositions-ephemeres\/chateau-petit-sonnailler\/#article","isPartOf":{"@id":"https:\/\/www.liselotte-andersen.net\/expositions-ephemeres\/chateau-petit-sonnailler\/"},"author":{"name":"Liselotte","@id":"https:\/\/www.liselotte-andersen.net\/#\/schema\/person\/e6287e36a81c443bc328eaa434927efc"},"headline":"Ch\u00e2teau Petit Sonnailler","datePublished":"2015-11-28T10:08:06+00:00","dateModified":"2026-08-04T16:25:56+00:00","mainEntityOfPage":{"@id":"https:\/\/www.liselotte-andersen.net\/expositions-ephemeres\/chateau-petit-sonnailler\/"},"wordCount":151,"publisher":{"@id":"https:\/\/www.liselotte-andersen.net\/#\/schema\/person\/e6287e36a81c443bc328eaa434927efc"},"image":{"@id":"https:\/\/www.liselotte-andersen.net\/expositions-ephemeres\/chateau-petit-sonnailler\/#primaryimage"},"thumbnailUrl":"https:\/\/www.liselotte-andersen.net\/wp-content\/uploads\/2016\/02\/noel.jpg","articleSection":["Expositions \u00e9ph\u00e9m\u00e8res"],"inLanguage":"it-IT"},{"@type":"WebPage","@id":"https:\/\/www.liselotte-andersen.net\/expositions-ephemeres\/chateau-petit-sonnailler\/","url":"https:\/\/www.liselotte-andersen.net\/expositions-ephemeres\/chateau-petit-sonnailler\/","name":"Ch\u00e2teau Petit Sonnailler - Liselotte Andersen","isPartOf":{"@id":"https:\/\/www.liselotte-andersen.net\/#website"},"primaryImageOfPage":{"@id":"https:\/\/www.liselotte-andersen.net\/expositions-ephemeres\/chateau-petit-sonnailler\/#primaryimage"},"image":{"@id":"https:\/\/www.liselotte-andersen.net\/expositions-ephemeres\/chateau-petit-sonnailler\/#primaryimage"},"thumbnailUrl":"https:\/\/www.liselotte-andersen.net\/wp-content\/uploads\/2016\/02\/noel.jpg","datePublished":"2015-11-28T10:08:06+00:00","dateModified":"2026-08-04T16:25:56+00:00","breadcrumb":{"@id":"https:\/\/www.liselotte-andersen.net\/expositions-ephemeres\/chateau-petit-sonnailler\/#breadcrumb"},"inLanguage":"it-IT","potentialAction":[{"@type":"ReadAction","target":["https:\/\/www.liselotte-andersen.net\/expositions-ephemeres\/chateau-petit-sonnailler\/"]}]},{"@type":"ImageObject","inLanguage":"it-IT","@id":"https:\/\/www.liselotte-andersen.net\/expositions-ephemeres\/chateau-petit-sonnailler\/#primaryimage","url":"https:\/\/www.liselotte-andersen.net\/wp-content\/uploads\/2016\/02\/noel.jpg","contentUrl":"https:\/\/www.liselotte-andersen.net\/wp-content\/uploads\/2016\/02\/noel.jpg","width":480,"height":679},{"@type":"BreadcrumbList","@id":"https:\/\/www.liselotte-andersen.net\/expositions-ephemeres\/chateau-petit-sonnailler\/#breadcrumb","itemListElement":[{"@type":"ListItem","position":1,"name":"Accueil","item":"https:\/\/www.liselotte-andersen.net\/"},{"@type":"ListItem","position":2,"name":"Ch\u00e2teau Petit Sonnailler"}]},{"@type":"WebSite","@id":"https:\/\/www.liselotte-andersen.net\/#website","url":"https:\/\/www.liselotte-andersen.net\/","name":"Liselotte Andersen","description":"Scultrice","publisher":{"@id":"https:\/\/www.liselotte-andersen.net\/#\/schema\/person\/e6287e36a81c443bc328eaa434927efc"},"potentialAction":[{"@type":"SearchAction","target":{"@type":"EntryPoint","urlTemplate":"https:\/\/www.liselotte-andersen.net\/?s={search_term_string}"},"query-input":{"@type":"PropertyValueSpecification","valueRequired":true,"valueName":"search_term_string"}}],"inLanguage":"it-IT"},{"@type":["Person","Organization"],"@id":"https:\/\/www.liselotte-andersen.net\/#\/schema\/person\/e6287e36a81c443bc328eaa434927efc","name":"Liselotte","image":{"@type":"ImageObject","inLanguage":"it-IT","@id":"https:\/\/www.liselotte-andersen.net\/wp-content\/uploads\/2025\/07\/Logo-bronze-LA-BR-e1751834958356.png","url":"https:\/\/www.liselotte-andersen.net\/wp-content\/uploads\/2025\/07\/Logo-bronze-LA-BR-e1751834958356.png","contentUrl":"https:\/\/www.liselotte-andersen.net\/wp-content\/uploads\/2025\/07\/Logo-bronze-LA-BR-e1751834958356.png","width":754,"height":744,"caption":"Liselotte"},"logo":{"@id":"https:\/\/www.liselotte-andersen.net\/wp-content\/uploads\/2025\/07\/Logo-bronze-LA-BR-e1751834958356.png"},"sameAs":["http:\/\/www.liselotte-andersen.net"]}]}},"_links":{"self":[{"href":"https:\/\/www.liselotte-andersen.net\/it\/wp-json\/wp\/v2\/posts\/1","targetHints":{"allow":["GET"]}}],"collection":[{"href":"https:\/\/www.liselotte-andersen.net\/it\/wp-json\/wp\/v2\/posts"}],"about":[{"href":"https:\/\/www.liselotte-andersen.net\/it\/wp-json\/wp\/v2\/types\/post"}],"author":[{"embeddable":true,"href":"https:\/\/www.liselotte-andersen.net\/it\/wp-json\/wp\/v2\/users\/3"}],"replies":[{"embeddable":true,"href":"https:\/\/www.liselotte-andersen.net\/it\/wp-json\/wp\/v2\/comments?post=1"}],"version-history":[{"count":1,"href":"https:\/\/www.liselotte-andersen.net\/it\/wp-json\/wp\/v2\/posts\/1\/revisions"}],"predecessor-version":[{"id":67725,"href":"https:\/\/www.liselotte-andersen.net\/it\/wp-json\/wp\/v2\/posts\/1\/revisions\/67725"}],"wp:featuredmedia":[{"embeddable":true,"href":"https:\/\/www.liselotte-andersen.net\/it\/wp-json\/wp\/v2\/media\/485"}],"wp:attachment":[{"href":"https:\/\/www.liselotte-andersen.net\/it\/wp-json\/wp\/v2\/media?parent=1"}],"wp:term":[{"taxonomy":"category","embeddable":true,"href":"https:\/\/www.liselotte-andersen.net\/it\/wp-json\/wp\/v2\/categories?post=1"},{"taxonomy":"post_tag","embeddable":true,"href":"https:\/\/www.liselotte-andersen.net\/it\/wp-json\/wp\/v2\/tags?post=1"}],"curies":[{"name":"wp","href":"https:\/\/api.w.org\/{rel}","templated":true}]}}