{"id":67557,"date":"2026-03-07T17:47:59","date_gmt":"2026-03-07T16:47:59","guid":{"rendered":"https:\/\/www.liselotte-andersen.net\/?p=67557"},"modified":"2026-03-07T17:54:47","modified_gmt":"2026-03-07T16:54:47","slug":"exposicion-en-aix-en-provence-2","status":"publish","type":"post","link":"https:\/\/www.liselotte-andersen.net\/es\/en-cours-a-venir\/exposition-a-aix-en-provence-2\/","title":{"rendered":"Exposici\u00f3n en Aix en Provence"},"content":{"rendered":"<p>Galerie de la Pr\u00e9v\u00f4t\u00e9 - Place des Martyrs de la R\u00e9sistance.<\/p>\n\n\n\n<p>A la izquierda del Mus\u00e9e des Tapisseries (centro de la ciudad).<\/p>\n\n\n\n<p>Con Godda - Pinturas y Pasteles.<\/p>\n\n\n\n<p>Del 10 al 26 de abril de 2026.<\/p>\n\n\n\n<p>Todos los d\u00edas de 10.00 a 18.00 horas.<\/p>\n\n\n\n<figure class=\"wp-block-image size-large\"><img loading=\"lazy\" decoding=\"async\" width=\"819\" height=\"1024\" src=\"https:\/\/www.liselotte-andersen.net\/wp-content\/uploads\/2026\/03\/Liselotte-ANDERSEN-Publication-Instagram-45-819x1024.png\" alt=\"\" class=\"wp-image-67558\" srcset=\"https:\/\/www.liselotte-andersen.net\/wp-content\/uploads\/2026\/03\/Liselotte-ANDERSEN-Publication-Instagram-45-819x1024.png 819w, https:\/\/www.liselotte-andersen.net\/wp-content\/uploads\/2026\/03\/Liselotte-ANDERSEN-Publication-Instagram-45-240x300.png 240w, https:\/\/www.liselotte-andersen.net\/wp-content\/uploads\/2026\/03\/Liselotte-ANDERSEN-Publication-Instagram-45-768x960.png 768w, https:\/\/www.liselotte-andersen.net\/wp-content\/uploads\/2026\/03\/Liselotte-ANDERSEN-Publication-Instagram-45-10x12.png 10w, https:\/\/www.liselotte-andersen.net\/wp-content\/uploads\/2026\/03\/Liselotte-ANDERSEN-Publication-Instagram-45-806x1008.png 806w, https:\/\/www.liselotte-andersen.net\/wp-content\/uploads\/2026\/03\/Liselotte-ANDERSEN-Publication-Instagram-45-558x698.png 558w, https:\/\/www.liselotte-andersen.net\/wp-content\/uploads\/2026\/03\/Liselotte-ANDERSEN-Publication-Instagram-45-700x875.png 700w, https:\/\/www.liselotte-andersen.net\/wp-content\/uploads\/2026\/03\/Liselotte-ANDERSEN-Publication-Instagram-45-600x750.png 600w, https:\/\/www.liselotte-andersen.net\/wp-content\/uploads\/2026\/03\/Liselotte-ANDERSEN-Publication-Instagram-45.png 1080w\" sizes=\"auto, (max-width: 819px) 100vw, 819px\" \/><\/figure>","protected":false},"excerpt":{"rendered":"<p>Galerie de la Pr\u00e9v\u00f4t\u00e9 - Place des Martyrs de la R\u00e9sistance. A la izquierda del Mus\u00e9e des Tapisseries (centro de la ciudad). Con Godda - Pinturas y Pasteles. Del 10 al 26 de abril de 2026. Todos los d\u00edas de 10.00 a 18.00 h.<\/p>","protected":false},"author":3,"featured_media":67558,"comment_status":"closed","ping_status":"closed","sticky":false,"template":"","format":"standard","meta":{"_acf_changed":false,"footnotes":""},"categories":[72],"tags":[],"class_list":["post-67557","post","type-post","status-publish","format-standard","has-post-thumbnail","hentry","category-en-cours-a-venir"],"acf":[],"yoast_head":"<!-- This site is optimized with the Yoast SEO plugin v27.5 - https:\/\/yoast.com\/product\/yoast-seo-wordpress\/ -->\n<title>Exposition \u00e0 Aix en Provence - Liselotte Andersen<\/title>\n<meta name=\"robots\" content=\"index, follow, max-snippet:-1, max-image-preview:large, max-video-preview:-1\" \/>\n<link rel=\"canonical\" href=\"https:\/\/www.liselotte-andersen.net\/es\/proximamente-en-curso\/exposicion-en-aix-en-provence-2\/\" \/>\n<meta property=\"og:locale\" content=\"es_ES\" \/>\n<meta property=\"og:type\" content=\"article\" \/>\n<meta property=\"og:title\" content=\"Exposition \u00e0 Aix en Provence - Liselotte Andersen\" \/>\n<meta property=\"og:description\" content=\"Galerie de la Pr\u00e9v\u00f4t\u00e9 &#8211; Place des Martyrs de la R\u00e9sistance. A gauche du Mus\u00e9e des Tapisseries (centre ville). Avec Godda \u2013 Peintures &amp; Pastels. Du 10 au 26 avril 2026. Tous les jours de 10h \u00e0 18h.\" \/>\n<meta property=\"og:url\" content=\"https:\/\/www.liselotte-andersen.net\/es\/proximamente-en-curso\/exposicion-en-aix-en-provence-2\/\" \/>\n<meta property=\"og:site_name\" content=\"Liselotte Andersen\" \/>\n<meta property=\"article:published_time\" content=\"2026-03-07T16:47:59+00:00\" \/>\n<meta property=\"article:modified_time\" content=\"2026-03-07T16:54:47+00:00\" \/>\n<meta property=\"og:image\" content=\"https:\/\/www.liselotte-andersen.net\/wp-content\/uploads\/2026\/03\/Liselotte-ANDERSEN-Publication-Instagram-45-819x1024.png\" \/>\n\t<meta property=\"og:image:width\" content=\"819\" \/>\n\t<meta property=\"og:image:height\" content=\"1024\" \/>\n\t<meta property=\"og:image:type\" content=\"image\/png\" \/>\n<meta name=\"author\" content=\"Liselotte\" \/>\n<meta name=\"twitter:card\" content=\"summary_large_image\" \/>\n<meta name=\"twitter:label1\" content=\"Escrito por\" \/>\n\t<meta name=\"twitter:data1\" content=\"Liselotte\" \/>\n\t<meta name=\"twitter:label2\" content=\"Tiempo de lectura\" \/>\n\t<meta name=\"twitter:data2\" content=\"1 minuto\" \/>\n<script type=\"application\/ld+json\" class=\"yoast-schema-graph\">{\"@context\":\"https:\\\/\\\/schema.org\",\"@graph\":[{\"@type\":\"Article\",\"@id\":\"https:\\\/\\\/www.liselotte-andersen.net\\\/en-cours-a-venir\\\/exposition-a-aix-en-provence-2\\\/#article\",\"isPartOf\":{\"@id\":\"https:\\\/\\\/www.liselotte-andersen.net\\\/en-cours-a-venir\\\/exposition-a-aix-en-provence-2\\\/\"},\"author\":{\"name\":\"Liselotte\",\"@id\":\"https:\\\/\\\/www.liselotte-andersen.net\\\/#\\\/schema\\\/person\\\/e6287e36a81c443bc328eaa434927efc\"},\"headline\":\"Exposition \u00e0 Aix en Provence\",\"datePublished\":\"2026-03-07T16:47:59+00:00\",\"dateModified\":\"2026-03-07T16:54:47+00:00\",\"mainEntityOfPage\":{\"@id\":\"https:\\\/\\\/www.liselotte-andersen.net\\\/en-cours-a-venir\\\/exposition-a-aix-en-provence-2\\\/\"},\"wordCount\":41,\"publisher\":{\"@id\":\"https:\\\/\\\/www.liselotte-andersen.net\\\/#\\\/schema\\\/person\\\/e6287e36a81c443bc328eaa434927efc\"},\"image\":{\"@id\":\"https:\\\/\\\/www.liselotte-andersen.net\\\/en-cours-a-venir\\\/exposition-a-aix-en-provence-2\\\/#primaryimage\"},\"thumbnailUrl\":\"https:\\\/\\\/www.liselotte-andersen.net\\\/wp-content\\\/uploads\\\/2026\\\/03\\\/Liselotte-ANDERSEN-Publication-Instagram-45.png\",\"articleSection\":[\"En cours \\\/ A venir\"],\"inLanguage\":\"es\"},{\"@type\":\"WebPage\",\"@id\":\"https:\\\/\\\/www.liselotte-andersen.net\\\/en-cours-a-venir\\\/exposition-a-aix-en-provence-2\\\/\",\"url\":\"https:\\\/\\\/www.liselotte-andersen.net\\\/en-cours-a-venir\\\/exposition-a-aix-en-provence-2\\\/\",\"name\":\"Exposition \u00e0 Aix en Provence - Liselotte Andersen\",\"isPartOf\":{\"@id\":\"https:\\\/\\\/www.liselotte-andersen.net\\\/#website\"},\"primaryImageOfPage\":{\"@id\":\"https:\\\/\\\/www.liselotte-andersen.net\\\/en-cours-a-venir\\\/exposition-a-aix-en-provence-2\\\/#primaryimage\"},\"image\":{\"@id\":\"https:\\\/\\\/www.liselotte-andersen.net\\\/en-cours-a-venir\\\/exposition-a-aix-en-provence-2\\\/#primaryimage\"},\"thumbnailUrl\":\"https:\\\/\\\/www.liselotte-andersen.net\\\/wp-content\\\/uploads\\\/2026\\\/03\\\/Liselotte-ANDERSEN-Publication-Instagram-45.png\",\"datePublished\":\"2026-03-07T16:47:59+00:00\",\"dateModified\":\"2026-03-07T16:54:47+00:00\",\"breadcrumb\":{\"@id\":\"https:\\\/\\\/www.liselotte-andersen.net\\\/en-cours-a-venir\\\/exposition-a-aix-en-provence-2\\\/#breadcrumb\"},\"inLanguage\":\"es\",\"potentialAction\":[{\"@type\":\"ReadAction\",\"target\":[\"https:\\\/\\\/www.liselotte-andersen.net\\\/en-cours-a-venir\\\/exposition-a-aix-en-provence-2\\\/\"]}]},{\"@type\":\"ImageObject\",\"inLanguage\":\"es\",\"@id\":\"https:\\\/\\\/www.liselotte-andersen.net\\\/en-cours-a-venir\\\/exposition-a-aix-en-provence-2\\\/#primaryimage\",\"url\":\"https:\\\/\\\/www.liselotte-andersen.net\\\/wp-content\\\/uploads\\\/2026\\\/03\\\/Liselotte-ANDERSEN-Publication-Instagram-45.png\",\"contentUrl\":\"https:\\\/\\\/www.liselotte-andersen.net\\\/wp-content\\\/uploads\\\/2026\\\/03\\\/Liselotte-ANDERSEN-Publication-Instagram-45.png\",\"width\":1080,\"height\":1350},{\"@type\":\"BreadcrumbList\",\"@id\":\"https:\\\/\\\/www.liselotte-andersen.net\\\/en-cours-a-venir\\\/exposition-a-aix-en-provence-2\\\/#breadcrumb\",\"itemListElement\":[{\"@type\":\"ListItem\",\"position\":1,\"name\":\"Accueil\",\"item\":\"https:\\\/\\\/www.liselotte-andersen.net\\\/\"},{\"@type\":\"ListItem\",\"position\":2,\"name\":\"Exposition \u00e0 Aix en Provence\"}]},{\"@type\":\"WebSite\",\"@id\":\"https:\\\/\\\/www.liselotte-andersen.net\\\/#website\",\"url\":\"https:\\\/\\\/www.liselotte-andersen.net\\\/\",\"name\":\"Liselotte Andersen\",\"description\":\"Sculptrice\",\"publisher\":{\"@id\":\"https:\\\/\\\/www.liselotte-andersen.net\\\/#\\\/schema\\\/person\\\/e6287e36a81c443bc328eaa434927efc\"},\"potentialAction\":[{\"@type\":\"SearchAction\",\"target\":{\"@type\":\"EntryPoint\",\"urlTemplate\":\"https:\\\/\\\/www.liselotte-andersen.net\\\/?s={search_term_string}\"},\"query-input\":{\"@type\":\"PropertyValueSpecification\",\"valueRequired\":true,\"valueName\":\"search_term_string\"}}],\"inLanguage\":\"es\"},{\"@type\":[\"Person\",\"Organization\"],\"@id\":\"https:\\\/\\\/www.liselotte-andersen.net\\\/#\\\/schema\\\/person\\\/e6287e36a81c443bc328eaa434927efc\",\"name\":\"Liselotte\",\"image\":{\"@type\":\"ImageObject\",\"inLanguage\":\"es\",\"@id\":\"https:\\\/\\\/www.liselotte-andersen.net\\\/wp-content\\\/uploads\\\/2025\\\/07\\\/Logo-bronze-LA-BR-e1751834958356.png\",\"url\":\"https:\\\/\\\/www.liselotte-andersen.net\\\/wp-content\\\/uploads\\\/2025\\\/07\\\/Logo-bronze-LA-BR-e1751834958356.png\",\"contentUrl\":\"https:\\\/\\\/www.liselotte-andersen.net\\\/wp-content\\\/uploads\\\/2025\\\/07\\\/Logo-bronze-LA-BR-e1751834958356.png\",\"width\":754,\"height\":744,\"caption\":\"Liselotte\"},\"logo\":{\"@id\":\"https:\\\/\\\/www.liselotte-andersen.net\\\/wp-content\\\/uploads\\\/2025\\\/07\\\/Logo-bronze-LA-BR-e1751834958356.png\"},\"sameAs\":[\"http:\\\/\\\/www.liselotte-andersen.net\"]}]}<\/script>\n<!-- \/ Yoast SEO plugin. -->","yoast_head_json":{"title":"Exposici\u00f3n en Aix en Provence - Liselotte Andersen","robots":{"index":"index","follow":"follow","max-snippet":"max-snippet:-1","max-image-preview":"max-image-preview:large","max-video-preview":"max-video-preview:-1"},"canonical":"https:\/\/www.liselotte-andersen.net\/es\/proximamente-en-curso\/exposicion-en-aix-en-provence-2\/","og_locale":"es_ES","og_type":"article","og_title":"Exposition \u00e0 Aix en Provence - Liselotte Andersen","og_description":"Galerie de la Pr\u00e9v\u00f4t\u00e9 &#8211; Place des Martyrs de la R\u00e9sistance. A gauche du Mus\u00e9e des Tapisseries (centre ville). Avec Godda \u2013 Peintures &amp; Pastels. Du 10 au 26 avril 2026. Tous les jours de 10h \u00e0 18h.","og_url":"https:\/\/www.liselotte-andersen.net\/es\/proximamente-en-curso\/exposicion-en-aix-en-provence-2\/","og_site_name":"Liselotte Andersen","article_published_time":"2026-03-07T16:47:59+00:00","article_modified_time":"2026-03-07T16:54:47+00:00","og_image":[{"width":819,"height":1024,"url":"https:\/\/www.liselotte-andersen.net\/wp-content\/uploads\/2026\/03\/Liselotte-ANDERSEN-Publication-Instagram-45-819x1024.png","type":"image\/png"}],"author":"Liselotte","twitter_card":"summary_large_image","twitter_misc":{"Escrito por":"Liselotte","Tiempo de lectura":"1 minuto"},"schema":{"@context":"https:\/\/schema.org","@graph":[{"@type":"Article","@id":"https:\/\/www.liselotte-andersen.net\/en-cours-a-venir\/exposition-a-aix-en-provence-2\/#article","isPartOf":{"@id":"https:\/\/www.liselotte-andersen.net\/en-cours-a-venir\/exposition-a-aix-en-provence-2\/"},"author":{"name":"Liselotte","@id":"https:\/\/www.liselotte-andersen.net\/#\/schema\/person\/e6287e36a81c443bc328eaa434927efc"},"headline":"Exposition \u00e0 Aix en Provence","datePublished":"2026-03-07T16:47:59+00:00","dateModified":"2026-03-07T16:54:47+00:00","mainEntityOfPage":{"@id":"https:\/\/www.liselotte-andersen.net\/en-cours-a-venir\/exposition-a-aix-en-provence-2\/"},"wordCount":41,"publisher":{"@id":"https:\/\/www.liselotte-andersen.net\/#\/schema\/person\/e6287e36a81c443bc328eaa434927efc"},"image":{"@id":"https:\/\/www.liselotte-andersen.net\/en-cours-a-venir\/exposition-a-aix-en-provence-2\/#primaryimage"},"thumbnailUrl":"https:\/\/www.liselotte-andersen.net\/wp-content\/uploads\/2026\/03\/Liselotte-ANDERSEN-Publication-Instagram-45.png","articleSection":["En cours \/ A venir"],"inLanguage":"es"},{"@type":"WebPage","@id":"https:\/\/www.liselotte-andersen.net\/en-cours-a-venir\/exposition-a-aix-en-provence-2\/","url":"https:\/\/www.liselotte-andersen.net\/en-cours-a-venir\/exposition-a-aix-en-provence-2\/","name":"Exposici\u00f3n en Aix en Provence - Liselotte Andersen","isPartOf":{"@id":"https:\/\/www.liselotte-andersen.net\/#website"},"primaryImageOfPage":{"@id":"https:\/\/www.liselotte-andersen.net\/en-cours-a-venir\/exposition-a-aix-en-provence-2\/#primaryimage"},"image":{"@id":"https:\/\/www.liselotte-andersen.net\/en-cours-a-venir\/exposition-a-aix-en-provence-2\/#primaryimage"},"thumbnailUrl":"https:\/\/www.liselotte-andersen.net\/wp-content\/uploads\/2026\/03\/Liselotte-ANDERSEN-Publication-Instagram-45.png","datePublished":"2026-03-07T16:47:59+00:00","dateModified":"2026-03-07T16:54:47+00:00","breadcrumb":{"@id":"https:\/\/www.liselotte-andersen.net\/en-cours-a-venir\/exposition-a-aix-en-provence-2\/#breadcrumb"},"inLanguage":"es","potentialAction":[{"@type":"ReadAction","target":["https:\/\/www.liselotte-andersen.net\/en-cours-a-venir\/exposition-a-aix-en-provence-2\/"]}]},{"@type":"ImageObject","inLanguage":"es","@id":"https:\/\/www.liselotte-andersen.net\/en-cours-a-venir\/exposition-a-aix-en-provence-2\/#primaryimage","url":"https:\/\/www.liselotte-andersen.net\/wp-content\/uploads\/2026\/03\/Liselotte-ANDERSEN-Publication-Instagram-45.png","contentUrl":"https:\/\/www.liselotte-andersen.net\/wp-content\/uploads\/2026\/03\/Liselotte-ANDERSEN-Publication-Instagram-45.png","width":1080,"height":1350},{"@type":"BreadcrumbList","@id":"https:\/\/www.liselotte-andersen.net\/en-cours-a-venir\/exposition-a-aix-en-provence-2\/#breadcrumb","itemListElement":[{"@type":"ListItem","position":1,"name":"Accueil","item":"https:\/\/www.liselotte-andersen.net\/"},{"@type":"ListItem","position":2,"name":"Exposition \u00e0 Aix en Provence"}]},{"@type":"WebSite","@id":"https:\/\/www.liselotte-andersen.net\/#website","url":"https:\/\/www.liselotte-andersen.net\/","name":"Liselotte Andersen","description":"Escultor","publisher":{"@id":"https:\/\/www.liselotte-andersen.net\/#\/schema\/person\/e6287e36a81c443bc328eaa434927efc"},"potentialAction":[{"@type":"SearchAction","target":{"@type":"EntryPoint","urlTemplate":"https:\/\/www.liselotte-andersen.net\/?s={search_term_string}"},"query-input":{"@type":"PropertyValueSpecification","valueRequired":true,"valueName":"search_term_string"}}],"inLanguage":"es"},{"@type":["Person","Organization"],"@id":"https:\/\/www.liselotte-andersen.net\/#\/schema\/person\/e6287e36a81c443bc328eaa434927efc","name":"Liselotte","image":{"@type":"ImageObject","inLanguage":"es","@id":"https:\/\/www.liselotte-andersen.net\/wp-content\/uploads\/2025\/07\/Logo-bronze-LA-BR-e1751834958356.png","url":"https:\/\/www.liselotte-andersen.net\/wp-content\/uploads\/2025\/07\/Logo-bronze-LA-BR-e1751834958356.png","contentUrl":"https:\/\/www.liselotte-andersen.net\/wp-content\/uploads\/2025\/07\/Logo-bronze-LA-BR-e1751834958356.png","width":754,"height":744,"caption":"Liselotte"},"logo":{"@id":"https:\/\/www.liselotte-andersen.net\/wp-content\/uploads\/2025\/07\/Logo-bronze-LA-BR-e1751834958356.png"},"sameAs":["http:\/\/www.liselotte-andersen.net"]}]}},"_links":{"self":[{"href":"https:\/\/www.liselotte-andersen.net\/es\/wp-json\/wp\/v2\/posts\/67557","targetHints":{"allow":["GET"]}}],"collection":[{"href":"https:\/\/www.liselotte-andersen.net\/es\/wp-json\/wp\/v2\/posts"}],"about":[{"href":"https:\/\/www.liselotte-andersen.net\/es\/wp-json\/wp\/v2\/types\/post"}],"author":[{"embeddable":true,"href":"https:\/\/www.liselotte-andersen.net\/es\/wp-json\/wp\/v2\/users\/3"}],"replies":[{"embeddable":true,"href":"https:\/\/www.liselotte-andersen.net\/es\/wp-json\/wp\/v2\/comments?post=67557"}],"version-history":[{"count":1,"href":"https:\/\/www.liselotte-andersen.net\/es\/wp-json\/wp\/v2\/posts\/67557\/revisions"}],"predecessor-version":[{"id":67559,"href":"https:\/\/www.liselotte-andersen.net\/es\/wp-json\/wp\/v2\/posts\/67557\/revisions\/67559"}],"wp:featuredmedia":[{"embeddable":true,"href":"https:\/\/www.liselotte-andersen.net\/es\/wp-json\/wp\/v2\/media\/67558"}],"wp:attachment":[{"href":"https:\/\/www.liselotte-andersen.net\/es\/wp-json\/wp\/v2\/media?parent=67557"}],"wp:term":[{"taxonomy":"category","embeddable":true,"href":"https:\/\/www.liselotte-andersen.net\/es\/wp-json\/wp\/v2\/categories?post=67557"},{"taxonomy":"post_tag","embeddable":true,"href":"https:\/\/www.liselotte-andersen.net\/es\/wp-json\/wp\/v2\/tags?post=67557"}],"curies":[{"name":"wp","href":"https:\/\/api.w.org\/{rel}","templated":true}]}}