{"id":67564,"date":"2026-03-13T15:54:52","date_gmt":"2026-03-13T14:54:52","guid":{"rendered":"https:\/\/www.liselotte-andersen.net\/?p=67564"},"modified":"2026-03-13T16:09:55","modified_gmt":"2026-03-13T15:09:55","slug":"mi-colaboracion-con-las-galerias-promenarts","status":"publish","type":"post","link":"http:\/\/www.liselotte-andersen.net\/es\/en-cours-a-venir\/ma-collaboration-avec-les-galeries-promenarts\/","title":{"rendered":"Mi colaboraci\u00f3n con Galeries PromenArts"},"content":{"rendered":"<p>Nueva escenograf\u00eda en l'Isle sur la Sorgue : <a href=\"https:\/\/vimeo.com\/1173311382?fl=tl&amp;fe=ec\">ver el v\u00eddeo<\/a><\/p>\n\n\n\n<p><\/p>\n\n\n\n<figure class=\"wp-block-gallery has-nested-images columns-default is-cropped wp-block-gallery-1 is-layout-flex wp-block-gallery-is-layout-flex\">\n<figure class=\"wp-block-image size-large\"><a href=\"https:\/\/vimeo.com\/1173311382?share=copy&amp;fl=sv&amp;fe=ci\"><img loading=\"lazy\" decoding=\"async\" width=\"2560\" height=\"1920\" data-id=\"67568\" src=\"https:\/\/www.liselotte-andersen.net\/wp-content\/uploads\/2026\/03\/IMG_0901-edited-scaled.jpg\" alt=\"\" class=\"wp-image-67568\" srcset=\"https:\/\/www.liselotte-andersen.net\/wp-content\/uploads\/2026\/03\/IMG_0901-edited-scaled.jpg 2560w, https:\/\/www.liselotte-andersen.net\/wp-content\/uploads\/2026\/03\/IMG_0901-edited-300x225.jpg 300w, https:\/\/www.liselotte-andersen.net\/wp-content\/uploads\/2026\/03\/IMG_0901-edited-1024x768.jpg 1024w, https:\/\/www.liselotte-andersen.net\/wp-content\/uploads\/2026\/03\/IMG_0901-edited-768x576.jpg 768w, https:\/\/www.liselotte-andersen.net\/wp-content\/uploads\/2026\/03\/IMG_0901-edited-1536x1152.jpg 1536w, https:\/\/www.liselotte-andersen.net\/wp-content\/uploads\/2026\/03\/IMG_0901-edited-2048x1536.jpg 2048w, https:\/\/www.liselotte-andersen.net\/wp-content\/uploads\/2026\/03\/IMG_0901-edited-16x12.jpg 16w, https:\/\/www.liselotte-andersen.net\/wp-content\/uploads\/2026\/03\/IMG_0901-edited-1612x1209.jpg 1612w, https:\/\/www.liselotte-andersen.net\/wp-content\/uploads\/2026\/03\/IMG_0901-edited-1116x837.jpg 1116w, https:\/\/www.liselotte-andersen.net\/wp-content\/uploads\/2026\/03\/IMG_0901-edited-806x605.jpg 806w, https:\/\/www.liselotte-andersen.net\/wp-content\/uploads\/2026\/03\/IMG_0901-edited-558x419.jpg 558w, https:\/\/www.liselotte-andersen.net\/wp-content\/uploads\/2026\/03\/IMG_0901-edited-700x525.jpg 700w\" sizes=\"auto, (max-width: 2560px) 100vw, 2560px\" \/><\/a><\/figure>\n<\/figure>\n\n\n\n<p><\/p>","protected":false},"excerpt":{"rendered":"<p>Nueva escenograf\u00eda en Isle sur la Sorgue: vea el v\u00eddeo<\/p>","protected":false},"author":3,"featured_media":67565,"comment_status":"closed","ping_status":"closed","sticky":false,"template":"","format":"standard","meta":{"_acf_changed":false,"footnotes":""},"categories":[72],"tags":[],"class_list":["post-67564","post","type-post","status-publish","format-standard","has-post-thumbnail","hentry","category-en-cours-a-venir"],"acf":[],"yoast_head":"<!-- This site is optimized with the Yoast SEO plugin v27.5 - https:\/\/yoast.com\/product\/yoast-seo-wordpress\/ -->\n<title>Ma collaboration avec les Galeries PromenArts - Liselotte Andersen Sculptures<\/title>\n<meta name=\"description\" content=\"Nouvelle sc\u00e9nographie en place de mes sculptures en bronze depuis le 1er mars 2026 \u00e0 l&#039;Isle sur la Sorgue. Une collaboration pr\u00e9cieuse :)\" \/>\n<meta name=\"robots\" content=\"index, follow, max-snippet:-1, max-image-preview:large, max-video-preview:-1\" \/>\n<link rel=\"canonical\" href=\"https:\/\/www.liselotte-andersen.net\/es\/proximamente-en-curso\/mi-colaboracion-con-las-galerias-promenarts\/\" \/>\n<meta property=\"og:locale\" content=\"es_ES\" \/>\n<meta property=\"og:type\" content=\"article\" \/>\n<meta property=\"og:title\" content=\"Ma collaboration avec les Galeries PromenArts - Liselotte Andersen Sculptures\" \/>\n<meta property=\"og:description\" content=\"Nouvelle sc\u00e9nographie en place de mes sculptures en bronze depuis le 1er mars 2026 \u00e0 l&#039;Isle sur la Sorgue. Une collaboration pr\u00e9cieuse :)\" \/>\n<meta property=\"og:url\" content=\"https:\/\/www.liselotte-andersen.net\/es\/proximamente-en-curso\/mi-colaboracion-con-las-galerias-promenarts\/\" \/>\n<meta property=\"og:site_name\" content=\"Liselotte Andersen\" \/>\n<meta property=\"article:published_time\" content=\"2026-03-13T14:54:52+00:00\" \/>\n<meta property=\"article:modified_time\" content=\"2026-03-13T15:09:55+00:00\" \/>\n<meta property=\"og:image\" content=\"https:\/\/www.liselotte-andersen.net\/wp-content\/uploads\/2026\/03\/IMG_0901-scaled.jpg\" \/>\n\t<meta property=\"og:image:width\" content=\"1920\" \/>\n\t<meta property=\"og:image:height\" content=\"2560\" \/>\n\t<meta property=\"og:image:type\" content=\"image\/jpeg\" \/>\n<meta name=\"author\" content=\"Liselotte\" \/>\n<meta name=\"twitter:card\" content=\"summary_large_image\" \/>\n<meta name=\"twitter:label1\" content=\"Escrito por\" \/>\n\t<meta name=\"twitter:data1\" content=\"Liselotte\" \/>\n\t<meta name=\"twitter:label2\" content=\"Tiempo de lectura\" \/>\n\t<meta name=\"twitter:data2\" content=\"1 minuto\" \/>\n<script type=\"application\/ld+json\" class=\"yoast-schema-graph\">{\"@context\":\"https:\\\/\\\/schema.org\",\"@graph\":[{\"@type\":\"Article\",\"@id\":\"https:\\\/\\\/www.liselotte-andersen.net\\\/en-cours-a-venir\\\/ma-collaboration-avec-les-galeries-promenarts\\\/#article\",\"isPartOf\":{\"@id\":\"https:\\\/\\\/www.liselotte-andersen.net\\\/en-cours-a-venir\\\/ma-collaboration-avec-les-galeries-promenarts\\\/\"},\"author\":{\"name\":\"Liselotte\",\"@id\":\"https:\\\/\\\/www.liselotte-andersen.net\\\/#\\\/schema\\\/person\\\/e6287e36a81c443bc328eaa434927efc\"},\"headline\":\"Ma collaboration avec les Galeries PromenArts\",\"datePublished\":\"2026-03-13T14:54:52+00:00\",\"dateModified\":\"2026-03-13T15:09:55+00:00\",\"mainEntityOfPage\":{\"@id\":\"https:\\\/\\\/www.liselotte-andersen.net\\\/en-cours-a-venir\\\/ma-collaboration-avec-les-galeries-promenarts\\\/\"},\"wordCount\":17,\"publisher\":{\"@id\":\"https:\\\/\\\/www.liselotte-andersen.net\\\/#\\\/schema\\\/person\\\/e6287e36a81c443bc328eaa434927efc\"},\"image\":{\"@id\":\"https:\\\/\\\/www.liselotte-andersen.net\\\/en-cours-a-venir\\\/ma-collaboration-avec-les-galeries-promenarts\\\/#primaryimage\"},\"thumbnailUrl\":\"https:\\\/\\\/www.liselotte-andersen.net\\\/wp-content\\\/uploads\\\/2026\\\/03\\\/IMG_0901-scaled.jpg\",\"articleSection\":[\"En cours \\\/ A venir\"],\"inLanguage\":\"es\"},{\"@type\":\"WebPage\",\"@id\":\"https:\\\/\\\/www.liselotte-andersen.net\\\/en-cours-a-venir\\\/ma-collaboration-avec-les-galeries-promenarts\\\/\",\"url\":\"https:\\\/\\\/www.liselotte-andersen.net\\\/en-cours-a-venir\\\/ma-collaboration-avec-les-galeries-promenarts\\\/\",\"name\":\"Ma collaboration avec les Galeries PromenArts - Liselotte Andersen Sculptures\",\"isPartOf\":{\"@id\":\"https:\\\/\\\/www.liselotte-andersen.net\\\/#website\"},\"primaryImageOfPage\":{\"@id\":\"https:\\\/\\\/www.liselotte-andersen.net\\\/en-cours-a-venir\\\/ma-collaboration-avec-les-galeries-promenarts\\\/#primaryimage\"},\"image\":{\"@id\":\"https:\\\/\\\/www.liselotte-andersen.net\\\/en-cours-a-venir\\\/ma-collaboration-avec-les-galeries-promenarts\\\/#primaryimage\"},\"thumbnailUrl\":\"https:\\\/\\\/www.liselotte-andersen.net\\\/wp-content\\\/uploads\\\/2026\\\/03\\\/IMG_0901-scaled.jpg\",\"datePublished\":\"2026-03-13T14:54:52+00:00\",\"dateModified\":\"2026-03-13T15:09:55+00:00\",\"description\":\"Nouvelle sc\u00e9nographie en place de mes sculptures en bronze depuis le 1er mars 2026 \u00e0 l'Isle sur la Sorgue. Une collaboration pr\u00e9cieuse :)\",\"breadcrumb\":{\"@id\":\"https:\\\/\\\/www.liselotte-andersen.net\\\/en-cours-a-venir\\\/ma-collaboration-avec-les-galeries-promenarts\\\/#breadcrumb\"},\"inLanguage\":\"es\",\"potentialAction\":[{\"@type\":\"ReadAction\",\"target\":[\"https:\\\/\\\/www.liselotte-andersen.net\\\/en-cours-a-venir\\\/ma-collaboration-avec-les-galeries-promenarts\\\/\"]}]},{\"@type\":\"ImageObject\",\"inLanguage\":\"es\",\"@id\":\"https:\\\/\\\/www.liselotte-andersen.net\\\/en-cours-a-venir\\\/ma-collaboration-avec-les-galeries-promenarts\\\/#primaryimage\",\"url\":\"https:\\\/\\\/www.liselotte-andersen.net\\\/wp-content\\\/uploads\\\/2026\\\/03\\\/IMG_0901-scaled.jpg\",\"contentUrl\":\"https:\\\/\\\/www.liselotte-andersen.net\\\/wp-content\\\/uploads\\\/2026\\\/03\\\/IMG_0901-scaled.jpg\",\"width\":1920,\"height\":2560},{\"@type\":\"BreadcrumbList\",\"@id\":\"https:\\\/\\\/www.liselotte-andersen.net\\\/en-cours-a-venir\\\/ma-collaboration-avec-les-galeries-promenarts\\\/#breadcrumb\",\"itemListElement\":[{\"@type\":\"ListItem\",\"position\":1,\"name\":\"Accueil\",\"item\":\"https:\\\/\\\/www.liselotte-andersen.net\\\/\"},{\"@type\":\"ListItem\",\"position\":2,\"name\":\"Ma collaboration avec les Galeries PromenArts\"}]},{\"@type\":\"WebSite\",\"@id\":\"https:\\\/\\\/www.liselotte-andersen.net\\\/#website\",\"url\":\"https:\\\/\\\/www.liselotte-andersen.net\\\/\",\"name\":\"Liselotte Andersen\",\"description\":\"Sculptrice\",\"publisher\":{\"@id\":\"https:\\\/\\\/www.liselotte-andersen.net\\\/#\\\/schema\\\/person\\\/e6287e36a81c443bc328eaa434927efc\"},\"potentialAction\":[{\"@type\":\"SearchAction\",\"target\":{\"@type\":\"EntryPoint\",\"urlTemplate\":\"https:\\\/\\\/www.liselotte-andersen.net\\\/?s={search_term_string}\"},\"query-input\":{\"@type\":\"PropertyValueSpecification\",\"valueRequired\":true,\"valueName\":\"search_term_string\"}}],\"inLanguage\":\"es\"},{\"@type\":[\"Person\",\"Organization\"],\"@id\":\"https:\\\/\\\/www.liselotte-andersen.net\\\/#\\\/schema\\\/person\\\/e6287e36a81c443bc328eaa434927efc\",\"name\":\"Liselotte\",\"image\":{\"@type\":\"ImageObject\",\"inLanguage\":\"es\",\"@id\":\"https:\\\/\\\/www.liselotte-andersen.net\\\/wp-content\\\/uploads\\\/2025\\\/07\\\/Logo-bronze-LA-BR-e1751834958356.png\",\"url\":\"https:\\\/\\\/www.liselotte-andersen.net\\\/wp-content\\\/uploads\\\/2025\\\/07\\\/Logo-bronze-LA-BR-e1751834958356.png\",\"contentUrl\":\"https:\\\/\\\/www.liselotte-andersen.net\\\/wp-content\\\/uploads\\\/2025\\\/07\\\/Logo-bronze-LA-BR-e1751834958356.png\",\"width\":754,\"height\":744,\"caption\":\"Liselotte\"},\"logo\":{\"@id\":\"https:\\\/\\\/www.liselotte-andersen.net\\\/wp-content\\\/uploads\\\/2025\\\/07\\\/Logo-bronze-LA-BR-e1751834958356.png\"},\"sameAs\":[\"http:\\\/\\\/www.liselotte-andersen.net\"]}]}<\/script>\n<!-- \/ Yoast SEO plugin. -->","yoast_head_json":{"title":"Mi colaboraci\u00f3n con Galeries PromenArts - Liselotte Andersen Sculptures","description":"Nueva escenograf\u00eda de mis esculturas de bronce desde el 1 de marzo de 2026 en l'Isle sur la Sorgue. Una preciosa colaboraci\u00f3n :)","robots":{"index":"index","follow":"follow","max-snippet":"max-snippet:-1","max-image-preview":"max-image-preview:large","max-video-preview":"max-video-preview:-1"},"canonical":"https:\/\/www.liselotte-andersen.net\/es\/proximamente-en-curso\/mi-colaboracion-con-las-galerias-promenarts\/","og_locale":"es_ES","og_type":"article","og_title":"Ma collaboration avec les Galeries PromenArts - Liselotte Andersen Sculptures","og_description":"Nouvelle sc\u00e9nographie en place de mes sculptures en bronze depuis le 1er mars 2026 \u00e0 l'Isle sur la Sorgue. Une collaboration pr\u00e9cieuse :)","og_url":"https:\/\/www.liselotte-andersen.net\/es\/proximamente-en-curso\/mi-colaboracion-con-las-galerias-promenarts\/","og_site_name":"Liselotte Andersen","article_published_time":"2026-03-13T14:54:52+00:00","article_modified_time":"2026-03-13T15:09:55+00:00","og_image":[{"width":1920,"height":2560,"url":"https:\/\/www.liselotte-andersen.net\/wp-content\/uploads\/2026\/03\/IMG_0901-scaled.jpg","type":"image\/jpeg"}],"author":"Liselotte","twitter_card":"summary_large_image","twitter_misc":{"Escrito por":"Liselotte","Tiempo de lectura":"1 minuto"},"schema":{"@context":"https:\/\/schema.org","@graph":[{"@type":"Article","@id":"https:\/\/www.liselotte-andersen.net\/en-cours-a-venir\/ma-collaboration-avec-les-galeries-promenarts\/#article","isPartOf":{"@id":"https:\/\/www.liselotte-andersen.net\/en-cours-a-venir\/ma-collaboration-avec-les-galeries-promenarts\/"},"author":{"name":"Liselotte","@id":"https:\/\/www.liselotte-andersen.net\/#\/schema\/person\/e6287e36a81c443bc328eaa434927efc"},"headline":"Ma collaboration avec les Galeries PromenArts","datePublished":"2026-03-13T14:54:52+00:00","dateModified":"2026-03-13T15:09:55+00:00","mainEntityOfPage":{"@id":"https:\/\/www.liselotte-andersen.net\/en-cours-a-venir\/ma-collaboration-avec-les-galeries-promenarts\/"},"wordCount":17,"publisher":{"@id":"https:\/\/www.liselotte-andersen.net\/#\/schema\/person\/e6287e36a81c443bc328eaa434927efc"},"image":{"@id":"https:\/\/www.liselotte-andersen.net\/en-cours-a-venir\/ma-collaboration-avec-les-galeries-promenarts\/#primaryimage"},"thumbnailUrl":"https:\/\/www.liselotte-andersen.net\/wp-content\/uploads\/2026\/03\/IMG_0901-scaled.jpg","articleSection":["En cours \/ A venir"],"inLanguage":"es"},{"@type":"WebPage","@id":"https:\/\/www.liselotte-andersen.net\/en-cours-a-venir\/ma-collaboration-avec-les-galeries-promenarts\/","url":"https:\/\/www.liselotte-andersen.net\/en-cours-a-venir\/ma-collaboration-avec-les-galeries-promenarts\/","name":"Mi colaboraci\u00f3n con Galeries PromenArts - Liselotte Andersen Sculptures","isPartOf":{"@id":"https:\/\/www.liselotte-andersen.net\/#website"},"primaryImageOfPage":{"@id":"https:\/\/www.liselotte-andersen.net\/en-cours-a-venir\/ma-collaboration-avec-les-galeries-promenarts\/#primaryimage"},"image":{"@id":"https:\/\/www.liselotte-andersen.net\/en-cours-a-venir\/ma-collaboration-avec-les-galeries-promenarts\/#primaryimage"},"thumbnailUrl":"https:\/\/www.liselotte-andersen.net\/wp-content\/uploads\/2026\/03\/IMG_0901-scaled.jpg","datePublished":"2026-03-13T14:54:52+00:00","dateModified":"2026-03-13T15:09:55+00:00","description":"Nueva escenograf\u00eda de mis esculturas de bronce desde el 1 de marzo de 2026 en l'Isle sur la Sorgue. Una preciosa colaboraci\u00f3n :)","breadcrumb":{"@id":"https:\/\/www.liselotte-andersen.net\/en-cours-a-venir\/ma-collaboration-avec-les-galeries-promenarts\/#breadcrumb"},"inLanguage":"es","potentialAction":[{"@type":"ReadAction","target":["https:\/\/www.liselotte-andersen.net\/en-cours-a-venir\/ma-collaboration-avec-les-galeries-promenarts\/"]}]},{"@type":"ImageObject","inLanguage":"es","@id":"https:\/\/www.liselotte-andersen.net\/en-cours-a-venir\/ma-collaboration-avec-les-galeries-promenarts\/#primaryimage","url":"https:\/\/www.liselotte-andersen.net\/wp-content\/uploads\/2026\/03\/IMG_0901-scaled.jpg","contentUrl":"https:\/\/www.liselotte-andersen.net\/wp-content\/uploads\/2026\/03\/IMG_0901-scaled.jpg","width":1920,"height":2560},{"@type":"BreadcrumbList","@id":"https:\/\/www.liselotte-andersen.net\/en-cours-a-venir\/ma-collaboration-avec-les-galeries-promenarts\/#breadcrumb","itemListElement":[{"@type":"ListItem","position":1,"name":"Accueil","item":"https:\/\/www.liselotte-andersen.net\/"},{"@type":"ListItem","position":2,"name":"Ma collaboration avec les Galeries PromenArts"}]},{"@type":"WebSite","@id":"https:\/\/www.liselotte-andersen.net\/#website","url":"https:\/\/www.liselotte-andersen.net\/","name":"Liselotte Andersen","description":"Escultor","publisher":{"@id":"https:\/\/www.liselotte-andersen.net\/#\/schema\/person\/e6287e36a81c443bc328eaa434927efc"},"potentialAction":[{"@type":"SearchAction","target":{"@type":"EntryPoint","urlTemplate":"https:\/\/www.liselotte-andersen.net\/?s={search_term_string}"},"query-input":{"@type":"PropertyValueSpecification","valueRequired":true,"valueName":"search_term_string"}}],"inLanguage":"es"},{"@type":["Person","Organization"],"@id":"https:\/\/www.liselotte-andersen.net\/#\/schema\/person\/e6287e36a81c443bc328eaa434927efc","name":"Liselotte","image":{"@type":"ImageObject","inLanguage":"es","@id":"https:\/\/www.liselotte-andersen.net\/wp-content\/uploads\/2025\/07\/Logo-bronze-LA-BR-e1751834958356.png","url":"https:\/\/www.liselotte-andersen.net\/wp-content\/uploads\/2025\/07\/Logo-bronze-LA-BR-e1751834958356.png","contentUrl":"https:\/\/www.liselotte-andersen.net\/wp-content\/uploads\/2025\/07\/Logo-bronze-LA-BR-e1751834958356.png","width":754,"height":744,"caption":"Liselotte"},"logo":{"@id":"https:\/\/www.liselotte-andersen.net\/wp-content\/uploads\/2025\/07\/Logo-bronze-LA-BR-e1751834958356.png"},"sameAs":["http:\/\/www.liselotte-andersen.net"]}]}},"_links":{"self":[{"href":"http:\/\/www.liselotte-andersen.net\/es\/wp-json\/wp\/v2\/posts\/67564","targetHints":{"allow":["GET"]}}],"collection":[{"href":"http:\/\/www.liselotte-andersen.net\/es\/wp-json\/wp\/v2\/posts"}],"about":[{"href":"http:\/\/www.liselotte-andersen.net\/es\/wp-json\/wp\/v2\/types\/post"}],"author":[{"embeddable":true,"href":"http:\/\/www.liselotte-andersen.net\/es\/wp-json\/wp\/v2\/users\/3"}],"replies":[{"embeddable":true,"href":"http:\/\/www.liselotte-andersen.net\/es\/wp-json\/wp\/v2\/comments?post=67564"}],"version-history":[{"count":3,"href":"http:\/\/www.liselotte-andersen.net\/es\/wp-json\/wp\/v2\/posts\/67564\/revisions"}],"predecessor-version":[{"id":67571,"href":"http:\/\/www.liselotte-andersen.net\/es\/wp-json\/wp\/v2\/posts\/67564\/revisions\/67571"}],"wp:featuredmedia":[{"embeddable":true,"href":"http:\/\/www.liselotte-andersen.net\/es\/wp-json\/wp\/v2\/media\/67565"}],"wp:attachment":[{"href":"http:\/\/www.liselotte-andersen.net\/es\/wp-json\/wp\/v2\/media?parent=67564"}],"wp:term":[{"taxonomy":"category","embeddable":true,"href":"http:\/\/www.liselotte-andersen.net\/es\/wp-json\/wp\/v2\/categories?post=67564"},{"taxonomy":"post_tag","embeddable":true,"href":"http:\/\/www.liselotte-andersen.net\/es\/wp-json\/wp\/v2\/tags?post=67564"}],"curies":[{"name":"wp","href":"https:\/\/api.w.org\/{rel}","templated":true}]}}